{"id":13729,"date":"2020-10-15T08:19:39","date_gmt":"2020-10-15T06:19:39","guid":{"rendered":"http:\/\/smwroclaw.pl\/?p=13729"},"modified":"2020-10-15T08:27:35","modified_gmt":"2020-10-15T06:27:35","slug":"godziny-dla-seniorow-od-poniedzialku-do-piatku-w-godzinach-od-1000-do-12-00-w-sklepie-oraz-na-poczcie-moga-przebywac-wylacznie-osoby-powyzej-60-roku-zycia","status":"publish","type":"post","link":"https:\/\/smwroclaw.pl\/?p=13729","title":{"rendered":"GODZINY DLA SENIOR\u00d3W &#8211; od poniedzia\u0142ku do pi\u0105tku w godzinach od 10:00 do 12.00 w sklepie oraz na poczcie mog\u0105 przebywa\u0107 wy\u0142\u0105cznie osoby powy\u017cej 60 roku \u017cycia"},"content":{"rendered":"<p style=\"text-align: justify;\"><strong><span style=\"font-family: georgia, palatino, serif; font-size: 12pt;\">ROZPORZ\u0104DZENIE RADY MINISTR\u00d3W z dnia 14 pa\u017adziernika 2020 r. zmieniaj\u0105ce rozporz\u0105dzenie w sprawie ustanowienia okre\u015blonych ogranicze\u0144, nakaz\u00f3w i zakaz\u00f3w w zwi\u0105zku z wyst\u0105pieniem stanu epidemii<\/span><\/strong><\/p>\n<p style=\"text-align: justify;\"><span style=\"font-family: georgia, palatino, serif; font-size: 12pt;\"><strong>tekst \u017ar\u00f3d\u0142owy<\/strong>: <strong>\u00a0<a href=\"https:\/\/dziennikustaw.gov.pl\/D2020000179701.pdf\">https:\/\/dziennikustaw.gov.pl\/D2020000179701.pdf<\/a><\/strong><\/span><\/p>\n<p>&nbsp;<\/p>\n<p>&nbsp;<\/p>\n<p style=\"text-align: justify;\"><span style=\"font-family: georgia, palatino, serif; font-size: 12pt;\">Na podstawie art.46a i art.46b pkt 1\u20136 i 8\u201312 ustawy z dnia 5 grudnia 2008 r. o zapobieganiu oraz zwalczaniu zaka\u017ce\u0144 i chor\u00f3b zaka\u017anych u ludzi (Dz.U. z 2019 r. poz.1239, z p\u00f3\u017an. zm.1) zarz\u0105dza si\u0119, co nast\u0119puje:<\/span><\/p>\n<p style=\"text-align: justify;\"><span style=\"font-family: georgia, palatino, serif; font-size: 12pt;\">\u00a71.W rozporz\u0105dzeniu Rady Ministr\u00f3w z dnia 9 pa\u017adziernika 2020 r. w sprawie ustanowienia okre\u015blonych ogranicze\u0144, nakaz\u00f3w i zakaz\u00f3w w zwi\u0105zku z wyst\u0105pieniem stanu epidemii (Dz.U. poz.1758) po \u00a77 dodaje si\u0119 \u00a77a w brzmieniu:<\/span><\/p>\n<p style=\"text-align: justify;\"><span style=\"font-family: georgia, palatino, serif; font-size: 12pt;\">\u201e\u00a77a.1. <strong>Do odwo\u0142ania obiekty handlowe lub us\u0142ugowe,<\/strong> o kt\u00f3rych mowa w \u00a77 ust.1pk t1, oraz <strong>plac\u00f3wki handlowe<\/strong> w rozumieniu art.3 pkt 1 ustawy z dnia 10 stycznia 2018 r. o ograniczeniu handlu w niedziele i \u015bwi\u0119ta oraz w niekt\u00f3re inne dni, kt\u00f3rych przewa\u017caj\u0105ca dzia\u0142alno\u015b\u0107 polega na:<\/span><\/p>\n<p style=\"text-align: justify;\"><span style=\"font-family: georgia, palatino, serif; font-size: 12pt;\">1)<strong>sprzeda\u017cy:<\/strong><\/span><\/p>\n<p style=\"text-align: justify;\"><span style=\"font-family: georgia, palatino, serif; font-size: 12pt;\">a)<strong>\u017cywno\u015bci<\/strong> w rozumieniu art.3 ust.1 ustawy z dnia 25 sierpnia 2006 r. o bezpiecze\u0144stwie \u017cywno\u015bci i \u017cywienia (Dz.U. z 2019 r. poz.1252 oraz z 2020 r. poz.284, 285 i 1493),<\/span><\/p>\n<p style=\"text-align: justify;\"><span style=\"font-family: georgia, palatino, serif; font-size: 12pt;\">b)<strong>produkt\u00f3w kosmetycznych<\/strong> w rozumieniu art.2 pkt 9 ustawy z dnia 4 pa\u017adziernika 2018 r. o produktach kosmetycznych (Dz.U. poz.2227) innych ni\u017c przeznaczone do perfumowania lub upi\u0119kszania,<\/span><\/p>\n<p style=\"text-align: justify;\"><span style=\"font-family: georgia, palatino, serif; font-size: 12pt;\">c)<strong>artyku\u0142\u00f3w toaletowych,<\/strong><\/span><\/p>\n<p style=\"text-align: justify;\"><span style=\"font-family: georgia, palatino, serif; font-size: 12pt;\">d)<strong>\u015brodk\u00f3w czysto\u015bci,<\/strong><\/span><\/p>\n<p style=\"text-align: justify;\"><span style=\"font-family: georgia, palatino, serif; font-size: 12pt;\">e)<strong>produkt\u00f3w leczniczych<\/strong> w rozumieniu art.2 pkt 32 ustawy z dnia 6 wrze\u015bnia 2001 r. \u2013Prawo farmaceutyczne (Dz.U. z 2020 r. poz.944 i 1493), w tym przez apteki lub punkty apteczne,<\/span><\/p>\n<p style=\"text-align: justify;\"><span style=\"font-family: georgia, palatino, serif; font-size: 12pt;\">f)<strong>wyrob\u00f3w medycznych<\/strong> w rozumieniu art.2 ust.1 pkt 38 ustawy z dnia 20 maja 2010 r. o wyrobach medycznych (Dz.U. z 2020 r. poz.186 i 1493),<\/span><\/p>\n<p style=\"text-align: justify;\"><span style=\"font-family: georgia, palatino, serif; font-size: 12pt;\">g)<strong>\u015brodk\u00f3w spo\u017cywczych specjalnego przeznaczenia \u017cywieniowego<\/strong> w rozumieniu art.3 ust.3 pkt43 ustawy z dnia 25 sierpnia 2006r. o bezpiecze\u0144stwie \u017cywno\u015bci i \u017cywienia,<\/span><\/p>\n<p style=\"text-align: justify;\"><span style=\"font-family: georgia, palatino, serif; font-size: 12pt;\">2)<strong>\u015bwiadczeniu us\u0142ug pocztowych <\/strong>\u2013 od poniedzia\u0142ku do pi\u0105tku w godzinach 10.00\u201312.00 obs\u0142uguj\u0105 wy\u0142\u0105cznie osoby powy\u017cej 60. roku \u017cycia.<\/span><\/p>\n<p style=\"text-align: justify;\"><span style=\"font-family: georgia, palatino, serif; font-size: 12pt;\">2.Na terenie obiektu albo plac\u00f3wki okre\u015blonej w ust.1 informuje si\u0119, w spos\u00f3b w niej przyj\u0119ty, o godzinach obs\u0142ugiwania os\u00f3b powy\u017cej 60. roku \u017cycia.<\/span><\/p>\n<p style=\"text-align: justify;\"><span style=\"font-family: georgia, palatino, serif; font-size: 12pt;\">3.Przepisu ust.1 nie stosuje si\u0119 w przypadku, gdy wydanie produktu leczniczego, wyrobu medycznego albo \u015brodka spo\u017cywczego specjalnego przeznaczenia \u017cywieniowego nast\u0119puje w sytuacji zagro\u017cenia \u017cycia lub zdrowia.\u201d.<\/span><\/p>\n<p style=\"text-align: justify;\"><span style=\"font-family: georgia, palatino, serif; font-size: 12pt;\">\u00a72.<strong>Rozporz\u0105dzenie w chodzi w\u017cycie z dniem 15 pa\u017adziernika 2020 r.<\/strong><\/span><\/p>\n<p>&nbsp;<\/p>\n","protected":false},"excerpt":{"rendered":"<p>ROZPORZ\u0104DZENIE RADY MINISTR\u00d3W z dnia 14 pa\u017adziernika 2020 r. zmieniaj\u0105ce rozporz\u0105dzenie w sprawie ustanowienia okre\u015blonych ogranicze\u0144, nakaz\u00f3w i zakaz\u00f3w w zwi\u0105zku z wyst\u0105pieniem stanu epidemii tekst \u017ar\u00f3d\u0142owy: \u00a0https:\/\/dziennikustaw.gov.pl\/D2020000179701.pdf &nbsp; &nbsp; Na podstawie art.46a i art.46b pkt 1\u20136 i 8\u201312 ustawy z dnia 5 grudnia 2008 r. o zapobieganiu oraz zwalczaniu zaka\u017ce\u0144 i chor\u00f3b zaka\u017anych u [&hellip;]<\/p>\n","protected":false},"author":4,"featured_media":13586,"comment_status":"closed","ping_status":"closed","sticky":false,"template":"","format":"standard","meta":{"footnotes":""},"categories":[16],"tags":[],"class_list":["post-13729","post","type-post","status-publish","format-standard","has-post-thumbnail","hentry","category-aktual"],"_links":{"self":[{"href":"https:\/\/smwroclaw.pl\/index.php?rest_route=\/wp\/v2\/posts\/13729","targetHints":{"allow":["GET"]}}],"collection":[{"href":"https:\/\/smwroclaw.pl\/index.php?rest_route=\/wp\/v2\/posts"}],"about":[{"href":"https:\/\/smwroclaw.pl\/index.php?rest_route=\/wp\/v2\/types\/post"}],"author":[{"embeddable":true,"href":"https:\/\/smwroclaw.pl\/index.php?rest_route=\/wp\/v2\/users\/4"}],"replies":[{"embeddable":true,"href":"https:\/\/smwroclaw.pl\/index.php?rest_route=%2Fwp%2Fv2%2Fcomments&post=13729"}],"version-history":[{"count":11,"href":"https:\/\/smwroclaw.pl\/index.php?rest_route=\/wp\/v2\/posts\/13729\/revisions"}],"predecessor-version":[{"id":13740,"href":"https:\/\/smwroclaw.pl\/index.php?rest_route=\/wp\/v2\/posts\/13729\/revisions\/13740"}],"wp:featuredmedia":[{"embeddable":true,"href":"https:\/\/smwroclaw.pl\/index.php?rest_route=\/wp\/v2\/media\/13586"}],"wp:attachment":[{"href":"https:\/\/smwroclaw.pl\/index.php?rest_route=%2Fwp%2Fv2%2Fmedia&parent=13729"}],"wp:term":[{"taxonomy":"category","embeddable":true,"href":"https:\/\/smwroclaw.pl\/index.php?rest_route=%2Fwp%2Fv2%2Fcategories&post=13729"},{"taxonomy":"post_tag","embeddable":true,"href":"https:\/\/smwroclaw.pl\/index.php?rest_route=%2Fwp%2Fv2%2Ftags&post=13729"}],"curies":[{"name":"wp","href":"https:\/\/api.w.org\/{rel}","templated":true}]}}