{"id":13772,"date":"2020-10-21T13:20:57","date_gmt":"2020-10-21T11:20:57","guid":{"rendered":"http:\/\/smwroclaw.pl\/?p=13772"},"modified":"2020-10-21T13:20:57","modified_gmt":"2020-10-21T11:20:57","slug":"wszystkich-swietych-2020-we-wroclawiu-straznicy-rozpoczeli-dzialania-przy-cmentarzach-zdjecia","status":"publish","type":"post","link":"https:\/\/smwroclaw.pl\/?p=13772","title":{"rendered":"Wszystkich \u015awi\u0119tych 2020 we Wroc\u0142awiu  &#8211;  stra\u017cnicy rozpocz\u0119li dzia\u0142ania przy cmentarzach (zdj\u0119cia)"},"content":{"rendered":"<p><span style=\"font-family: georgia, palatino, serif; font-size: 12pt;\">Prze\u0142om pa\u017adziernika i listopada to czas, kiedy odwiedzamy groby rodzinne i znajomych, zapalamy znicze, przynosimy kwiaty. Jak dojecha\u0107 komunikacj\u0105 miejsk\u0105 na cmentarz Osobowicki czy Grabiszy\u0144ski, gdzie zaparkowa\u0107, jak znale\u017a\u0107 gr\u00f3b w wyszukiwarce mogi\u0142 \u2013 to wszystko w przewodniku. <br \/>\n<\/span><\/p>\n<p>&nbsp;<\/p>\n<p>&nbsp;<\/p>\n<p><span style=\"font-family: georgia, palatino, serif; font-size: 12pt;\"><strong>czytaj wi\u0119cej na stronie www.wroclaw.pl<\/strong><\/span>\u00a0 <span style=\"font-family: georgia, palatino, serif; font-size: 12pt;\"><a href=\"https:\/\/www.wroclaw.pl\/portal\/wszystkich-swietych-wroclaw\">https:\/\/www.wroclaw.pl\/portal\/wszystkich-swietych-wroclaw<\/a><\/span><\/p>\n<p style=\"text-align: justify;\"><span style=\"font-family: georgia, palatino, serif; font-size: 12pt;\">W tym roku Stra\u017c Miejska Wroc\u0142awia rozpocz\u0119\u0142a dzia\u0142ania pod wroc\u0142awskimi cmentarzami z wyprzedzeniem\u00a0 &#8211; ju\u017c od 20 pa\u017adziernika patrole prowadz\u0105 dzia\u0142ania kontrolne, sprawdzaj\u0105c prawid\u0142owo\u015b\u0107 oznakowania drogowego, o\u015bwietlenie uliczne , przej\u015bcia dla pieszych. a tak\u017ce ilo\u015b\u0107 os\u00f3b udaj\u0105cych si\u0119 na groby.<\/span><\/p>\n<p style=\"text-align: justify;\"><span style=\"font-family: georgia, palatino, serif; font-size: 12pt;\">Pierwszego Listopada stra\u017cnicy jak co roku b\u0119d\u0105 uczestniczy\u0107 w Akcji Znicz, wsp\u00f3\u0142dzia\u0142aj\u0105c w tym zakresie z Policj\u0105, Nadzorem Ruchu MPK i innymi s\u0142u\u017cbami.<\/span><\/p>\n<p style=\"text-align: justify;\"><span style=\"font-family: georgia, palatino, serif; font-size: 12pt;\">Priorytetem b\u0119dzie zapewnienie bezpiecze\u0144stwa os\u00f3b zar\u00f3wno pod katem zagro\u017ce\u0144 komunikacyjnych jak i zwi\u0105zanych z epidemi\u0105. B\u0119dziemy zwraca\u0107 uwag\u0119 na przestrzeganie obowi\u0105zuj\u0105cych nakaz\u00f3w i ogranicze\u0144 \u2013 zw\u0142aszcza dotycz\u0105cych konieczno\u015bci zas\u0142aniania nosa i ust, \u00a0a tak\u017ce utrzymywania dystansu spo\u0142ecznego \u2013 osoby nieprzestrzegaj\u0105ce obowi\u0105zuj\u0105cych przepis\u00f3w musz\u0105 liczy\u0107 si\u0119 z powa\u017cnymi sankcjami karnymi.<\/span><\/p>\n<p><!--more--><\/p>\n<p>&nbsp;<\/p>\n<p><img fetchpriority=\"high\" decoding=\"async\" class=\" wp-image-13775 aligncenter\" src=\"https:\/\/smwroclaw.pl\/wp-content\/uploads\/2020\/10\/121674463_631576664182911_992134280957648219_n.jpg\" alt=\"\" width=\"594\" height=\"446\" srcset=\"https:\/\/smwroclaw.pl\/wp-content\/uploads\/2020\/10\/121674463_631576664182911_992134280957648219_n.jpg 1734w, https:\/\/smwroclaw.pl\/wp-content\/uploads\/2020\/10\/121674463_631576664182911_992134280957648219_n-300x225.jpg 300w, https:\/\/smwroclaw.pl\/wp-content\/uploads\/2020\/10\/121674463_631576664182911_992134280957648219_n-768x577.jpg 768w, https:\/\/smwroclaw.pl\/wp-content\/uploads\/2020\/10\/121674463_631576664182911_992134280957648219_n-1536x1153.jpg 1536w\" sizes=\"(max-width: 594px) 100vw, 594px\" \/><\/p>\n<p><img decoding=\"async\" class=\" wp-image-13776 aligncenter\" src=\"https:\/\/smwroclaw.pl\/wp-content\/uploads\/2020\/10\/121679025_408391597227790_985354901045658420_n.jpg\" alt=\"\" width=\"603\" height=\"453\" srcset=\"https:\/\/smwroclaw.pl\/wp-content\/uploads\/2020\/10\/121679025_408391597227790_985354901045658420_n.jpg 1734w, https:\/\/smwroclaw.pl\/wp-content\/uploads\/2020\/10\/121679025_408391597227790_985354901045658420_n-300x225.jpg 300w, https:\/\/smwroclaw.pl\/wp-content\/uploads\/2020\/10\/121679025_408391597227790_985354901045658420_n-768x577.jpg 768w, https:\/\/smwroclaw.pl\/wp-content\/uploads\/2020\/10\/121679025_408391597227790_985354901045658420_n-1536x1153.jpg 1536w\" sizes=\"(max-width: 603px) 100vw, 603px\" \/><\/p>\n<p><img decoding=\"async\" class=\" wp-image-13777 aligncenter\" src=\"https:\/\/smwroclaw.pl\/wp-content\/uploads\/2020\/10\/121728506_835173610618122_8392866385649070148_n.jpg\" alt=\"\" width=\"608\" height=\"457\" srcset=\"https:\/\/smwroclaw.pl\/wp-content\/uploads\/2020\/10\/121728506_835173610618122_8392866385649070148_n.jpg 1734w, https:\/\/smwroclaw.pl\/wp-content\/uploads\/2020\/10\/121728506_835173610618122_8392866385649070148_n-300x225.jpg 300w, https:\/\/smwroclaw.pl\/wp-content\/uploads\/2020\/10\/121728506_835173610618122_8392866385649070148_n-768x577.jpg 768w, https:\/\/smwroclaw.pl\/wp-content\/uploads\/2020\/10\/121728506_835173610618122_8392866385649070148_n-1536x1153.jpg 1536w\" sizes=\"(max-width: 608px) 100vw, 608px\" \/><\/p>\n<p><img loading=\"lazy\" decoding=\"async\" class=\" wp-image-13778 aligncenter\" src=\"https:\/\/smwroclaw.pl\/wp-content\/uploads\/2020\/10\/121965920_1601529960027631_8331188351010443717_n.jpg\" alt=\"\" width=\"615\" height=\"462\" srcset=\"https:\/\/smwroclaw.pl\/wp-content\/uploads\/2020\/10\/121965920_1601529960027631_8331188351010443717_n.jpg 1734w, https:\/\/smwroclaw.pl\/wp-content\/uploads\/2020\/10\/121965920_1601529960027631_8331188351010443717_n-300x225.jpg 300w, https:\/\/smwroclaw.pl\/wp-content\/uploads\/2020\/10\/121965920_1601529960027631_8331188351010443717_n-768x577.jpg 768w, https:\/\/smwroclaw.pl\/wp-content\/uploads\/2020\/10\/121965920_1601529960027631_8331188351010443717_n-1536x1153.jpg 1536w\" sizes=\"(max-width: 615px) 100vw, 615px\" \/><\/p>\n<p><img loading=\"lazy\" decoding=\"async\" class=\" wp-image-13779 aligncenter\" src=\"https:\/\/smwroclaw.pl\/wp-content\/uploads\/2020\/10\/121986087_762374764609302_6854337390386839299_n.jpg\" alt=\"\" width=\"626\" height=\"470\" srcset=\"https:\/\/smwroclaw.pl\/wp-content\/uploads\/2020\/10\/121986087_762374764609302_6854337390386839299_n.jpg 1734w, https:\/\/smwroclaw.pl\/wp-content\/uploads\/2020\/10\/121986087_762374764609302_6854337390386839299_n-300x225.jpg 300w, https:\/\/smwroclaw.pl\/wp-content\/uploads\/2020\/10\/121986087_762374764609302_6854337390386839299_n-768x577.jpg 768w, https:\/\/smwroclaw.pl\/wp-content\/uploads\/2020\/10\/121986087_762374764609302_6854337390386839299_n-1536x1153.jpg 1536w\" sizes=\"(max-width: 626px) 100vw, 626px\" \/><\/p>\n<p><img loading=\"lazy\" decoding=\"async\" class=\" wp-image-13780 aligncenter\" src=\"https:\/\/smwroclaw.pl\/wp-content\/uploads\/2020\/10\/cment-1.jpg\" alt=\"\" width=\"388\" height=\"423\" srcset=\"https:\/\/smwroclaw.pl\/wp-content\/uploads\/2020\/10\/cment-1.jpg 328w, https:\/\/smwroclaw.pl\/wp-content\/uploads\/2020\/10\/cment-1-275x300.jpg 275w\" sizes=\"(max-width: 388px) 100vw, 388px\" \/><\/p>\n<p><img loading=\"lazy\" decoding=\"async\" class=\" wp-image-13781 aligncenter\" src=\"https:\/\/smwroclaw.pl\/wp-content\/uploads\/2020\/10\/cment-2.jpg\" alt=\"\" width=\"395\" height=\"393\" srcset=\"https:\/\/smwroclaw.pl\/wp-content\/uploads\/2020\/10\/cment-2.jpg 338w, https:\/\/smwroclaw.pl\/wp-content\/uploads\/2020\/10\/cment-2-300x298.jpg 300w\" sizes=\"(max-width: 395px) 100vw, 395px\" \/><\/p>\n<p>wf<\/p>\n","protected":false},"excerpt":{"rendered":"<p>Prze\u0142om pa\u017adziernika i listopada to czas, kiedy odwiedzamy groby rodzinne i znajomych, zapalamy znicze, przynosimy kwiaty. Jak dojecha\u0107 komunikacj\u0105 miejsk\u0105 na cmentarz Osobowicki czy Grabiszy\u0144ski, gdzie zaparkowa\u0107, jak znale\u017a\u0107 gr\u00f3b w wyszukiwarce mogi\u0142 \u2013 to wszystko w przewodniku. &nbsp; &nbsp; czytaj wi\u0119cej na stronie www.wroclaw.pl\u00a0 https:\/\/www.wroclaw.pl\/portal\/wszystkich-swietych-wroclaw W tym roku Stra\u017c Miejska Wroc\u0142awia rozpocz\u0119\u0142a dzia\u0142ania pod [&hellip;]<\/p>\n","protected":false},"author":4,"featured_media":13781,"comment_status":"closed","ping_status":"closed","sticky":false,"template":"","format":"standard","meta":{"footnotes":""},"categories":[16],"tags":[],"class_list":["post-13772","post","type-post","status-publish","format-standard","has-post-thumbnail","hentry","category-aktual"],"_links":{"self":[{"href":"https:\/\/smwroclaw.pl\/index.php?rest_route=\/wp\/v2\/posts\/13772","targetHints":{"allow":["GET"]}}],"collection":[{"href":"https:\/\/smwroclaw.pl\/index.php?rest_route=\/wp\/v2\/posts"}],"about":[{"href":"https:\/\/smwroclaw.pl\/index.php?rest_route=\/wp\/v2\/types\/post"}],"author":[{"embeddable":true,"href":"https:\/\/smwroclaw.pl\/index.php?rest_route=\/wp\/v2\/users\/4"}],"replies":[{"embeddable":true,"href":"https:\/\/smwroclaw.pl\/index.php?rest_route=%2Fwp%2Fv2%2Fcomments&post=13772"}],"version-history":[{"count":5,"href":"https:\/\/smwroclaw.pl\/index.php?rest_route=\/wp\/v2\/posts\/13772\/revisions"}],"predecessor-version":[{"id":13784,"href":"https:\/\/smwroclaw.pl\/index.php?rest_route=\/wp\/v2\/posts\/13772\/revisions\/13784"}],"wp:featuredmedia":[{"embeddable":true,"href":"https:\/\/smwroclaw.pl\/index.php?rest_route=\/wp\/v2\/media\/13781"}],"wp:attachment":[{"href":"https:\/\/smwroclaw.pl\/index.php?rest_route=%2Fwp%2Fv2%2Fmedia&parent=13772"}],"wp:term":[{"taxonomy":"category","embeddable":true,"href":"https:\/\/smwroclaw.pl\/index.php?rest_route=%2Fwp%2Fv2%2Fcategories&post=13772"},{"taxonomy":"post_tag","embeddable":true,"href":"https:\/\/smwroclaw.pl\/index.php?rest_route=%2Fwp%2Fv2%2Ftags&post=13772"}],"curies":[{"name":"wp","href":"https:\/\/api.w.org\/{rel}","templated":true}]}}