{"id":13787,"date":"2020-10-23T12:09:57","date_gmt":"2020-10-23T10:09:57","guid":{"rendered":"http:\/\/smwroclaw.pl\/?p=13787"},"modified":"2020-10-23T12:17:35","modified_gmt":"2020-10-23T10:17:35","slug":"cala-polska-w-strefie-czerwonej-kolejne-zasady-bezpieczenstwa","status":"publish","type":"post","link":"https:\/\/smwroclaw.pl\/?p=13787","title":{"rendered":"CA\u0141A POLSKA W STREFIE CZERWONEJ &#8211;  kolejne zasady bezpiecze\u0144stwa"},"content":{"rendered":"<h3 style=\"text-align: justify;\"><span style=\"font-family: georgia, palatino, serif; font-size: 12pt;\"><strong>Nowe zasady bezpiecze\u0144stwa w ca\u0142ym kraju<\/strong><\/span><\/h3>\n<p style=\"text-align: justify;\"><strong><span style=\"font-family: georgia, palatino, serif; font-size: 12pt;\">Od 24 pa\u017adziernika obostrzenia dotycz\u0105ce strefy czerwonej b\u0119d\u0105 obowi\u0105zywa\u0107 w ca\u0142ej Polsce. Dodatkowo wprowadzamy nowe zasady bezpiecze\u0144stwa w zakresie edukacji, gospodarki oraz\u00a0 \u017cycia spo\u0142ecznego. B\u0119d\u0105 to:<\/span><\/strong><\/p>\n<p>&nbsp;<\/p>\n<p>&nbsp;<\/p>\n<ul style=\"text-align: justify;\">\n<li><span style=\"font-family: georgia, palatino, serif; font-size: 12pt;\">obj\u0119cie nauczaniem zdalnym klas 4-8 szk\u00f3\u0142 podstawowych \u2013 (szczeg\u00f3\u0142y okre\u015bli MEN w rozporz\u0105dzeniu);<\/span><\/li>\n<li><span style=\"font-family: georgia, palatino, serif; font-size: 12pt;\">w godzinach 8:00-16:00 obowi\u0105zek przemieszczania si\u0119 dzieci do 16. roku \u017cycia pod opiek\u0105 rodzica lub opiekuna;<\/span><\/li>\n<li><span style=\"font-family: georgia, palatino, serif; font-size: 12pt;\">zawieszenie dzia\u0142ania sanatori\u00f3w z mo\u017cliwo\u015bci\u0105 doko\u0144czenia ostatnich turnus\u00f3w rozpocz\u0119tych przed 26 pa\u017adziernika;<\/span><\/li>\n<li><span style=\"font-family: georgia, palatino, serif; font-size: 12pt;\">zawieszenie stacjonarnej dzia\u0142alno\u015bci lokali gastronomicznych i restauracji przy dopuszczeniu prowadzenia dzia\u0142alno\u015bci w zakresie dowozu lub na wynos;<\/span><\/li>\n<li><span style=\"font-family: georgia, palatino, serif; font-size: 12pt;\">max. 5 os\u00f3b spoza wsp\u00f3lnego gospodarstwa domowego podczas imprez, spotka\u0144 i zebra\u0144 w przestrzeni publicznej (z wyj\u0105tkiem spotka\u0144 s\u0142u\u017cbowych). Dotyczy to tak\u017ce zgromadze\u0144 w rozumieniu ustawy o zgromadzeniach publicznych;<\/span><\/li>\n<li><span style=\"font-family: georgia, palatino, serif; font-size: 12pt;\">ograniczenie przemieszczenia si\u0119 os\u00f3b powy\u017cej 70. roku \u017cycia \u2013 z wy\u0142\u0105czeniem wykonywania czynno\u015bci zawodowych, zaspokajania niezb\u0119dnych potrzeb zwi\u0105zanych z bie\u017c\u0105cymi sprawami \u017cycia codziennego czy te\u017c udzia\u0142u we mszy \u015bwi\u0119tej lub obrz\u0119d\u00f3w religijnych.<\/span><\/li>\n<\/ul>\n<h3 style=\"text-align: justify;\"><span style=\"font-family: georgia, palatino, serif; font-size: 12pt;\"><strong>Uwaga!<\/strong><\/span><\/h3>\n<p style=\"text-align: justify;\"><span style=\"font-family: georgia, palatino, serif; font-size: 12pt;\">W ca\u0142ej Polsce obowi\u0105zuj\u0105 wcze\u015bniej ustalone limity i ograniczenia dla strefy czerwonej, w tym m. in. w zakresie wydarze\u0144 wydarzenie religijnych odbywaj\u0105cych si\u0119 w ko\u015bciele, istnieje obowi\u0105zek zakrywania ust i nosa, z wy\u0142\u0105czeniem os\u00f3b sprawuj\u0105cych kult. W uroczysto\u015bciach religijnych limit 1 osoba na 7 m2.<\/span><\/p>\n<p><span style=\"font-family: georgia, palatino, serif; font-size: 12pt;\"><strong>tekst \u017ar\u00f3d\u0142owy:<\/strong>\u00a0<strong><a href=\"https:\/\/www.gov.pl\/web\/koronawirus\/cala-polska-w-czerwonej-strefie-kolejne-zasady-bezpieczenstwa-oraz-solidarnosciowy-korpus-wsparcia-seniorow\"> https:\/\/www.gov.pl\/web\/koronawirus\/cala-polska-w-czerwonej-strefie-kolejne-zasady-bezpieczenstwa-oraz-solidarnosciowy-korpus-wsparcia-seniorow<\/a><\/strong><\/span><\/p>\n","protected":false},"excerpt":{"rendered":"<p>Nowe zasady bezpiecze\u0144stwa w ca\u0142ym kraju Od 24 pa\u017adziernika obostrzenia dotycz\u0105ce strefy czerwonej b\u0119d\u0105 obowi\u0105zywa\u0107 w ca\u0142ej Polsce. Dodatkowo wprowadzamy nowe zasady bezpiecze\u0144stwa w zakresie edukacji, gospodarki oraz\u00a0 \u017cycia spo\u0142ecznego. B\u0119d\u0105 to: &nbsp; &nbsp; obj\u0119cie nauczaniem zdalnym klas 4-8 szk\u00f3\u0142 podstawowych \u2013 (szczeg\u00f3\u0142y okre\u015bli MEN w rozporz\u0105dzeniu); w godzinach 8:00-16:00 obowi\u0105zek przemieszczania si\u0119 dzieci do [&hellip;]<\/p>\n","protected":false},"author":4,"featured_media":13789,"comment_status":"closed","ping_status":"closed","sticky":false,"template":"","format":"standard","meta":{"footnotes":""},"categories":[16],"tags":[],"class_list":["post-13787","post","type-post","status-publish","format-standard","has-post-thumbnail","hentry","category-aktual"],"_links":{"self":[{"href":"https:\/\/smwroclaw.pl\/index.php?rest_route=\/wp\/v2\/posts\/13787","targetHints":{"allow":["GET"]}}],"collection":[{"href":"https:\/\/smwroclaw.pl\/index.php?rest_route=\/wp\/v2\/posts"}],"about":[{"href":"https:\/\/smwroclaw.pl\/index.php?rest_route=\/wp\/v2\/types\/post"}],"author":[{"embeddable":true,"href":"https:\/\/smwroclaw.pl\/index.php?rest_route=\/wp\/v2\/users\/4"}],"replies":[{"embeddable":true,"href":"https:\/\/smwroclaw.pl\/index.php?rest_route=%2Fwp%2Fv2%2Fcomments&post=13787"}],"version-history":[{"count":6,"href":"https:\/\/smwroclaw.pl\/index.php?rest_route=\/wp\/v2\/posts\/13787\/revisions"}],"predecessor-version":[{"id":13796,"href":"https:\/\/smwroclaw.pl\/index.php?rest_route=\/wp\/v2\/posts\/13787\/revisions\/13796"}],"wp:featuredmedia":[{"embeddable":true,"href":"https:\/\/smwroclaw.pl\/index.php?rest_route=\/wp\/v2\/media\/13789"}],"wp:attachment":[{"href":"https:\/\/smwroclaw.pl\/index.php?rest_route=%2Fwp%2Fv2%2Fmedia&parent=13787"}],"wp:term":[{"taxonomy":"category","embeddable":true,"href":"https:\/\/smwroclaw.pl\/index.php?rest_route=%2Fwp%2Fv2%2Fcategories&post=13787"},{"taxonomy":"post_tag","embeddable":true,"href":"https:\/\/smwroclaw.pl\/index.php?rest_route=%2Fwp%2Fv2%2Ftags&post=13787"}],"curies":[{"name":"wp","href":"https:\/\/api.w.org\/{rel}","templated":true}]}}