{"id":14102,"date":"2020-11-24T07:53:55","date_gmt":"2020-11-24T06:53:55","guid":{"rendered":"http:\/\/smwroclaw.pl\/?p=14102"},"modified":"2020-11-24T07:53:55","modified_gmt":"2020-11-24T06:53:55","slug":"tak-nie-parkujmy-ulica-mennicza","status":"publish","type":"post","link":"https:\/\/smwroclaw.pl\/?p=14102","title":{"rendered":"TAK NIE PARKUJMY &#8211; ulica Mennicza"},"content":{"rendered":"<p style=\"text-align: justify;\"><span class=\"d2edcug0 hpfvmrgz qv66sw1b c1et5uql rrkovp55 a8c37x1j keod5gw0 nxhoafnm aigsh9s9 d3f4x2em fe6kdd0r mau55g9w c8b282yb iv3no6db jq4qci2q a3bd9o3v knj5qynh oo9gr5id hzawbc8m\" dir=\"auto\" style=\"font-family: georgia, palatino, serif; font-size: 16px;\"><strong>23 listopada 2020 r. (poniedzia\u0142ek)<\/strong> stra\u017cnicy podejmowali interwencje na <strong>ulicy Menniczej<\/strong> w strefie zamieszkania (wolno parkowa\u0107 tylko w miejscach wyznaczonych i oznaczonych) &#8211; na ko\u0142a pojazd\u00f3w nieprawid\u0142owo parkuj\u0105cych za\u0142o\u017cono blokady.<\/span><\/p>\n<p>&nbsp;<\/p>\n<p>&nbsp;<\/p>\n<p><img fetchpriority=\"high\" decoding=\"async\" class=\"aligncenter  wp-image-14103\" src=\"https:\/\/smwroclaw.pl\/wp-content\/uploads\/2020\/11\/InkedInkedDSCN8501_LI-scaled.jpg\" alt=\"\" width=\"403\" height=\"302\" srcset=\"https:\/\/smwroclaw.pl\/wp-content\/uploads\/2020\/11\/InkedInkedDSCN8501_LI-scaled.jpg 2560w, https:\/\/smwroclaw.pl\/wp-content\/uploads\/2020\/11\/InkedInkedDSCN8501_LI-300x225.jpg 300w, https:\/\/smwroclaw.pl\/wp-content\/uploads\/2020\/11\/InkedInkedDSCN8501_LI-768x576.jpg 768w, https:\/\/smwroclaw.pl\/wp-content\/uploads\/2020\/11\/InkedInkedDSCN8501_LI-1536x1152.jpg 1536w, https:\/\/smwroclaw.pl\/wp-content\/uploads\/2020\/11\/InkedInkedDSCN8501_LI-2048x1536.jpg 2048w\" sizes=\"(max-width: 403px) 100vw, 403px\" \/><\/p>\n<p><!--more--><\/p>\n<p>wf<\/p>\n","protected":false},"excerpt":{"rendered":"<p>23 listopada 2020 r. (poniedzia\u0142ek) stra\u017cnicy podejmowali interwencje na ulicy Menniczej w strefie zamieszkania (wolno parkowa\u0107 tylko w miejscach wyznaczonych i oznaczonych) &#8211; na ko\u0142a pojazd\u00f3w nieprawid\u0142owo parkuj\u0105cych za\u0142o\u017cono blokady. &nbsp; &nbsp;<\/p>\n","protected":false},"author":4,"featured_media":11802,"comment_status":"closed","ping_status":"closed","sticky":false,"template":"","format":"standard","meta":{"footnotes":""},"categories":[16],"tags":[],"class_list":["post-14102","post","type-post","status-publish","format-standard","has-post-thumbnail","hentry","category-aktual"],"_links":{"self":[{"href":"https:\/\/smwroclaw.pl\/index.php?rest_route=\/wp\/v2\/posts\/14102","targetHints":{"allow":["GET"]}}],"collection":[{"href":"https:\/\/smwroclaw.pl\/index.php?rest_route=\/wp\/v2\/posts"}],"about":[{"href":"https:\/\/smwroclaw.pl\/index.php?rest_route=\/wp\/v2\/types\/post"}],"author":[{"embeddable":true,"href":"https:\/\/smwroclaw.pl\/index.php?rest_route=\/wp\/v2\/users\/4"}],"replies":[{"embeddable":true,"href":"https:\/\/smwroclaw.pl\/index.php?rest_route=%2Fwp%2Fv2%2Fcomments&post=14102"}],"version-history":[{"count":2,"href":"https:\/\/smwroclaw.pl\/index.php?rest_route=\/wp\/v2\/posts\/14102\/revisions"}],"predecessor-version":[{"id":14105,"href":"https:\/\/smwroclaw.pl\/index.php?rest_route=\/wp\/v2\/posts\/14102\/revisions\/14105"}],"wp:featuredmedia":[{"embeddable":true,"href":"https:\/\/smwroclaw.pl\/index.php?rest_route=\/wp\/v2\/media\/11802"}],"wp:attachment":[{"href":"https:\/\/smwroclaw.pl\/index.php?rest_route=%2Fwp%2Fv2%2Fmedia&parent=14102"}],"wp:term":[{"taxonomy":"category","embeddable":true,"href":"https:\/\/smwroclaw.pl\/index.php?rest_route=%2Fwp%2Fv2%2Fcategories&post=14102"},{"taxonomy":"post_tag","embeddable":true,"href":"https:\/\/smwroclaw.pl\/index.php?rest_route=%2Fwp%2Fv2%2Ftags&post=14102"}],"curies":[{"name":"wp","href":"https:\/\/api.w.org\/{rel}","templated":true}]}}