{"id":14194,"date":"2020-11-30T08:10:51","date_gmt":"2020-11-30T07:10:51","guid":{"rendered":"http:\/\/smwroclaw.pl\/?p=14194"},"modified":"2020-11-30T08:10:51","modified_gmt":"2020-11-30T07:10:51","slug":"plastik-nie-do-pieca-piec-nie-do-plastiku-kampania-informacyjna","status":"publish","type":"post","link":"https:\/\/smwroclaw.pl\/?p=14194","title":{"rendered":"\u201ePLASTIK NIE DO PIECA \u2013 PIEC NIE DO PLASTIKU\u201d &#8211; kampania informacyjna"},"content":{"rendered":"<p style=\"text-align: justify;\"><span style=\"font-family: georgia, palatino, serif; font-size: 16px;\">Kampania edukacyjno-spo\u0142eczna <strong>\u201ePlastik nie do pieca \u2013 piec nie do plastiku\u201d<\/strong> prowadzona przez Fundacj\u0119 <strong>PlasticsEurope Polska<\/strong> przypomina o szkodliwo\u015bci spalania odpad\u00f3w w piecach, przydomowych kot\u0142owniach i na wolnym powietrzu. Problem zanieczyszczenia powietrza doskwiera szczeg\u00f3lnie w sezonie grzewczym. Spo\u0142eczna \u015bwiadomo\u015b\u0107 negatywnych skutk\u00f3w spalania odpad\u00f3w nadal jest bardzo niska. Zach\u0119camy do zapoznania si\u0119 z materia\u0142ami fundacji PlasticsEurope Polska.<\/span><br \/>\n<strong><span style=\"font-family: georgia, palatino, serif; font-size: 16px;\">Wszyscy chcemy oddycha\u0107 czystym powietrzem, zadbajmy o siebie i nasze \u015brodowisko!<\/span><\/strong><!--more--><\/p>\n<p>&nbsp;<\/p>\n<p><a href=\"https:\/\/www.plasticseurope.org\/pl\/newsroom\/press-releases\/plastik-nie-do-pieca-piec-nie-do-plastiku-1\">https:\/\/www.plasticseurope.org\/pl\/newsroom\/press-releases\/plastik-nie-do-pieca-piec-nie-do-plastiku-1<\/a><\/p>\n<p style=\"text-align: center;\"><img fetchpriority=\"high\" decoding=\"async\" class=\"alignnone  wp-image-14198\" src=\"https:\/\/smwroclaw.pl\/wp-content\/uploads\/2020\/11\/Plastik-nie-do-pieca_media-212x300.jpg\" alt=\"\" width=\"355\" height=\"503\" srcset=\"https:\/\/smwroclaw.pl\/wp-content\/uploads\/2020\/11\/Plastik-nie-do-pieca_media-212x300.jpg 212w, https:\/\/smwroclaw.pl\/wp-content\/uploads\/2020\/11\/Plastik-nie-do-pieca_media-768x1086.jpg 768w, https:\/\/smwroclaw.pl\/wp-content\/uploads\/2020\/11\/Plastik-nie-do-pieca_media.jpg 800w\" sizes=\"(max-width: 355px) 100vw, 355px\" \/><\/p>\n<p>BD<\/p>\n<p>&nbsp;<\/p>\n","protected":false},"excerpt":{"rendered":"<p>Kampania edukacyjno-spo\u0142eczna \u201ePlastik nie do pieca \u2013 piec nie do plastiku\u201d prowadzona przez Fundacj\u0119 PlasticsEurope Polska przypomina o szkodliwo\u015bci spalania odpad\u00f3w w piecach, przydomowych kot\u0142owniach i na wolnym powietrzu. Problem zanieczyszczenia powietrza doskwiera szczeg\u00f3lnie w sezonie grzewczym. Spo\u0142eczna \u015bwiadomo\u015b\u0107 negatywnych skutk\u00f3w spalania odpad\u00f3w nadal jest bardzo niska. Zach\u0119camy do zapoznania si\u0119 z materia\u0142ami fundacji PlasticsEurope [&hellip;]<\/p>\n","protected":false},"author":7,"featured_media":14195,"comment_status":"closed","ping_status":"closed","sticky":false,"template":"","format":"standard","meta":{"footnotes":""},"categories":[16],"tags":[],"class_list":["post-14194","post","type-post","status-publish","format-standard","has-post-thumbnail","hentry","category-aktual"],"_links":{"self":[{"href":"https:\/\/smwroclaw.pl\/index.php?rest_route=\/wp\/v2\/posts\/14194","targetHints":{"allow":["GET"]}}],"collection":[{"href":"https:\/\/smwroclaw.pl\/index.php?rest_route=\/wp\/v2\/posts"}],"about":[{"href":"https:\/\/smwroclaw.pl\/index.php?rest_route=\/wp\/v2\/types\/post"}],"author":[{"embeddable":true,"href":"https:\/\/smwroclaw.pl\/index.php?rest_route=\/wp\/v2\/users\/7"}],"replies":[{"embeddable":true,"href":"https:\/\/smwroclaw.pl\/index.php?rest_route=%2Fwp%2Fv2%2Fcomments&post=14194"}],"version-history":[{"count":2,"href":"https:\/\/smwroclaw.pl\/index.php?rest_route=\/wp\/v2\/posts\/14194\/revisions"}],"predecessor-version":[{"id":14199,"href":"https:\/\/smwroclaw.pl\/index.php?rest_route=\/wp\/v2\/posts\/14194\/revisions\/14199"}],"wp:featuredmedia":[{"embeddable":true,"href":"https:\/\/smwroclaw.pl\/index.php?rest_route=\/wp\/v2\/media\/14195"}],"wp:attachment":[{"href":"https:\/\/smwroclaw.pl\/index.php?rest_route=%2Fwp%2Fv2%2Fmedia&parent=14194"}],"wp:term":[{"taxonomy":"category","embeddable":true,"href":"https:\/\/smwroclaw.pl\/index.php?rest_route=%2Fwp%2Fv2%2Fcategories&post=14194"},{"taxonomy":"post_tag","embeddable":true,"href":"https:\/\/smwroclaw.pl\/index.php?rest_route=%2Fwp%2Fv2%2Ftags&post=14194"}],"curies":[{"name":"wp","href":"https:\/\/api.w.org\/{rel}","templated":true}]}}