{"id":14200,"date":"2020-11-30T09:49:12","date_gmt":"2020-11-30T08:49:12","guid":{"rendered":"http:\/\/smwroclaw.pl\/?p=14200"},"modified":"2020-11-30T09:49:12","modified_gmt":"2020-11-30T08:49:12","slug":"nowe-zasady-bezpieczenstwa-i-ograniczenia-maseczki-nosimy-takze-w-pracy-czytaj-dalej","status":"publish","type":"post","link":"https:\/\/smwroclaw.pl\/?p=14200","title":{"rendered":"NOWE ZASADY BEZPIECZE\u0143STWA I OGRANICZENIA &#8211; maseczki nosimy tak\u017ce w pracy (czytaj dalej)"},"content":{"rendered":"<p style=\"text-align: justify;\"><span style=\"font-family: georgia, palatino, serif; font-size: 16px;\">\u00a725.1. Do dnia 27 grudnia 2020 r. <strong>nak\u0142ada si\u0119 obowi\u0105zek zakrywania, przy pomocy odzie\u017cy lub jej cz\u0119\u015bci, maski, maseczki, przy\u0142bicy albo kasku ochronnego<\/strong>, o kt\u00f3rym mowa wart.40 ust.1 ustawy z dnia 20 czerwca 1997r. \u2013Prawo o ruchu drogowym (Dz.U. z2020r. poz.110, 284, 568, 695, 1087 i1517), <strong>ust i nosa<\/strong>: <\/span><\/p>\n<p>&nbsp;<\/p>\n<p>&nbsp;<\/p>\n<p style=\"text-align: justify;\"><span style=\"font-family: georgia, palatino, serif; font-size: 16px;\">1)w \u015brodkach publicznego transportu zbiorowego w rozumieniu art.4 ust.1pkt 14 ustawy z dnia 16 grudnia 2010r. o publicznym transporcie zbiorowym, na statkach pasa\u017cerskich w \u017cegludze krajowej w rozumieniu przepis\u00f3w o bezpiecze\u0144stwie morskim lub statkach \u017ceglugi \u015br\u00f3dl\u0105dowej, o kt\u00f3rych mowa wart.5ust.1pkt1lit.a ustawy zdnia21grudnia 2000r. o \u017cegludze \u015br\u00f3dl\u0105dowej, przeznaczonymi lub u\u017cywanymi do przewozu os\u00f3b;<\/span><\/p>\n<p style=\"text-align: justify;\"><span style=\"font-family: georgia, palatino, serif; font-size: 16px;\">2)w miejscach og\u00f3lnodost\u0119pnych, w tym:<\/span><\/p>\n<p style=\"text-align: justify;\"><span style=\"font-family: georgia, palatino, serif; font-size: 16px;\">a)na drogach i placach, na terenie cmentarzy, promenad, bulwar\u00f3w, miejsc postoju pojazd\u00f3w, parking\u00f3w le\u015bnych,<\/span><\/p>\n<p style=\"text-align: justify;\"><span style=\"font-family: georgia, palatino, serif; font-size: 16px;\">b)na terenie nieruchomo\u015bci wsp\u00f3lnych w rozumieniu art.3ust.2 ustawy z dnia 24 czerwca 1994r. o w\u0142asno\u015bci lokali (Dz.U. z2020r. poz.1910) oraz na terenie takich nieruchomo\u015bci o innych formach posiadania,<\/span><\/p>\n<p style=\"text-align: justify;\"><span style=\"font-family: georgia, palatino, serif; font-size: 16px;\">c)<strong>w zak\u0142adach pracy, je\u017celi w pomieszczeniu przebywa wi\u0119cej ni\u017c 1 osoba, oraz w budynkach u\u017cyteczno\u015bci publicznej<\/strong> przeznaczonych na potrzeby: administracji publicznej, wymiaru sprawiedliwo\u015bci, kultury, kultu religijnego, o\u015bwiaty, szkolnictwa wy\u017cszego, nauki, wychowania, opieki zdrowotnej, spo\u0142ecznej lub socjalnej, obs\u0142ugi bankowej, handlu, gastronomii, us\u0142ug, w tym us\u0142ug pocztowych lub telekomunikacyjnych, turystyki, sportu, obs\u0142ugi pasa\u017cer\u00f3w w transporcie kolejowym, drogowym, lotniczym, morskim lub wodnym \u015br\u00f3dl\u0105dowym; za budynek u\u017cyteczno\u015bci publicznej uznaje si\u0119 tak\u017ce budynek biurowy lub socjalny,<\/span><\/p>\n<p><!--more--><\/p>\n<p style=\"text-align: justify;\"><span style=\"font-family: georgia, palatino, serif; font-size: 16px;\">d)w obiektach handlowych lub us\u0142ugowych, plac\u00f3wkach handlowych lub us\u0142ugowych ina targowiskach (straganach)<\/span><\/p>\n<p style=\"text-align: justify;\"><span style=\"font-family: georgia, palatino, serif; font-size: 16px;\">3)w trakcie sprawowania kultu religijnego, w tym czynno\u015bci lub obrz\u0119d\u00f3w religijnych, w budynku u\u017cyteczno\u015bci publicznej przeznaczonym na potrzeby kultu religijnego oraz na cmentarzu.<\/span><\/p>\n<p style=\"text-align: justify;\"><span style=\"font-family: georgia, palatino, serif; font-size: 16px;\">2.Do dnia 27grudnia 2020r. nak\u0142ada si\u0119 obowi\u0105zek zakrywania ust i nosa przy pomocy maseczki na statkach po-wietrznych w rozumieniu art.2pkt1 ustawy z dnia 3lipca 2002r. \u2013Prawo lotnicze.<\/span><\/p>\n<p style=\"text-align: justify;\"><span style=\"font-family: georgia, palatino, serif; font-size: 16px;\">3.Obowi\u0105zku okre\u015blonego w ust.1 i2nie stosuje si\u0119 w przypadku:<\/span><\/p>\n<p style=\"text-align: justify;\"><span style=\"font-family: georgia, palatino, serif; font-size: 16px;\">1)pojazdu samochodowego, z wy\u0142\u0105czeniem pojazd\u00f3w samochodowych b\u0119d\u0105cych \u015brodkami publicznego transportu zbiorowego, o kt\u00f3rych mowa w ust.1pkt1;<\/span><\/p>\n<p style=\"text-align: justify;\"><span style=\"font-family: georgia, palatino, serif; font-size: 16px;\">2)dziecka do uko\u0144czenia 5. roku \u017cycia;<\/span><\/p>\n<p style=\"text-align: justify;\"><span style=\"font-family: georgia, palatino, serif; font-size: 16px;\">3)osoby, kt\u00f3ra nie mo\u017ce zakrywa\u0107 ust lub nosa z powodu:<\/span><\/p>\n<p style=\"text-align: justify;\"><span style=\"font-family: georgia, palatino, serif; font-size: 16px;\">a)ca\u0142o\u015bciowych zaburze\u0144 rozwoju, zaburze\u0144 psychicznych, niepe\u0142nosprawno\u015bci intelektualnej w stopniu umiarkowanym, znacznym albo g\u0142\u0119bokim,<\/span><\/p>\n<p style=\"text-align: justify;\"><span style=\"font-family: georgia, palatino, serif; font-size: 16px;\">b)trudno\u015bci w samodzielnym zakryciu lub odkryciu ust lub nosa;<\/span><\/p>\n<p><span style=\"font-family: georgia, palatino, serif; font-size: 16px;\"><strong>Tekst Rozporz\u0105dzenia Rady Ministr\u00f3w z 26.11.2020 r. :<\/strong><\/span><\/p>\n<p><span style=\"font-family: georgia, palatino, serif; font-size: 16px;\"><a href=\"https:\/\/dziennikustaw.gov.pl\/D2020000209101.pdf\">https:\/\/dziennikustaw.gov.pl\/D2020000209101.pdf<\/a><\/span><\/p>\n<h2><strong><span style=\"font-family: georgia, palatino, serif; font-size: 16px; color: #000000;\">Aktualne zasady i ograniczenia<\/span><\/strong><\/h2>\n<p><span style=\"font-family: georgia, palatino, serif; font-size: 16px;\"><a href=\"https:\/\/www.gov.pl\/web\/koronawirus\/aktualne-zasady-i-ograniczenia\">https:\/\/www.gov.pl\/web\/koronawirus\/aktualne-zasady-i-ograniczenia<\/a><\/span><\/p>\n<p>&nbsp;<\/p>\n<p>wf<\/p>\n","protected":false},"excerpt":{"rendered":"<p>\u00a725.1. Do dnia 27 grudnia 2020 r. nak\u0142ada si\u0119 obowi\u0105zek zakrywania, przy pomocy odzie\u017cy lub jej cz\u0119\u015bci, maski, maseczki, przy\u0142bicy albo kasku ochronnego, o kt\u00f3rym mowa wart.40 ust.1 ustawy z dnia 20 czerwca 1997r. \u2013Prawo o ruchu drogowym (Dz.U. z2020r. poz.110, 284, 568, 695, 1087 i1517), ust i nosa: &nbsp; &nbsp; 1)w \u015brodkach publicznego transportu [&hellip;]<\/p>\n","protected":false},"author":4,"featured_media":13586,"comment_status":"closed","ping_status":"closed","sticky":false,"template":"","format":"standard","meta":{"footnotes":""},"categories":[16],"tags":[],"class_list":["post-14200","post","type-post","status-publish","format-standard","has-post-thumbnail","hentry","category-aktual"],"_links":{"self":[{"href":"https:\/\/smwroclaw.pl\/index.php?rest_route=\/wp\/v2\/posts\/14200","targetHints":{"allow":["GET"]}}],"collection":[{"href":"https:\/\/smwroclaw.pl\/index.php?rest_route=\/wp\/v2\/posts"}],"about":[{"href":"https:\/\/smwroclaw.pl\/index.php?rest_route=\/wp\/v2\/types\/post"}],"author":[{"embeddable":true,"href":"https:\/\/smwroclaw.pl\/index.php?rest_route=\/wp\/v2\/users\/4"}],"replies":[{"embeddable":true,"href":"https:\/\/smwroclaw.pl\/index.php?rest_route=%2Fwp%2Fv2%2Fcomments&post=14200"}],"version-history":[{"count":5,"href":"https:\/\/smwroclaw.pl\/index.php?rest_route=\/wp\/v2\/posts\/14200\/revisions"}],"predecessor-version":[{"id":14205,"href":"https:\/\/smwroclaw.pl\/index.php?rest_route=\/wp\/v2\/posts\/14200\/revisions\/14205"}],"wp:featuredmedia":[{"embeddable":true,"href":"https:\/\/smwroclaw.pl\/index.php?rest_route=\/wp\/v2\/media\/13586"}],"wp:attachment":[{"href":"https:\/\/smwroclaw.pl\/index.php?rest_route=%2Fwp%2Fv2%2Fmedia&parent=14200"}],"wp:term":[{"taxonomy":"category","embeddable":true,"href":"https:\/\/smwroclaw.pl\/index.php?rest_route=%2Fwp%2Fv2%2Fcategories&post=14200"},{"taxonomy":"post_tag","embeddable":true,"href":"https:\/\/smwroclaw.pl\/index.php?rest_route=%2Fwp%2Fv2%2Ftags&post=14200"}],"curies":[{"name":"wp","href":"https:\/\/api.w.org\/{rel}","templated":true}]}}