{"id":14264,"date":"2020-12-03T11:40:50","date_gmt":"2020-12-03T10:40:50","guid":{"rendered":"http:\/\/smwroclaw.pl\/?p=14264"},"modified":"2020-12-03T11:40:50","modified_gmt":"2020-12-03T10:40:50","slug":"bezpieczne-osiedla-gaj","status":"publish","type":"post","link":"https:\/\/smwroclaw.pl\/?p=14264","title":{"rendered":"BEZPIECZNE OSIEDLA &#8211; GAJ"},"content":{"rendered":"<p style=\"text-align: justify;\"><span class=\"d2edcug0 hpfvmrgz qv66sw1b c1et5uql rrkovp55 a8c37x1j keod5gw0 nxhoafnm aigsh9s9 d3f4x2em fe6kdd0r mau55g9w c8b282yb iv3no6db jq4qci2q a3bd9o3v knj5qynh oo9gr5id hzawbc8m\" dir=\"auto\" style=\"font-family: georgia, palatino, serif; font-size: 16px;\"><strong>2 grudnia 2020 r.<\/strong> (\u015broda) stra\u017cnicy miejscy uczestniczyli w spotkanie informacyjnym z <strong>Przewodnicz\u0105cym Rady Osiedla GAJ Adamem Wojtaszewskim, kt\u00f3remu<\/strong> przedstawiono<strong> now\u0105 Stra\u017cniczk\u0119 Osiedla Gaj<\/strong>.<\/span><\/p>\n<p style=\"text-align: justify;\" align=\"JUSTIFY\"><span style=\"font-family: georgia, palatino, serif; font-size: 16px;\">Przewodnicz\u0105cy przedstawi\u0142 stra\u017cniczce g\u0142\u00f3wne problemy i uci\u0105\u017cliwo\u015bci dla mieszka\u0144c\u00f3w wyst\u0119puj\u0105ce na osiedlu m.in. przekaza\u0142 problem parkowania pojazd\u00f3w przy nowym przedszkolu \u201eSkauty 4\u201d przy ul. Radkowskiej. Stra\u017cniczka zaraz po spotkaniu nawi\u0105za\u0142a ju\u017c kontakt osobisty w tej sprawie z dyrektorem przedszkola. Przewodnicz\u0105cy poda\u0142 daty dy\u017cur\u00f3w rady tj. poniedzia\u0142ki i czwartki w godz. 18 \u2013 20. Przewodnicz\u0105cy poda\u0142 r\u00f3wnie\u017c termin <strong>sesji rady w dniu 17 grudnia br. o godz. 17.00<\/strong> i prosi\u0142 SO Gaj o udzia\u0142 w tej sesji.<\/span><\/p>\n<p style=\"text-align: justify;\" align=\"JUSTIFY\"><span style=\"font-family: georgia, palatino, serif; font-size: 16px;\"><strong>Przybyli na spotkanie rady mieszka\u0144cy, przedstawili nast\u0119puj\u0105ce problemy:<\/strong><\/span><\/p>\n<p style=\"text-align: justify;\" align=\"JUSTIFY\"><span style=\"font-family: georgia, palatino, serif; font-size: 16px;\">&#8211; nieprawid\u0142owe parkowanie pojazd\u00f3w ul. Wandy Rutkiewicz<\/span><\/p>\n<p style=\"text-align: justify;\" align=\"JUSTIFY\"><span style=\"font-family: georgia, palatino, serif; font-size: 16px;\">&#8211; nieprawid\u0142owe parkowanie pojazd\u00f3w vis a vis szpitala przy ul. Borowskiej<\/span><\/p>\n<p style=\"text-align: justify;\" align=\"JUSTIFY\"><span style=\"font-family: georgia, palatino, serif; font-size: 16px;\">&#8211; bezdomny przebywaj\u0105cy codziennie na klatce schodowej przy ul. Orzechowej 45- 47<\/span><\/p>\n<p style=\"text-align: justify;\" align=\"JUSTIFY\"><span style=\"font-family: georgia, palatino, serif; font-size: 16px;\">&#8211; nieprawid\u0142owe parkowanie pojazd\u00f3w przy wyje\u017adzie z parkingu ul. Orzechowa 108<\/span><\/p>\n<p align=\"JUSTIFY\"><img fetchpriority=\"high\" decoding=\"async\" class=\"aligncenter  wp-image-14266\" src=\"https:\/\/smwroclaw.pl\/wp-content\/uploads\/2020\/12\/IMG_1446.jpg\" alt=\"\" width=\"430\" height=\"322\" srcset=\"https:\/\/smwroclaw.pl\/wp-content\/uploads\/2020\/12\/IMG_1446.jpg 640w, https:\/\/smwroclaw.pl\/wp-content\/uploads\/2020\/12\/IMG_1446-300x225.jpg 300w\" sizes=\"(max-width: 430px) 100vw, 430px\" \/><\/p>\n<p align=\"JUSTIFY\"><!--more--><\/p>\n<p align=\"JUSTIFY\">wf<\/p>\n<p><span class=\"d2edcug0 hpfvmrgz qv66sw1b c1et5uql rrkovp55 a8c37x1j keod5gw0 nxhoafnm aigsh9s9 d3f4x2em fe6kdd0r mau55g9w c8b282yb iv3no6db jq4qci2q a3bd9o3v knj5qynh oo9gr5id hzawbc8m\" dir=\"auto\" style=\"font-family: georgia, palatino, serif; font-size: 16px;\">\u00a0<\/span><\/p>\n<p>&nbsp;<\/p>\n","protected":false},"excerpt":{"rendered":"<p>2 grudnia 2020 r. (\u015broda) stra\u017cnicy miejscy uczestniczyli w spotkanie informacyjnym z Przewodnicz\u0105cym Rady Osiedla GAJ Adamem Wojtaszewskim, kt\u00f3remu przedstawiono now\u0105 Stra\u017cniczk\u0119 Osiedla Gaj. Przewodnicz\u0105cy przedstawi\u0142 stra\u017cniczce g\u0142\u00f3wne problemy i uci\u0105\u017cliwo\u015bci dla mieszka\u0144c\u00f3w wyst\u0119puj\u0105ce na osiedlu m.in. przekaza\u0142 problem parkowania pojazd\u00f3w przy nowym przedszkolu \u201eSkauty 4\u201d przy ul. Radkowskiej. Stra\u017cniczka zaraz po spotkaniu nawi\u0105za\u0142a ju\u017c [&hellip;]<\/p>\n","protected":false},"author":4,"featured_media":10970,"comment_status":"closed","ping_status":"closed","sticky":false,"template":"","format":"standard","meta":{"footnotes":""},"categories":[16],"tags":[],"class_list":["post-14264","post","type-post","status-publish","format-standard","has-post-thumbnail","hentry","category-aktual"],"_links":{"self":[{"href":"https:\/\/smwroclaw.pl\/index.php?rest_route=\/wp\/v2\/posts\/14264","targetHints":{"allow":["GET"]}}],"collection":[{"href":"https:\/\/smwroclaw.pl\/index.php?rest_route=\/wp\/v2\/posts"}],"about":[{"href":"https:\/\/smwroclaw.pl\/index.php?rest_route=\/wp\/v2\/types\/post"}],"author":[{"embeddable":true,"href":"https:\/\/smwroclaw.pl\/index.php?rest_route=\/wp\/v2\/users\/4"}],"replies":[{"embeddable":true,"href":"https:\/\/smwroclaw.pl\/index.php?rest_route=%2Fwp%2Fv2%2Fcomments&post=14264"}],"version-history":[{"count":3,"href":"https:\/\/smwroclaw.pl\/index.php?rest_route=\/wp\/v2\/posts\/14264\/revisions"}],"predecessor-version":[{"id":14268,"href":"https:\/\/smwroclaw.pl\/index.php?rest_route=\/wp\/v2\/posts\/14264\/revisions\/14268"}],"wp:featuredmedia":[{"embeddable":true,"href":"https:\/\/smwroclaw.pl\/index.php?rest_route=\/wp\/v2\/media\/10970"}],"wp:attachment":[{"href":"https:\/\/smwroclaw.pl\/index.php?rest_route=%2Fwp%2Fv2%2Fmedia&parent=14264"}],"wp:term":[{"taxonomy":"category","embeddable":true,"href":"https:\/\/smwroclaw.pl\/index.php?rest_route=%2Fwp%2Fv2%2Fcategories&post=14264"},{"taxonomy":"post_tag","embeddable":true,"href":"https:\/\/smwroclaw.pl\/index.php?rest_route=%2Fwp%2Fv2%2Ftags&post=14264"}],"curies":[{"name":"wp","href":"https:\/\/api.w.org\/{rel}","templated":true}]}}