{"id":1430,"date":"2018-05-07T14:50:00","date_gmt":"2018-05-07T12:50:00","guid":{"rendered":"http:\/\/smwroclaw.pl\/?p=1430"},"modified":"2018-05-14T15:43:17","modified_gmt":"2018-05-14T13:43:17","slug":"przedszkolaki-zwiedzaja-sale-sesyjna-rady-miejskiej-wroclawia","status":"publish","type":"post","link":"https:\/\/smwroclaw.pl\/?p=1430","title":{"rendered":"PRZEDSZKOLAKI ZWIEDZAJ\u0104 SAL\u0118 SESYJN\u0104 RADY MIEJSKIEJ WROC\u0141AWIA"},"content":{"rendered":"<p>&nbsp;<\/p>\n<p style=\"text-align: justify;\"><span style=\"font-family: georgia,palatino,serif; font-size: 12pt;\">20 kwietnia 2018 dzieci z Przedszkola nr 146 <strong>zwiedza\u0142y sal\u0119 sesyjn\u0105 Rady Miejskiej Wroc\u0142awia<\/strong>. Zapozna\u0142y si\u0119 z histori\u0105 na przestrzeni od XI do XXI wieku oraz architektur\u0105 Sukiennic. <strong>St. insp. Pawe\u0142 Gr\u0105bczewski <\/strong> opowiedzia\u0142 przedszkolakom o jednym z najwa\u017cniejszych miejsc, w kt\u00f3rym zapadaj\u0105 strategiczne decyzje dla Wroc\u0142awia. <\/span><!--more--><\/p>\n<p>&nbsp;<\/p>\n<p><img fetchpriority=\"high\" decoding=\"async\" class=\"alignnone size-medium wp-image-1435\" src=\"https:\/\/smwroclaw.pl\/wp-content\/uploads\/2018\/05\/DSC06228-281x300.jpg\" alt=\"\" width=\"281\" height=\"300\" srcset=\"https:\/\/smwroclaw.pl\/wp-content\/uploads\/2018\/05\/DSC06228-281x300.jpg 281w, https:\/\/smwroclaw.pl\/wp-content\/uploads\/2018\/05\/DSC06228.jpg 449w\" sizes=\"(max-width: 281px) 100vw, 281px\" \/><img decoding=\"async\" class=\"alignnone size-medium wp-image-1432\" src=\"https:\/\/smwroclaw.pl\/wp-content\/uploads\/2018\/05\/DSC06220-284x300.jpg\" alt=\"\" width=\"284\" height=\"300\" \/><img decoding=\"async\" class=\"alignnone size-medium wp-image-1433\" src=\"https:\/\/smwroclaw.pl\/wp-content\/uploads\/2018\/05\/DSC06222-282x300.jpg\" alt=\"\" width=\"282\" height=\"300\" \/><img loading=\"lazy\" decoding=\"async\" class=\"alignnone size-medium wp-image-1438\" src=\"https:\/\/smwroclaw.pl\/wp-content\/uploads\/2018\/05\/DSC06232-300x271.jpg\" alt=\"\" width=\"300\" height=\"271\" \/><img loading=\"lazy\" decoding=\"async\" class=\"alignnone wp-image-1431\" src=\"https:\/\/smwroclaw.pl\/wp-content\/uploads\/2018\/05\/DSC06219-295x300.jpg\" alt=\"\" width=\"266\" height=\"271\" \/><\/p>\n<p>SN<\/p>\n","protected":false},"excerpt":{"rendered":"<p>&nbsp; 20 kwietnia 2018 dzieci z Przedszkola nr 146 zwiedza\u0142y sal\u0119 sesyjn\u0105 Rady Miejskiej Wroc\u0142awia. Zapozna\u0142y si\u0119 z histori\u0105 na przestrzeni od XI do XXI wieku oraz architektur\u0105 Sukiennic. St. insp. Pawe\u0142 Gr\u0105bczewski opowiedzia\u0142 przedszkolakom o jednym z najwa\u017cniejszych miejsc, w kt\u00f3rym zapadaj\u0105 strategiczne decyzje dla Wroc\u0142awia.<\/p>\n","protected":false},"author":3,"featured_media":0,"comment_status":"closed","ping_status":"closed","sticky":false,"template":"","format":"standard","meta":{"footnotes":""},"categories":[16,33],"tags":[],"class_list":["post-1430","post","type-post","status-publish","format-standard","hentry","category-aktual","category-prew"],"_links":{"self":[{"href":"https:\/\/smwroclaw.pl\/index.php?rest_route=\/wp\/v2\/posts\/1430","targetHints":{"allow":["GET"]}}],"collection":[{"href":"https:\/\/smwroclaw.pl\/index.php?rest_route=\/wp\/v2\/posts"}],"about":[{"href":"https:\/\/smwroclaw.pl\/index.php?rest_route=\/wp\/v2\/types\/post"}],"author":[{"embeddable":true,"href":"https:\/\/smwroclaw.pl\/index.php?rest_route=\/wp\/v2\/users\/3"}],"replies":[{"embeddable":true,"href":"https:\/\/smwroclaw.pl\/index.php?rest_route=%2Fwp%2Fv2%2Fcomments&post=1430"}],"version-history":[{"count":4,"href":"https:\/\/smwroclaw.pl\/index.php?rest_route=\/wp\/v2\/posts\/1430\/revisions"}],"predecessor-version":[{"id":1528,"href":"https:\/\/smwroclaw.pl\/index.php?rest_route=\/wp\/v2\/posts\/1430\/revisions\/1528"}],"wp:attachment":[{"href":"https:\/\/smwroclaw.pl\/index.php?rest_route=%2Fwp%2Fv2%2Fmedia&parent=1430"}],"wp:term":[{"taxonomy":"category","embeddable":true,"href":"https:\/\/smwroclaw.pl\/index.php?rest_route=%2Fwp%2Fv2%2Fcategories&post=1430"},{"taxonomy":"post_tag","embeddable":true,"href":"https:\/\/smwroclaw.pl\/index.php?rest_route=%2Fwp%2Fv2%2Ftags&post=1430"}],"curies":[{"name":"wp","href":"https:\/\/api.w.org\/{rel}","templated":true}]}}