{"id":14567,"date":"2020-12-16T12:41:12","date_gmt":"2020-12-16T11:41:12","guid":{"rendered":"http:\/\/smwroclaw.pl\/?p=14567"},"modified":"2020-12-16T12:42:06","modified_gmt":"2020-12-16T11:42:06","slug":"tak-nie-parkujmy-ulica-2","status":"publish","type":"post","link":"https:\/\/smwroclaw.pl\/?p=14567","title":{"rendered":"TAK NIE PARKUJMY &#8211; plac Nankiera"},"content":{"rendered":"<p style=\"text-align: justify;\"><span style=\"font-family: georgia, palatino, serif; font-size: 16px;\"><strong>15 grudnia 2020 r.<\/strong> (wtorek) stra\u017cnicy miejscy kontrolowali prawid\u0142owo\u015b\u0107 parkowania pojazd\u00f3w na <strong>pl. Nankiera,<\/strong> ujawnili <strong>pojazd parkuj\u0105cy\u00a0 w miejscu zabronionym<\/strong> \u2013 (skrzy\u017cowaniu oraz w odleg\u0142o\u015bci mniejszej ni\u017c 10 m od skrzy\u017cowania) \u2013 na ko\u0142a nieprawid\u0142owo zaparkowany pojazd <strong>za\u0142o\u017cono blokad\u0119<\/strong>.<\/span><\/p>\n<p>&nbsp;<\/p>\n<p><img fetchpriority=\"high\" decoding=\"async\" class=\"aligncenter wp-image-14568\" src=\"https:\/\/smwroclaw.pl\/wp-content\/uploads\/2020\/12\/InkedDSCN9141_LI-scaled.jpg\" alt=\"\" width=\"319\" height=\"239\" srcset=\"https:\/\/smwroclaw.pl\/wp-content\/uploads\/2020\/12\/InkedDSCN9141_LI-scaled.jpg 2560w, https:\/\/smwroclaw.pl\/wp-content\/uploads\/2020\/12\/InkedDSCN9141_LI-300x225.jpg 300w, https:\/\/smwroclaw.pl\/wp-content\/uploads\/2020\/12\/InkedDSCN9141_LI-768x576.jpg 768w, https:\/\/smwroclaw.pl\/wp-content\/uploads\/2020\/12\/InkedDSCN9141_LI-1536x1152.jpg 1536w, https:\/\/smwroclaw.pl\/wp-content\/uploads\/2020\/12\/InkedDSCN9141_LI-2048x1536.jpg 2048w\" sizes=\"(max-width: 319px) 100vw, 319px\" \/><\/p>\n<p><!--more--><\/p>\n<p>wf<\/p>\n","protected":false},"excerpt":{"rendered":"<p>15 grudnia 2020 r. (wtorek) stra\u017cnicy miejscy kontrolowali prawid\u0142owo\u015b\u0107 parkowania pojazd\u00f3w na pl. Nankiera, ujawnili pojazd parkuj\u0105cy\u00a0 w miejscu zabronionym \u2013 (skrzy\u017cowaniu oraz w odleg\u0142o\u015bci mniejszej ni\u017c 10 m od skrzy\u017cowania) \u2013 na ko\u0142a nieprawid\u0142owo zaparkowany pojazd za\u0142o\u017cono blokad\u0119. &nbsp;<\/p>\n","protected":false},"author":4,"featured_media":13695,"comment_status":"closed","ping_status":"closed","sticky":false,"template":"","format":"standard","meta":{"footnotes":""},"categories":[16],"tags":[],"class_list":["post-14567","post","type-post","status-publish","format-standard","has-post-thumbnail","hentry","category-aktual"],"_links":{"self":[{"href":"https:\/\/smwroclaw.pl\/index.php?rest_route=\/wp\/v2\/posts\/14567","targetHints":{"allow":["GET"]}}],"collection":[{"href":"https:\/\/smwroclaw.pl\/index.php?rest_route=\/wp\/v2\/posts"}],"about":[{"href":"https:\/\/smwroclaw.pl\/index.php?rest_route=\/wp\/v2\/types\/post"}],"author":[{"embeddable":true,"href":"https:\/\/smwroclaw.pl\/index.php?rest_route=\/wp\/v2\/users\/4"}],"replies":[{"embeddable":true,"href":"https:\/\/smwroclaw.pl\/index.php?rest_route=%2Fwp%2Fv2%2Fcomments&post=14567"}],"version-history":[{"count":3,"href":"https:\/\/smwroclaw.pl\/index.php?rest_route=\/wp\/v2\/posts\/14567\/revisions"}],"predecessor-version":[{"id":14571,"href":"https:\/\/smwroclaw.pl\/index.php?rest_route=\/wp\/v2\/posts\/14567\/revisions\/14571"}],"wp:featuredmedia":[{"embeddable":true,"href":"https:\/\/smwroclaw.pl\/index.php?rest_route=\/wp\/v2\/media\/13695"}],"wp:attachment":[{"href":"https:\/\/smwroclaw.pl\/index.php?rest_route=%2Fwp%2Fv2%2Fmedia&parent=14567"}],"wp:term":[{"taxonomy":"category","embeddable":true,"href":"https:\/\/smwroclaw.pl\/index.php?rest_route=%2Fwp%2Fv2%2Fcategories&post=14567"},{"taxonomy":"post_tag","embeddable":true,"href":"https:\/\/smwroclaw.pl\/index.php?rest_route=%2Fwp%2Fv2%2Ftags&post=14567"}],"curies":[{"name":"wp","href":"https:\/\/api.w.org\/{rel}","templated":true}]}}