{"id":14695,"date":"2020-12-22T09:45:25","date_gmt":"2020-12-22T08:45:25","guid":{"rendered":"http:\/\/smwroclaw.pl\/?p=14695"},"modified":"2020-12-22T09:48:06","modified_gmt":"2020-12-22T08:48:06","slug":"betlejemskie-swiatelko-pokoju-w-strazy-miejskiej","status":"publish","type":"post","link":"https:\/\/smwroclaw.pl\/?p=14695","title":{"rendered":"BETLEJEMSKIE \u015aWIATE\u0141KO POKOJU W STRA\u017bY MIEJSKIEJ"},"content":{"rendered":"<p style=\"text-align: justify;\"><span style=\"font-family: georgia, palatino, serif; font-size: 16px;\"><strong>Betlejemskie \u015awiate\u0142ko Pokoju<\/strong> dotar\u0142o do <strong>Stra\u017cy Miejskiej Wroc\u0142awia<\/strong>. Symboliczny znak nadziei na lepsze jutro zosta\u0142 przekazany przez harcerki i harcerzy z <strong>ZHP<\/strong> na r\u0119ce <strong>Pana Komendanta Zbigniewa S\u0142ysza<\/strong>. Tym darem skauci dziel\u0105 si\u0119, nios\u0105c radosn\u0105 nowin\u0119 i krzewi\u0105c najwi\u0119ksze uniwersalne warto\u015bci braterstwa i pokoju. <\/span><\/p>\n<p style=\"text-align: center;\"><span style=\"font-family: georgia, palatino, serif; font-size: 16px;\"><strong>Dzi\u0119kujemy!!!<\/strong><\/span><\/p>\n<p style=\"text-align: justify;\"><!--more--><\/p>\n<p>&nbsp;<\/p>\n<p>&nbsp;<\/p>\n<p style=\"text-align: center;\"><img fetchpriority=\"high\" decoding=\"async\" class=\"alignnone wp-image-14698\" src=\"https:\/\/smwroclaw.pl\/wp-content\/uploads\/2020\/12\/Swiatelko-canva-300x213.png\" alt=\"\" width=\"770\" height=\"547\" srcset=\"https:\/\/smwroclaw.pl\/wp-content\/uploads\/2020\/12\/Swiatelko-canva-300x213.png 300w, https:\/\/smwroclaw.pl\/wp-content\/uploads\/2020\/12\/Swiatelko-canva-768x545.png 768w, https:\/\/smwroclaw.pl\/wp-content\/uploads\/2020\/12\/Swiatelko-canva-1536x1090.png 1536w, https:\/\/smwroclaw.pl\/wp-content\/uploads\/2020\/12\/Swiatelko-canva.png 1747w\" sizes=\"(max-width: 770px) 100vw, 770px\" \/><\/p>\n<p>BD<\/p>\n<p>&nbsp;<\/p>\n","protected":false},"excerpt":{"rendered":"<p>Betlejemskie \u015awiate\u0142ko Pokoju dotar\u0142o do Stra\u017cy Miejskiej Wroc\u0142awia. Symboliczny znak nadziei na lepsze jutro zosta\u0142 przekazany przez harcerki i harcerzy z ZHP na r\u0119ce Pana Komendanta Zbigniewa S\u0142ysza. Tym darem skauci dziel\u0105 si\u0119, nios\u0105c radosn\u0105 nowin\u0119 i krzewi\u0105c najwi\u0119ksze uniwersalne warto\u015bci braterstwa i pokoju. Dzi\u0119kujemy!!!<\/p>\n","protected":false},"author":7,"featured_media":14696,"comment_status":"closed","ping_status":"closed","sticky":false,"template":"","format":"standard","meta":{"footnotes":""},"categories":[16],"tags":[],"class_list":["post-14695","post","type-post","status-publish","format-standard","has-post-thumbnail","hentry","category-aktual"],"_links":{"self":[{"href":"https:\/\/smwroclaw.pl\/index.php?rest_route=\/wp\/v2\/posts\/14695","targetHints":{"allow":["GET"]}}],"collection":[{"href":"https:\/\/smwroclaw.pl\/index.php?rest_route=\/wp\/v2\/posts"}],"about":[{"href":"https:\/\/smwroclaw.pl\/index.php?rest_route=\/wp\/v2\/types\/post"}],"author":[{"embeddable":true,"href":"https:\/\/smwroclaw.pl\/index.php?rest_route=\/wp\/v2\/users\/7"}],"replies":[{"embeddable":true,"href":"https:\/\/smwroclaw.pl\/index.php?rest_route=%2Fwp%2Fv2%2Fcomments&post=14695"}],"version-history":[{"count":7,"href":"https:\/\/smwroclaw.pl\/index.php?rest_route=\/wp\/v2\/posts\/14695\/revisions"}],"predecessor-version":[{"id":14705,"href":"https:\/\/smwroclaw.pl\/index.php?rest_route=\/wp\/v2\/posts\/14695\/revisions\/14705"}],"wp:featuredmedia":[{"embeddable":true,"href":"https:\/\/smwroclaw.pl\/index.php?rest_route=\/wp\/v2\/media\/14696"}],"wp:attachment":[{"href":"https:\/\/smwroclaw.pl\/index.php?rest_route=%2Fwp%2Fv2%2Fmedia&parent=14695"}],"wp:term":[{"taxonomy":"category","embeddable":true,"href":"https:\/\/smwroclaw.pl\/index.php?rest_route=%2Fwp%2Fv2%2Fcategories&post=14695"},{"taxonomy":"post_tag","embeddable":true,"href":"https:\/\/smwroclaw.pl\/index.php?rest_route=%2Fwp%2Fv2%2Ftags&post=14695"}],"curies":[{"name":"wp","href":"https:\/\/api.w.org\/{rel}","templated":true}]}}