{"id":14726,"date":"2020-12-22T12:54:12","date_gmt":"2020-12-22T11:54:12","guid":{"rendered":"http:\/\/smwroclaw.pl\/?p=14726"},"modified":"2020-12-22T12:57:32","modified_gmt":"2020-12-22T11:57:32","slug":"swiateczne-ciasta-dla-potrzebujacych","status":"publish","type":"post","link":"https:\/\/smwroclaw.pl\/?p=14726","title":{"rendered":"\u015awi\u0105teczne ciasta dla potrzebuj\u0105cych"},"content":{"rendered":"<p style=\"text-align: justify;\"><span style=\"font-family: georgia, palatino, serif; font-size: 16px;\">W dniu <strong>22 grudnia stra\u017cnicy miejscy<\/strong> rozwie\u017ali i dostarczyli <strong>ciasta \u015bwi\u0105teczne osobom potrzebuj\u0105cym<\/strong>. Ciasta <strong>jak co roku<\/strong> ju\u017c\u00a0 <strong>upiek\u0142y dzieci wraz z rodzicami oraz pracownikami Przedszkola nr 51 z ul. Semaforowej 42 na wroc\u0142awskim Brochowie<\/strong>. \u015awi\u0105teczne paczki zosta\u0142y dostarczone do <strong>Domu dla Bezdomnych Kobiet <\/strong>przy ul. Strzegomskiej oraz do<strong> Domu Integracji dla os\u00f3b w kryzysie bezdomno\u015bci Fundacji Homo Sacer<\/strong> przy ul. Boya \u017bele\u0144skiego. Wzruszeni obdarowani <strong>dzi\u0119kuj\u0105<\/strong> dzieciom, rodzicom i pracownikom przedszkola za w\u0142o\u017cony trud i wyborne wypieki. <strong>My r\u00f3wnie\u017c do\u0142\u0105czamy si\u0119 do podzi\u0119kowa\u0144<\/strong>\u00a0 !<\/span><\/p>\n<p><!--more--><\/p>\n<p><img fetchpriority=\"high\" decoding=\"async\" class=\" wp-image-14730 aligncenter\" src=\"https:\/\/smwroclaw.pl\/wp-content\/uploads\/2020\/12\/IMG_1806-1-300x225.jpg\" alt=\"\" width=\"396\" height=\"297\" srcset=\"https:\/\/smwroclaw.pl\/wp-content\/uploads\/2020\/12\/IMG_1806-1-300x225.jpg 300w, https:\/\/smwroclaw.pl\/wp-content\/uploads\/2020\/12\/IMG_1806-1-768x576.jpg 768w, https:\/\/smwroclaw.pl\/wp-content\/uploads\/2020\/12\/IMG_1806-1-1536x1152.jpg 1536w, https:\/\/smwroclaw.pl\/wp-content\/uploads\/2020\/12\/IMG_1806-1.jpg 2016w\" sizes=\"(max-width: 396px) 100vw, 396px\" \/><\/p>\n<p>&nbsp;<\/p>\n<p>&nbsp;<\/p>\n<p>MP<\/p>\n","protected":false},"excerpt":{"rendered":"<p>W dniu 22 grudnia stra\u017cnicy miejscy rozwie\u017ali i dostarczyli ciasta \u015bwi\u0105teczne osobom potrzebuj\u0105cym. Ciasta jak co roku ju\u017c\u00a0 upiek\u0142y dzieci wraz z rodzicami oraz pracownikami Przedszkola nr 51 z ul. Semaforowej 42 na wroc\u0142awskim Brochowie. \u015awi\u0105teczne paczki zosta\u0142y dostarczone do Domu dla Bezdomnych Kobiet przy ul. Strzegomskiej oraz do Domu Integracji dla os\u00f3b w kryzysie [&hellip;]<\/p>\n","protected":false},"author":11,"featured_media":14727,"comment_status":"closed","ping_status":"closed","sticky":false,"template":"","format":"standard","meta":{"footnotes":""},"categories":[16],"tags":[],"class_list":["post-14726","post","type-post","status-publish","format-standard","has-post-thumbnail","hentry","category-aktual"],"_links":{"self":[{"href":"https:\/\/smwroclaw.pl\/index.php?rest_route=\/wp\/v2\/posts\/14726","targetHints":{"allow":["GET"]}}],"collection":[{"href":"https:\/\/smwroclaw.pl\/index.php?rest_route=\/wp\/v2\/posts"}],"about":[{"href":"https:\/\/smwroclaw.pl\/index.php?rest_route=\/wp\/v2\/types\/post"}],"author":[{"embeddable":true,"href":"https:\/\/smwroclaw.pl\/index.php?rest_route=\/wp\/v2\/users\/11"}],"replies":[{"embeddable":true,"href":"https:\/\/smwroclaw.pl\/index.php?rest_route=%2Fwp%2Fv2%2Fcomments&post=14726"}],"version-history":[{"count":4,"href":"https:\/\/smwroclaw.pl\/index.php?rest_route=\/wp\/v2\/posts\/14726\/revisions"}],"predecessor-version":[{"id":14736,"href":"https:\/\/smwroclaw.pl\/index.php?rest_route=\/wp\/v2\/posts\/14726\/revisions\/14736"}],"wp:featuredmedia":[{"embeddable":true,"href":"https:\/\/smwroclaw.pl\/index.php?rest_route=\/wp\/v2\/media\/14727"}],"wp:attachment":[{"href":"https:\/\/smwroclaw.pl\/index.php?rest_route=%2Fwp%2Fv2%2Fmedia&parent=14726"}],"wp:term":[{"taxonomy":"category","embeddable":true,"href":"https:\/\/smwroclaw.pl\/index.php?rest_route=%2Fwp%2Fv2%2Fcategories&post=14726"},{"taxonomy":"post_tag","embeddable":true,"href":"https:\/\/smwroclaw.pl\/index.php?rest_route=%2Fwp%2Fv2%2Ftags&post=14726"}],"curies":[{"name":"wp","href":"https:\/\/api.w.org\/{rel}","templated":true}]}}