{"id":14772,"date":"2021-01-04T20:23:32","date_gmt":"2021-01-04T19:23:32","guid":{"rendered":"http:\/\/smwroclaw.pl\/?p=14772"},"modified":"2021-01-04T20:26:38","modified_gmt":"2021-01-04T19:26:38","slug":"zegnaj-trenerze","status":"publish","type":"post","link":"https:\/\/smwroclaw.pl\/?p=14772","title":{"rendered":"\u017bEGNAJ TRENERZE&#8230;"},"content":{"rendered":"<p style=\"text-align: justify;\"><span style=\"font-family: georgia, palatino, serif; font-size: 16px;\">Z g\u0142\u0119bokim smutkiem zawiadamiamy, \u017ce w dniu dzisiejszym w wieku 91 lat zmar\u0142 <strong>Pan Stanis\u0142aw Przybylak<\/strong>. Od wielu lat zwi\u0105zany z Wroc\u0142awskim Torem Wy\u015bcig\u00f3w Konnych Partynice, gdzie d\u0142ugi czas by\u0142 kierownikiem, a w ostatnim czasie cz\u0142onkiem komisji technicznej. <strong>W 1996 roku, kiedy zapad\u0142a decyzja o utworzeniu patroli konnych w Stra\u017cy Miejskiej Wroc\u0142awia, to w\u0142a\u015bnie pod okiem trenera Stanis\u0142awa Przybylaka wydelegowani funkcjonariusze rozpocz\u0119li szkolenie je\u017adzieckie.<\/strong> Referat Patrolu Konnych tworzy\u0142o w\u00f3wczas 13 je\u017ad\u017ac\u00f3w &#8211; stra\u017cnik\u00f3w na 6 koniach: Krater, Sygnet, Etat, Ataman, Cheron i Intimus.<\/span><!--more--><\/p>\n<p>&nbsp;<\/p>\n<p style=\"text-align: justify;\"><span style=\"font-family: georgia, palatino, serif; font-size: 16px;\"> Pana Stanis\u0142awa b\u0119dziemy wspomina\u0107 jako niezwykle pogodnego, kompetentnego, wymagaj\u0105cego trenera, dla kt\u00f3rego nie by\u0142o rzeczy niemo\u017cliwych. Dzi\u0119kujemy za litry wylanego potu, siniaki, zakwasy, &#8222;star\u0105 szko\u0142\u0119 jazdy&#8221;, za treningi w \u015bniegu i 20\u00b0 mrozie, za wszystkie cenne rady, kt\u00f3rych od innych trener\u00f3w otrzyma\u0107 nie mo\u017cna. Rodzinie przekazujemy szczere wyrazy wsp\u00f3\u0142czucia.<\/span><br \/>\n<span style=\"font-family: georgia, palatino, serif; font-size: 16px;\">Byli i obecni funkcjonariusze z Referatu Patroli Konnych: Beata i Zbigniew Dopiera\u0142a, Anna Makosz, Katarzyna Kaczor, Dariusz Szyd\u0142owski, Piotr Zuba, Przemys\u0142aw \u015awiderek, Zbigniew Golonka, Jacek G\u00f3ral, Krzysztof Jakubczyk, Anna Fija\u0142kowski, Magdalena Wilk, Grzegorz Konieczny, Micha\u0142 Zastawny, Joanna Boda\u0144czuk, Anna Bogucka, Micha\u0142 Dardzi\u0144ski, Anna Andryszczyk.<\/span><\/p>\n<p>&nbsp;<\/p>\n<p style=\"text-align: center;\"><img fetchpriority=\"high\" decoding=\"async\" class=\"alignnone wp-image-14774\" src=\"https:\/\/smwroclaw.pl\/wp-content\/uploads\/2021\/01\/Przybylak-232x300.jpg\" alt=\"\" width=\"275\" height=\"356\" srcset=\"https:\/\/smwroclaw.pl\/wp-content\/uploads\/2021\/01\/Przybylak-232x300.jpg 232w, https:\/\/smwroclaw.pl\/wp-content\/uploads\/2021\/01\/Przybylak-768x992.jpg 768w, https:\/\/smwroclaw.pl\/wp-content\/uploads\/2021\/01\/Przybylak-1189x1536.jpg 1189w, https:\/\/smwroclaw.pl\/wp-content\/uploads\/2021\/01\/Przybylak.jpg 1239w\" sizes=\"(max-width: 275px) 100vw, 275px\" \/> <img decoding=\"async\" class=\"alignnone wp-image-14773\" src=\"https:\/\/smwroclaw.pl\/wp-content\/uploads\/2021\/01\/Przybylak-S-292x300.jpg\" alt=\"\" width=\"346\" height=\"355\" srcset=\"https:\/\/smwroclaw.pl\/wp-content\/uploads\/2021\/01\/Przybylak-S-292x300.jpg 292w, https:\/\/smwroclaw.pl\/wp-content\/uploads\/2021\/01\/Przybylak-S-768x790.jpg 768w, https:\/\/smwroclaw.pl\/wp-content\/uploads\/2021\/01\/Przybylak-S-1493x1536.jpg 1493w, https:\/\/smwroclaw.pl\/wp-content\/uploads\/2021\/01\/Przybylak-S.jpg 1555w\" sizes=\"(max-width: 346px) 100vw, 346px\" \/><\/p>\n<p>BD<\/p>\n","protected":false},"excerpt":{"rendered":"<p>Z g\u0142\u0119bokim smutkiem zawiadamiamy, \u017ce w dniu dzisiejszym w wieku 91 lat zmar\u0142 Pan Stanis\u0142aw Przybylak. Od wielu lat zwi\u0105zany z Wroc\u0142awskim Torem Wy\u015bcig\u00f3w Konnych Partynice, gdzie d\u0142ugi czas by\u0142 kierownikiem, a w ostatnim czasie cz\u0142onkiem komisji technicznej. W 1996 roku, kiedy zapad\u0142a decyzja o utworzeniu patroli konnych w Stra\u017cy Miejskiej Wroc\u0142awia, to w\u0142a\u015bnie pod [&hellip;]<\/p>\n","protected":false},"author":7,"featured_media":14776,"comment_status":"closed","ping_status":"closed","sticky":false,"template":"","format":"standard","meta":{"footnotes":""},"categories":[16],"tags":[],"class_list":["post-14772","post","type-post","status-publish","format-standard","has-post-thumbnail","hentry","category-aktual"],"_links":{"self":[{"href":"https:\/\/smwroclaw.pl\/index.php?rest_route=\/wp\/v2\/posts\/14772","targetHints":{"allow":["GET"]}}],"collection":[{"href":"https:\/\/smwroclaw.pl\/index.php?rest_route=\/wp\/v2\/posts"}],"about":[{"href":"https:\/\/smwroclaw.pl\/index.php?rest_route=\/wp\/v2\/types\/post"}],"author":[{"embeddable":true,"href":"https:\/\/smwroclaw.pl\/index.php?rest_route=\/wp\/v2\/users\/7"}],"replies":[{"embeddable":true,"href":"https:\/\/smwroclaw.pl\/index.php?rest_route=%2Fwp%2Fv2%2Fcomments&post=14772"}],"version-history":[{"count":4,"href":"https:\/\/smwroclaw.pl\/index.php?rest_route=\/wp\/v2\/posts\/14772\/revisions"}],"predecessor-version":[{"id":14780,"href":"https:\/\/smwroclaw.pl\/index.php?rest_route=\/wp\/v2\/posts\/14772\/revisions\/14780"}],"wp:featuredmedia":[{"embeddable":true,"href":"https:\/\/smwroclaw.pl\/index.php?rest_route=\/wp\/v2\/media\/14776"}],"wp:attachment":[{"href":"https:\/\/smwroclaw.pl\/index.php?rest_route=%2Fwp%2Fv2%2Fmedia&parent=14772"}],"wp:term":[{"taxonomy":"category","embeddable":true,"href":"https:\/\/smwroclaw.pl\/index.php?rest_route=%2Fwp%2Fv2%2Fcategories&post=14772"},{"taxonomy":"post_tag","embeddable":true,"href":"https:\/\/smwroclaw.pl\/index.php?rest_route=%2Fwp%2Fv2%2Ftags&post=14772"}],"curies":[{"name":"wp","href":"https:\/\/api.w.org\/{rel}","templated":true}]}}