{"id":14787,"date":"2021-01-05T09:16:57","date_gmt":"2021-01-05T08:16:57","guid":{"rendered":"http:\/\/smwroclaw.pl\/?p=14787"},"modified":"2021-01-05T09:16:57","modified_gmt":"2021-01-05T08:16:57","slug":"tak-nie-parkujmy-ulica-mennicza-5","status":"publish","type":"post","link":"https:\/\/smwroclaw.pl\/?p=14787","title":{"rendered":"TAK NIE PARKUJMY &#8211; ulica Mennicza"},"content":{"rendered":"<p style=\"text-align: justify;\"><span class=\"d2edcug0 hpfvmrgz qv66sw1b c1et5uql rrkovp55 a8c37x1j keod5gw0 nxhoafnm aigsh9s9 d3f4x2em fe6kdd0r mau55g9w c8b282yb iv3no6db jq4qci2q a3bd9o3v knj5qynh oo9gr5id hzawbc8m\" dir=\"auto\" style=\"font-family: georgia, palatino, serif; font-size: 16px;\"><strong>4 stycznia 2021 r.<\/strong> (poniedzia\u0142ek) ulica Mennicza &#8211; stra\u017cnicy interweniuj\u0105 w miejscu obowi\u0105zywania znaku <strong>B-35<\/strong> (zakaz postoju) i <strong>D-40<\/strong> (strefa zamieszkania) &#8211; na ko\u0142a nieprawid\u0142owo zaparkowanych pojazd\u00f3w, <strong>za\u0142o\u017cono 8 blokad.<\/strong><\/span><\/p>\n<p>&nbsp;<\/p>\n<p>&nbsp;<\/p>\n<p><img fetchpriority=\"high\" decoding=\"async\" class=\"aligncenter  wp-image-14784\" src=\"https:\/\/smwroclaw.pl\/wp-content\/uploads\/2021\/01\/InkedIMG_20210104_115130_resized_20210105_085844430_LI.jpg\" alt=\"\" width=\"387\" height=\"218\" srcset=\"https:\/\/smwroclaw.pl\/wp-content\/uploads\/2021\/01\/InkedIMG_20210104_115130_resized_20210105_085844430_LI.jpg 1820w, https:\/\/smwroclaw.pl\/wp-content\/uploads\/2021\/01\/InkedIMG_20210104_115130_resized_20210105_085844430_LI-300x169.jpg 300w, https:\/\/smwroclaw.pl\/wp-content\/uploads\/2021\/01\/InkedIMG_20210104_115130_resized_20210105_085844430_LI-768x432.jpg 768w, https:\/\/smwroclaw.pl\/wp-content\/uploads\/2021\/01\/InkedIMG_20210104_115130_resized_20210105_085844430_LI-1536x864.jpg 1536w\" sizes=\"(max-width: 387px) 100vw, 387px\" \/><\/p>\n<p><!--more--><\/p>\n<p>wf<\/p>\n","protected":false},"excerpt":{"rendered":"<p>4 stycznia 2021 r. (poniedzia\u0142ek) ulica Mennicza &#8211; stra\u017cnicy interweniuj\u0105 w miejscu obowi\u0105zywania znaku B-35 (zakaz postoju) i D-40 (strefa zamieszkania) &#8211; na ko\u0142a nieprawid\u0142owo zaparkowanych pojazd\u00f3w, za\u0142o\u017cono 8 blokad. &nbsp; &nbsp;<\/p>\n","protected":false},"author":4,"featured_media":13695,"comment_status":"closed","ping_status":"closed","sticky":false,"template":"","format":"standard","meta":{"footnotes":""},"categories":[16],"tags":[],"class_list":["post-14787","post","type-post","status-publish","format-standard","has-post-thumbnail","hentry","category-aktual"],"_links":{"self":[{"href":"https:\/\/smwroclaw.pl\/index.php?rest_route=\/wp\/v2\/posts\/14787","targetHints":{"allow":["GET"]}}],"collection":[{"href":"https:\/\/smwroclaw.pl\/index.php?rest_route=\/wp\/v2\/posts"}],"about":[{"href":"https:\/\/smwroclaw.pl\/index.php?rest_route=\/wp\/v2\/types\/post"}],"author":[{"embeddable":true,"href":"https:\/\/smwroclaw.pl\/index.php?rest_route=\/wp\/v2\/users\/4"}],"replies":[{"embeddable":true,"href":"https:\/\/smwroclaw.pl\/index.php?rest_route=%2Fwp%2Fv2%2Fcomments&post=14787"}],"version-history":[{"count":3,"href":"https:\/\/smwroclaw.pl\/index.php?rest_route=\/wp\/v2\/posts\/14787\/revisions"}],"predecessor-version":[{"id":14790,"href":"https:\/\/smwroclaw.pl\/index.php?rest_route=\/wp\/v2\/posts\/14787\/revisions\/14790"}],"wp:featuredmedia":[{"embeddable":true,"href":"https:\/\/smwroclaw.pl\/index.php?rest_route=\/wp\/v2\/media\/13695"}],"wp:attachment":[{"href":"https:\/\/smwroclaw.pl\/index.php?rest_route=%2Fwp%2Fv2%2Fmedia&parent=14787"}],"wp:term":[{"taxonomy":"category","embeddable":true,"href":"https:\/\/smwroclaw.pl\/index.php?rest_route=%2Fwp%2Fv2%2Fcategories&post=14787"},{"taxonomy":"post_tag","embeddable":true,"href":"https:\/\/smwroclaw.pl\/index.php?rest_route=%2Fwp%2Fv2%2Ftags&post=14787"}],"curies":[{"name":"wp","href":"https:\/\/api.w.org\/{rel}","templated":true}]}}