{"id":14798,"date":"2021-01-05T12:09:33","date_gmt":"2021-01-05T11:09:33","guid":{"rendered":"http:\/\/smwroclaw.pl\/?p=14798"},"modified":"2021-01-05T12:09:33","modified_gmt":"2021-01-05T11:09:33","slug":"bezpieczne-covidowe-ferie-zimowe","status":"publish","type":"post","link":"https:\/\/smwroclaw.pl\/?p=14798","title":{"rendered":"BEZPIECZNE COVIDOWE FERIE ZIMOWE"},"content":{"rendered":"<p style=\"text-align: justify;\"><span style=\"font-family: georgia, palatino, serif; font-size: 16px;\"><strong>Zima, zima, pada, pada \u015bnieg<\/strong>\u2026, wszyscy t\u0119sknimy za normalnym wypoczynkiem. Z nadziej\u0105 stosowali\u015bmy si\u0119 do kolejnych nakaz\u00f3w i obostrze\u0144, czekaj\u0105c na <strong>upragnione ferie<\/strong>. Dzieci mia\u0142y wi\u0119cej czasu sp\u0119dzi\u0107 na powietrzu, je\u017cd\u017c\u0105c na sankach, nartach, \u0142y\u017cwach, tocz\u0105c bitwy na \u015bnie\u017cki, zwiedzaj\u0105c g\u00f3ry czy swoj\u0105 miejscowo\u015b\u0107. Czekali\u015bmy na jedno, aby w ko\u0144cu oderwa\u0107 si\u0119 od ekranu komputera, tableta, smartfona. Chcieli\u015bmy z naszymi dzie\u0107mi po prostu odetchn\u0105\u0107 pe\u0142n\u0105 piersi\u0105 i\u00a0odpocz\u0105\u0107. Zazwyczaj terminy ferii by\u0142y r\u00f3\u017cne dla poszczeg\u00f3lnych wojew\u00f3dztw, jednak w tym roku ze wzgl\u0119du na <strong>epidemi\u0119 koronawirusa<\/strong> i panuj\u0105ce ograniczenia odbywaj\u0105 si\u0119 w jednym czasie od <strong>4 do 17 stycznia<\/strong>. Wytyczne rekomenduj\u0105, aby pozosta\u0107 w pobli\u017cu swojego miejsca zamieszkania, ograniczy\u0107 przemieszczanie si\u0119, przez co zmniejszy\u0107 ryzyko rozprzestrzeniania si\u0119 koronawirusa. Ferie szczeg\u00f3lnie takie jak tegoroczne musz\u0105 by\u0107 bezpieczne jednak przebieg\u0142y szcz\u0119\u015bliwie, nale\u017cy pami\u0119ta\u0107 o podstawowych zasadach bezpiecze\u0144stwa.<\/span><!--more--><\/p>\n<p style=\"text-align: justify;\"><span style=\"font-family: georgia, palatino, serif; font-size: 16px;\"> Wypoczynek zorganizowany mo\u017ce odbywa\u0107 si\u0119 tylko w formie p\u00f3\u0142kolonii, na terenie szko\u0142y, plac\u00f3wki prowadzonej przez dyrektora, organizacje pozarz\u0105dowe, za zgoda dyrektora (stowarzyszenia, organizacje harcerskie, kt\u00f3rych celem statutowym jest dzia\u0142alno\u015b\u0107 wychowawcza, albo rozszerzanie i wzbogacanie form dzia\u0142alno\u015bci dydaktycznej,wychowawczej, opieku\u0144czej i innowacyjnej szko\u0142y lub plac\u00f3wki. Uczestnikami p\u00f3\u0142kolonii mog\u0105 by\u0107 uczniowie klas I \u2013 IV, bez objaw\u00f3w chorobowych (katar, kaszel, podwy\u017cszona temperatura), w grupach do 12 os\u00f3b. Zar\u00f3wno dla rodzic\u00f3w dzieci pozostaj\u0105cych w domach, jak i opiekun\u00f3w p\u00f3\u0142kolonii jest to czas wzmo\u017conej uwagi skierowanej na warunki bezpiecze\u0144stwa. Dlatego przypominamy o kilku wa\u017cnych zasadach w czasie wypoczynku zimowego.<\/span><\/p>\n<p><img fetchpriority=\"high\" decoding=\"async\" class=\"alignnone  wp-image-14802 aligncenter\" src=\"https:\/\/smwroclaw.pl\/wp-content\/uploads\/2021\/01\/Bezpieczne-ferie-300x213.png\" alt=\"\" width=\"589\" height=\"418\" srcset=\"https:\/\/smwroclaw.pl\/wp-content\/uploads\/2021\/01\/Bezpieczne-ferie-300x213.png 300w, https:\/\/smwroclaw.pl\/wp-content\/uploads\/2021\/01\/Bezpieczne-ferie-768x545.png 768w, https:\/\/smwroclaw.pl\/wp-content\/uploads\/2021\/01\/Bezpieczne-ferie-1536x1090.png 1536w, https:\/\/smwroclaw.pl\/wp-content\/uploads\/2021\/01\/Bezpieczne-ferie.png 1747w\" sizes=\"(max-width: 589px) 100vw, 589px\" \/><\/p>\n<p style=\"text-align: center;\"><img decoding=\"async\" class=\"alignnone  wp-image-14799\" src=\"https:\/\/smwroclaw.pl\/wp-content\/uploads\/2021\/01\/Bezpieczne-ferie-1-300x213.png\" alt=\"\" width=\"586\" height=\"416\" srcset=\"https:\/\/smwroclaw.pl\/wp-content\/uploads\/2021\/01\/Bezpieczne-ferie-1-300x213.png 300w, https:\/\/smwroclaw.pl\/wp-content\/uploads\/2021\/01\/Bezpieczne-ferie-1-768x545.png 768w, https:\/\/smwroclaw.pl\/wp-content\/uploads\/2021\/01\/Bezpieczne-ferie-1-1536x1090.png 1536w, https:\/\/smwroclaw.pl\/wp-content\/uploads\/2021\/01\/Bezpieczne-ferie-1.png 1747w\" sizes=\"(max-width: 586px) 100vw, 586px\" \/><\/p>\n<p style=\"text-align: center;\"><img decoding=\"async\" class=\"alignnone  wp-image-14800\" src=\"https:\/\/smwroclaw.pl\/wp-content\/uploads\/2021\/01\/Bezpieczne-ferie-2-300x213.png\" alt=\"\" width=\"590\" height=\"419\" srcset=\"https:\/\/smwroclaw.pl\/wp-content\/uploads\/2021\/01\/Bezpieczne-ferie-2-300x213.png 300w, https:\/\/smwroclaw.pl\/wp-content\/uploads\/2021\/01\/Bezpieczne-ferie-2-768x545.png 768w, https:\/\/smwroclaw.pl\/wp-content\/uploads\/2021\/01\/Bezpieczne-ferie-2-1536x1090.png 1536w, https:\/\/smwroclaw.pl\/wp-content\/uploads\/2021\/01\/Bezpieczne-ferie-2.png 1747w\" sizes=\"(max-width: 590px) 100vw, 590px\" \/><\/p>\n<p style=\"text-align: center;\">\n<strong><span style=\"font-family: georgia, palatino, serif; font-size: 16px;\">BEZPIECZNE FERIE &#8211; <\/span><span style=\"font-family: georgia, palatino, serif; font-size: 16px;\">ZASADY, O KT\u00d3RYCH ZAWSZE NALE\u017bY PAMI\u0118TA\u0106!<\/span><\/strong><\/p>\n<p style=\"text-align: justify;\"><span style=\"font-family: georgia, palatino, serif; font-size: 16px;\"><strong>1.<\/strong> Zawsze informuj rodzic\u00f3w\/opiekun\u00f3w gdzie i z kim b\u0119dziesz przebywa\u0142!<\/span><br \/>\n<span style=\"font-family: georgia, palatino, serif; font-size: 16px;\"><strong>2.<\/strong> Omijaj zamarzni\u0119te jeziora, rzeki, stawy! Nigdy nie mo\u017cna by\u0107 pewnym wytrzyma\u0142o\u015bci tafli lodowej. Je\u015bli chcesz bezpiecznie je\u017adzi\u0107 na \u0142y\u017cwach, skorzystaj<\/span><br \/>\n<span style=\"font-family: georgia, palatino, serif; font-size: 16px;\">z przygotowanych lodowisk \u2013 miejsc do tego przeznaczonych.<\/span><br \/>\n<span style=\"font-family: georgia, palatino, serif; font-size: 16px;\"><strong>3.<\/strong> Do swoich zabaw na \u015bniegu, takich jak: zjazdy na sankach, nartach \u2013 wybieraj miejsca bezpieczne, oddalone od ulic, skrzy\u017cowa\u0144 i innych ci\u0105g\u00f3w komunikacyjnych.<\/span><br \/>\n<span style=\"font-family: georgia, palatino, serif; font-size: 16px;\"><strong>4.<\/strong> Wracaj do domu zawsze o ustalonej porze, przed zapadni\u0119ciem zmroku!<\/span><br \/>\n<span style=\"font-family: georgia, palatino, serif; font-size: 16px;\"><strong>5.<\/strong> Bawi\u0105c si\u0119 na powietrzu, dostosuj ubi\u00f3r do warunk\u00f3w pogodowych, tak aby nadmiernie nie wych\u0142odzi\u0107 swojego organizmu.<\/span><br \/>\n<span style=\"font-family: georgia, palatino, serif; font-size: 16px;\"><strong>6.<\/strong> Najbezpieczniej jest bawi\u0107 si\u0119 pod opiek\u0105 doros\u0142ych, opiekun\u00f3w.<\/span><br \/>\n<span style=\"font-family: georgia, palatino, serif; font-size: 16px;\"><strong>7<\/strong>. Korzystaj ze zorganizowanych form wypoczynku \u2013 tam jest bezpiecznie!<\/span><br \/>\n<span style=\"font-family: georgia, palatino, serif; font-size: 16px;\"><strong>8.<\/strong> Unikaj rozm\u00f3w z obcymi lud\u017ami. Nie przyjmuj od nich prezent\u00f3w, nie oddalaj si\u0119<\/span><br \/>\n<span style=\"font-family: georgia, palatino, serif; font-size: 16px;\">z nieznajomym.<\/span><br \/>\n<span style=\"font-family: georgia, palatino, serif; font-size: 16px;\"><strong>9.<\/strong> Unikaj zabaw oraz przebywania w miejscach, nad kt\u00f3rymi zwisaj\u0105 sople lodu. Powiadom osob\u0119 doros\u0142\u0105, kt\u00f3ra podejmie dzia\u0142ania zmierzaj\u0105ce do usuni\u0119cia zagro\u017cenia.<\/span><br \/>\n<span style=\"font-family: georgia, palatino, serif; font-size: 16px;\"><strong>10.<\/strong> Nie rzucaj w jad\u0105ce pojazdy \u015bnie\u017ckami.<\/span><br \/>\n<span style=\"font-family: georgia, palatino, serif; font-size: 16px;\"><strong>11.<\/strong> Nie rzucaj w inne osoby \u015bnie\u017ckami z ubitego \u015bniegu, kawa\u0142kami lodu lub \u015bnie\u017ckami <\/span><span style=\"font-family: georgia, palatino, serif; font-size: 16px;\">z twardymi przedmiotami w \u015brodku.<\/span><br \/>\n<span style=\"font-family: georgia, palatino, serif; font-size: 16px;\"><strong>12.<\/strong> Kulig organizuj wy\u0142\u0105cznie pod nadzorem os\u00f3b doros\u0142ych. Pami\u0119taj, \u017ce mo\u017ce on odbywa\u0107 si\u0119 tylko poza obszarem dr\u00f3g publicznych.<\/span><br \/>\n<span style=\"font-family: georgia, palatino, serif; font-size: 16px;\"><strong>13.<\/strong> Nigdy nie doczepiaj sanek do samochodu i innych pojazd\u00f3w.<\/span><br \/>\n<span style=\"font-family: georgia, palatino, serif; font-size: 16px;\"><strong>14.<\/strong> U\u017cywaj element\u00f3w odblaskowych na odzie\u017cy zewn\u0119trznej.<\/span><br \/>\n<span style=\"font-family: georgia, palatino, serif; font-size: 16px;\"><strong>15.<\/strong> Wybieraj bezpieczne miejsca do zabawy \u2013 z dala od ulic, most\u00f3w, tor\u00f3w kolejowych!<\/span><br \/>\n<span style=\"font-family: georgia, palatino, serif; font-size: 16px;\"><strong>16.<\/strong> Zje\u017cd\u017caj na sankach, nartach z g\u00f3rek, kt\u00f3re znajduj\u0105 si\u0119 daleko od jezdni!<\/span><br \/>\n<span style=\"font-family: georgia, palatino, serif; font-size: 16px;\"><strong>17.<\/strong> W zimowe dni widoczno\u015b\u0107 na drodze jest ograniczona i kierowcy potrzebuj\u0105 wi\u0119cej czasu <\/span><span style=\"font-family: georgia, palatino, serif; font-size: 16px;\">do zahamowania pojazdu. Na jezdni\u0119 wchod\u017a uwa\u017cnie i spokojnie, rozejrzyj si\u0119.<\/span><br \/>\n<span style=\"font-family: georgia, palatino, serif; font-size: 16px;\"><strong>18. <\/strong>Pami\u0119taj o zasadach zdrowego stylu \u017cycia, od\u017cywiania oraz <\/span><span style=\"font-family: georgia, palatino, serif; font-size: 16px;\">o zachowaniu podstawowych zasad higieny, kt\u00f3re pomog\u0105 uchroni\u0107 ci\u0119 przed zachorowaniem.<\/span><\/p>\n<p style=\"text-align: center;\"><strong><span style=\"font-family: georgia, palatino, serif; font-size: 16px;\">\u017bYCZYMY BEZPIECZNYCH FERII!!!<\/span><\/strong><\/p>\n<p>BD<\/p>\n","protected":false},"excerpt":{"rendered":"<p>Zima, zima, pada, pada \u015bnieg\u2026, wszyscy t\u0119sknimy za normalnym wypoczynkiem. Z nadziej\u0105 stosowali\u015bmy si\u0119 do kolejnych nakaz\u00f3w i obostrze\u0144, czekaj\u0105c na upragnione ferie. Dzieci mia\u0142y wi\u0119cej czasu sp\u0119dzi\u0107 na powietrzu, je\u017cd\u017c\u0105c na sankach, nartach, \u0142y\u017cwach, tocz\u0105c bitwy na \u015bnie\u017cki, zwiedzaj\u0105c g\u00f3ry czy swoj\u0105 miejscowo\u015b\u0107. Czekali\u015bmy na jedno, aby w ko\u0144cu oderwa\u0107 si\u0119 od ekranu komputera, [&hellip;]<\/p>\n","protected":false},"author":7,"featured_media":14801,"comment_status":"closed","ping_status":"closed","sticky":false,"template":"","format":"standard","meta":{"footnotes":""},"categories":[16],"tags":[],"class_list":["post-14798","post","type-post","status-publish","format-standard","has-post-thumbnail","hentry","category-aktual"],"_links":{"self":[{"href":"https:\/\/smwroclaw.pl\/index.php?rest_route=\/wp\/v2\/posts\/14798","targetHints":{"allow":["GET"]}}],"collection":[{"href":"https:\/\/smwroclaw.pl\/index.php?rest_route=\/wp\/v2\/posts"}],"about":[{"href":"https:\/\/smwroclaw.pl\/index.php?rest_route=\/wp\/v2\/types\/post"}],"author":[{"embeddable":true,"href":"https:\/\/smwroclaw.pl\/index.php?rest_route=\/wp\/v2\/users\/7"}],"replies":[{"embeddable":true,"href":"https:\/\/smwroclaw.pl\/index.php?rest_route=%2Fwp%2Fv2%2Fcomments&post=14798"}],"version-history":[{"count":2,"href":"https:\/\/smwroclaw.pl\/index.php?rest_route=\/wp\/v2\/posts\/14798\/revisions"}],"predecessor-version":[{"id":14804,"href":"https:\/\/smwroclaw.pl\/index.php?rest_route=\/wp\/v2\/posts\/14798\/revisions\/14804"}],"wp:featuredmedia":[{"embeddable":true,"href":"https:\/\/smwroclaw.pl\/index.php?rest_route=\/wp\/v2\/media\/14801"}],"wp:attachment":[{"href":"https:\/\/smwroclaw.pl\/index.php?rest_route=%2Fwp%2Fv2%2Fmedia&parent=14798"}],"wp:term":[{"taxonomy":"category","embeddable":true,"href":"https:\/\/smwroclaw.pl\/index.php?rest_route=%2Fwp%2Fv2%2Fcategories&post=14798"},{"taxonomy":"post_tag","embeddable":true,"href":"https:\/\/smwroclaw.pl\/index.php?rest_route=%2Fwp%2Fv2%2Ftags&post=14798"}],"curies":[{"name":"wp","href":"https:\/\/api.w.org\/{rel}","templated":true}]}}