{"id":14852,"date":"2021-01-08T11:21:36","date_gmt":"2021-01-08T10:21:36","guid":{"rendered":"http:\/\/smwroclaw.pl\/?p=14852"},"modified":"2021-01-08T11:34:44","modified_gmt":"2021-01-08T10:34:44","slug":"tak-nie-parkujmy-16","status":"publish","type":"post","link":"https:\/\/smwroclaw.pl\/?p=14852","title":{"rendered":"TAK NIE PARKUJMY!"},"content":{"rendered":"<p><span style=\"font-family: georgia, palatino, serif; font-size: 16px;\"><strong>7 stycznia 2021 r.<\/strong> (czwartek) stra\u017cnicy miejscy zauwa\u017cyli na ulicy <strong>Uniwersyteckiej<\/strong> dwa pojazdy zaparkowane na <strong>miejscach tylko dla pojazd\u00f3w elektrycznych<\/strong>. Jak si\u0119 okaza\u0142o by\u0142y to pojazdy spalinowe &#8211; <strong>na ko\u0142a pojazd\u00f3w nieprawid\u0142owo zaparkowanych zosta\u0142y za\u0142o\u017cone blokady.<\/strong><\/span><\/p>\n<p><strong><span style=\"font-family: georgia, palatino, serif; font-size: 16px;\">Dla zainteresowanych tematem: <\/span><\/strong><span style=\"font-family: georgia, palatino, serif; font-size: 16px;\"><a href=\"https:\/\/bip.um.wroc.pl\/artykul\/376\/34155\/nowe-zasady-parkowania-pojazdow-elektrycznych\">https:\/\/bip.um.wroc.pl\/artykul\/376\/34155\/nowe-zasady-parkowania-pojazdow-elektrycznych<\/a><\/span><\/p>\n<p>&nbsp;<\/p>\n<p><img fetchpriority=\"high\" decoding=\"async\" class=\"aligncenter wp-image-14853\" src=\"https:\/\/smwroclaw.pl\/wp-content\/uploads\/2021\/01\/InkedDSCN9533_LI-scaled.jpg\" alt=\"\" width=\"348\" height=\"261\" srcset=\"https:\/\/smwroclaw.pl\/wp-content\/uploads\/2021\/01\/InkedDSCN9533_LI-scaled.jpg 2560w, https:\/\/smwroclaw.pl\/wp-content\/uploads\/2021\/01\/InkedDSCN9533_LI-300x225.jpg 300w, https:\/\/smwroclaw.pl\/wp-content\/uploads\/2021\/01\/InkedDSCN9533_LI-768x576.jpg 768w, https:\/\/smwroclaw.pl\/wp-content\/uploads\/2021\/01\/InkedDSCN9533_LI-1536x1152.jpg 1536w, https:\/\/smwroclaw.pl\/wp-content\/uploads\/2021\/01\/InkedDSCN9533_LI-2048x1536.jpg 2048w\" sizes=\"(max-width: 348px) 100vw, 348px\" \/><\/p>\n<p><!--more--><\/p>\n<p>&nbsp;<\/p>\n<p><img decoding=\"async\" class=\"aligncenter wp-image-14854\" src=\"https:\/\/smwroclaw.pl\/wp-content\/uploads\/2021\/01\/InkedDSCN9534_LI-scaled.jpg\" alt=\"\" width=\"522\" height=\"392\" srcset=\"https:\/\/smwroclaw.pl\/wp-content\/uploads\/2021\/01\/InkedDSCN9534_LI-scaled.jpg 2560w, https:\/\/smwroclaw.pl\/wp-content\/uploads\/2021\/01\/InkedDSCN9534_LI-300x225.jpg 300w, https:\/\/smwroclaw.pl\/wp-content\/uploads\/2021\/01\/InkedDSCN9534_LI-768x576.jpg 768w, https:\/\/smwroclaw.pl\/wp-content\/uploads\/2021\/01\/InkedDSCN9534_LI-1536x1152.jpg 1536w, https:\/\/smwroclaw.pl\/wp-content\/uploads\/2021\/01\/InkedDSCN9534_LI-2048x1536.jpg 2048w\" sizes=\"(max-width: 522px) 100vw, 522px\" \/><\/p>\n<p><img decoding=\"async\" class=\"aligncenter  wp-image-14859\" src=\"https:\/\/smwroclaw.pl\/wp-content\/uploads\/2021\/01\/Screenshot_20210108_112825_com.android.chrome.jpg\" alt=\"\" width=\"457\" height=\"790\" srcset=\"https:\/\/smwroclaw.pl\/wp-content\/uploads\/2021\/01\/Screenshot_20210108_112825_com.android.chrome.jpg 1034w, https:\/\/smwroclaw.pl\/wp-content\/uploads\/2021\/01\/Screenshot_20210108_112825_com.android.chrome-173x300.jpg 173w, https:\/\/smwroclaw.pl\/wp-content\/uploads\/2021\/01\/Screenshot_20210108_112825_com.android.chrome-768x1328.jpg 768w, https:\/\/smwroclaw.pl\/wp-content\/uploads\/2021\/01\/Screenshot_20210108_112825_com.android.chrome-888x1536.jpg 888w\" sizes=\"(max-width: 457px) 100vw, 457px\" \/><\/p>\n<p>wf<\/p>\n","protected":false},"excerpt":{"rendered":"<p>7 stycznia 2021 r. (czwartek) stra\u017cnicy miejscy zauwa\u017cyli na ulicy Uniwersyteckiej dwa pojazdy zaparkowane na miejscach tylko dla pojazd\u00f3w elektrycznych. Jak si\u0119 okaza\u0142o by\u0142y to pojazdy spalinowe &#8211; na ko\u0142a pojazd\u00f3w nieprawid\u0142owo zaparkowanych zosta\u0142y za\u0142o\u017cone blokady. Dla zainteresowanych tematem: https:\/\/bip.um.wroc.pl\/artykul\/376\/34155\/nowe-zasady-parkowania-pojazdow-elektrycznych &nbsp;<\/p>\n","protected":false},"author":4,"featured_media":13695,"comment_status":"closed","ping_status":"closed","sticky":false,"template":"","format":"standard","meta":{"footnotes":""},"categories":[16],"tags":[],"class_list":["post-14852","post","type-post","status-publish","format-standard","has-post-thumbnail","hentry","category-aktual"],"_links":{"self":[{"href":"https:\/\/smwroclaw.pl\/index.php?rest_route=\/wp\/v2\/posts\/14852","targetHints":{"allow":["GET"]}}],"collection":[{"href":"https:\/\/smwroclaw.pl\/index.php?rest_route=\/wp\/v2\/posts"}],"about":[{"href":"https:\/\/smwroclaw.pl\/index.php?rest_route=\/wp\/v2\/types\/post"}],"author":[{"embeddable":true,"href":"https:\/\/smwroclaw.pl\/index.php?rest_route=\/wp\/v2\/users\/4"}],"replies":[{"embeddable":true,"href":"https:\/\/smwroclaw.pl\/index.php?rest_route=%2Fwp%2Fv2%2Fcomments&post=14852"}],"version-history":[{"count":5,"href":"https:\/\/smwroclaw.pl\/index.php?rest_route=\/wp\/v2\/posts\/14852\/revisions"}],"predecessor-version":[{"id":14860,"href":"https:\/\/smwroclaw.pl\/index.php?rest_route=\/wp\/v2\/posts\/14852\/revisions\/14860"}],"wp:featuredmedia":[{"embeddable":true,"href":"https:\/\/smwroclaw.pl\/index.php?rest_route=\/wp\/v2\/media\/13695"}],"wp:attachment":[{"href":"https:\/\/smwroclaw.pl\/index.php?rest_route=%2Fwp%2Fv2%2Fmedia&parent=14852"}],"wp:term":[{"taxonomy":"category","embeddable":true,"href":"https:\/\/smwroclaw.pl\/index.php?rest_route=%2Fwp%2Fv2%2Fcategories&post=14852"},{"taxonomy":"post_tag","embeddable":true,"href":"https:\/\/smwroclaw.pl\/index.php?rest_route=%2Fwp%2Fv2%2Ftags&post=14852"}],"curies":[{"name":"wp","href":"https:\/\/api.w.org\/{rel}","templated":true}]}}