{"id":14967,"date":"2021-01-14T17:18:39","date_gmt":"2021-01-14T16:18:39","guid":{"rendered":"http:\/\/smwroclaw.pl\/?p=14967"},"modified":"2021-01-14T17:28:08","modified_gmt":"2021-01-14T16:28:08","slug":"sroda-dla-osiedla-przedmiescie-swidnickie-zajecia-edukacyjne-bezpieczne-ferie","status":"publish","type":"post","link":"https:\/\/smwroclaw.pl\/?p=14967","title":{"rendered":"\u015aRODA DLA OSIEDLA \u2013 PRZEDMIE\u015aCIE \u015aWIDNICKIE &#8211; zaj\u0119cia edukacyjne \u201eBezpieczne ferie\u201d"},"content":{"rendered":"<p style=\"text-align: justify;\"><span style=\"font-family: georgia, palatino, serif; font-size: 16px;\">W dniu 13 stycznia w ramach akcji \u201e\u015aroda dla Osiedla\u201d przeprowadzono zaj\u0119cia edukacyjne w plac\u00f3wkach o\u015bwiatowych na Przedmie\u015bciu \u015awidnickim pod has\u0142em \u201eBezpieczne ferie\u201d. Agnieszka B\u0105k i Krystyna Chmura z Zespo\u0142u ds. koordynacji program\u00f3w prewencyjnych spotka\u0142y si\u0119 z uczestnikami p\u00f3\u0142kolonii zimowych z Zespo\u0142u Szkolno \u2013 Przedszkolnego 13 przy pl. Muzealnym. Poruszone zosta\u0142y zagadnienia bezpiecznych zachowa\u0144, zabaw zimowych, przypomniano numery alarmowe oraz jak wa\u017cne jest noszenie odblask\u00f3w. Warsztaty odby\u0142y si\u0119 z przestrzeganiem zasad re\u017cimu sanitarnego COVID \u2013 19.<\/span><!--more--><\/p>\n<p style=\"text-align: center;\"><img fetchpriority=\"high\" decoding=\"async\" class=\"alignnone wp-image-14968\" src=\"https:\/\/smwroclaw.pl\/wp-content\/uploads\/2021\/01\/IMG_20210113_113056-300x225.jpg\" alt=\"\" width=\"599\" height=\"449\" srcset=\"https:\/\/smwroclaw.pl\/wp-content\/uploads\/2021\/01\/IMG_20210113_113056-300x225.jpg 300w, https:\/\/smwroclaw.pl\/wp-content\/uploads\/2021\/01\/IMG_20210113_113056-768x577.jpg 768w, https:\/\/smwroclaw.pl\/wp-content\/uploads\/2021\/01\/IMG_20210113_113056-1536x1153.jpg 1536w, https:\/\/smwroclaw.pl\/wp-content\/uploads\/2021\/01\/IMG_20210113_113056-2048x1538.jpg 2048w\" sizes=\"(max-width: 599px) 100vw, 599px\" \/><\/p>\n<p>BD<\/p>\n","protected":false},"excerpt":{"rendered":"<p>W dniu 13 stycznia w ramach akcji \u201e\u015aroda dla Osiedla\u201d przeprowadzono zaj\u0119cia edukacyjne w plac\u00f3wkach o\u015bwiatowych na Przedmie\u015bciu \u015awidnickim pod has\u0142em \u201eBezpieczne ferie\u201d. Agnieszka B\u0105k i Krystyna Chmura z Zespo\u0142u ds. koordynacji program\u00f3w prewencyjnych spotka\u0142y si\u0119 z uczestnikami p\u00f3\u0142kolonii zimowych z Zespo\u0142u Szkolno \u2013 Przedszkolnego 13 przy pl. Muzealnym. Poruszone zosta\u0142y zagadnienia bezpiecznych zachowa\u0144, zabaw [&hellip;]<\/p>\n","protected":false},"author":7,"featured_media":14970,"comment_status":"closed","ping_status":"closed","sticky":false,"template":"","format":"standard","meta":{"footnotes":""},"categories":[16],"tags":[],"class_list":["post-14967","post","type-post","status-publish","format-standard","has-post-thumbnail","hentry","category-aktual"],"_links":{"self":[{"href":"https:\/\/smwroclaw.pl\/index.php?rest_route=\/wp\/v2\/posts\/14967","targetHints":{"allow":["GET"]}}],"collection":[{"href":"https:\/\/smwroclaw.pl\/index.php?rest_route=\/wp\/v2\/posts"}],"about":[{"href":"https:\/\/smwroclaw.pl\/index.php?rest_route=\/wp\/v2\/types\/post"}],"author":[{"embeddable":true,"href":"https:\/\/smwroclaw.pl\/index.php?rest_route=\/wp\/v2\/users\/7"}],"replies":[{"embeddable":true,"href":"https:\/\/smwroclaw.pl\/index.php?rest_route=%2Fwp%2Fv2%2Fcomments&post=14967"}],"version-history":[{"count":1,"href":"https:\/\/smwroclaw.pl\/index.php?rest_route=\/wp\/v2\/posts\/14967\/revisions"}],"predecessor-version":[{"id":14969,"href":"https:\/\/smwroclaw.pl\/index.php?rest_route=\/wp\/v2\/posts\/14967\/revisions\/14969"}],"wp:featuredmedia":[{"embeddable":true,"href":"https:\/\/smwroclaw.pl\/index.php?rest_route=\/wp\/v2\/media\/14970"}],"wp:attachment":[{"href":"https:\/\/smwroclaw.pl\/index.php?rest_route=%2Fwp%2Fv2%2Fmedia&parent=14967"}],"wp:term":[{"taxonomy":"category","embeddable":true,"href":"https:\/\/smwroclaw.pl\/index.php?rest_route=%2Fwp%2Fv2%2Fcategories&post=14967"},{"taxonomy":"post_tag","embeddable":true,"href":"https:\/\/smwroclaw.pl\/index.php?rest_route=%2Fwp%2Fv2%2Ftags&post=14967"}],"curies":[{"name":"wp","href":"https:\/\/api.w.org\/{rel}","templated":true}]}}