{"id":14976,"date":"2021-01-14T20:00:58","date_gmt":"2021-01-14T19:00:58","guid":{"rendered":"http:\/\/smwroclaw.pl\/?p=14976"},"modified":"2021-01-14T20:00:58","modified_gmt":"2021-01-14T19:00:58","slug":"sroda-dla-osiedla-przedmiescie-swidnickie-edukacja-w-przedszkolach","status":"publish","type":"post","link":"https:\/\/smwroclaw.pl\/?p=14976","title":{"rendered":"\u015aRODA DLA OSIEDLA \u2013 PRZEDMIE\u015aCIE \u015aWIDNICKIE &#8211; edukacja w przedszkolach"},"content":{"rendered":"<p style=\"text-align: justify;\"><span style=\"font-family: georgia, palatino, serif; font-size: 16px;\">W ramach akcji &#8222;Bezpieczne Ferie&#8221; odwiedzili\u015bmy wroc\u0142awskie przedszkola, w kt\u00f3rych spotkali\u015bmy si\u0119 z najm\u0142odszymi , aby przypomnie\u0107 im o podstawowych zasadach bezpiecze\u0144stwa w trakcie wypoczynku zimowego. Przekazali\u015bmy r\u00f3wnie\u017c materia\u0142y edukacyjne przygotowane z my\u015bl\u0105 o najm\u0142odszych. Pakiety edukacyjne w ramach programu &#8222;Bezpieczne Ferie&#8221; trafi\u0142y do:<\/span><\/p>\n<p style=\"text-align: justify;\"><!--more--><br \/>\n<span style=\"font-family: georgia, palatino, serif; font-size: 16px;\">Przedszkola nr 33,<\/span><\/p>\n<p style=\"text-align: justify;\"><span style=\"font-family: georgia, palatino, serif; font-size: 16px;\"> Przedszkola nr 30,<\/span><\/p>\n<p style=\"text-align: justify;\"><span style=\"font-family: georgia, palatino, serif; font-size: 16px;\"> Punktu Przedszkolnego &#8222;New Generation&#8221;<\/span><span style=\"font-family: georgia, palatino, serif; font-size: 16px;\">,<\/span><\/p>\n<p style=\"text-align: justify;\"><span style=\"font-family: georgia, palatino, serif; font-size: 16px;\"> Przedszkola nr 43,<\/span><\/p>\n<p style=\"text-align: justify;\"><span style=\"font-family: georgia, palatino, serif; font-size: 16px;\"> Przedszkola nr 87,<\/span><\/p>\n<p style=\"text-align: justify;\"><span style=\"font-family: georgia, palatino, serif; font-size: 16px;\"> Punktu Przedszkolnego &#8222;Nasze Dzieci&#8221;,<\/span><\/p>\n<p style=\"text-align: justify;\"><span style=\"font-family: georgia, palatino, serif; font-size: 16px;\"> Przedszkola &#8222;Kr\u00f3l Maciu\u015b&#8221;,<\/span><\/p>\n<p style=\"text-align: justify;\"><span style=\"font-family: georgia, palatino, serif; font-size: 16px;\"> Punktu Przedszkolnego &#8222;Wsp\u00f3lny \u015awiat&#8221;.<\/span><\/p>\n<p style=\"text-align: center;\"><strong><span style=\"font-family: georgia, palatino, serif; font-size: 16px;\">Wizyty odby\u0142y si\u0119 z zachowaniem re\u017cimu sanitarnego z uwagi na COVID &#8211; 19<\/span><\/strong><\/p>\n<p style=\"text-align: center;\">\n<p style=\"text-align: center;\"><img fetchpriority=\"high\" decoding=\"async\" class=\"alignnone  wp-image-14983\" src=\"https:\/\/smwroclaw.pl\/wp-content\/uploads\/2021\/01\/p7-300x225.jpg\" alt=\"\" width=\"511\" height=\"383\" srcset=\"https:\/\/smwroclaw.pl\/wp-content\/uploads\/2021\/01\/p7-300x225.jpg 300w, https:\/\/smwroclaw.pl\/wp-content\/uploads\/2021\/01\/p7-768x576.jpg 768w, https:\/\/smwroclaw.pl\/wp-content\/uploads\/2021\/01\/p7-1536x1153.jpg 1536w, https:\/\/smwroclaw.pl\/wp-content\/uploads\/2021\/01\/p7.jpg 1600w\" sizes=\"(max-width: 511px) 100vw, 511px\" \/> <img decoding=\"async\" class=\"alignnone  wp-image-14982\" src=\"https:\/\/smwroclaw.pl\/wp-content\/uploads\/2021\/01\/p6-300x225.jpg\" alt=\"\" width=\"511\" height=\"383\" srcset=\"https:\/\/smwroclaw.pl\/wp-content\/uploads\/2021\/01\/p6-300x225.jpg 300w, https:\/\/smwroclaw.pl\/wp-content\/uploads\/2021\/01\/p6-768x577.jpg 768w, https:\/\/smwroclaw.pl\/wp-content\/uploads\/2021\/01\/p6-1536x1153.jpg 1536w, https:\/\/smwroclaw.pl\/wp-content\/uploads\/2021\/01\/p6.jpg 1734w\" sizes=\"(max-width: 511px) 100vw, 511px\" \/><\/p>\n<p style=\"text-align: center;\"><img decoding=\"async\" class=\"alignnone  wp-image-14977\" src=\"https:\/\/smwroclaw.pl\/wp-content\/uploads\/2021\/01\/p-300x169.jpg\" alt=\"\" width=\"596\" height=\"336\" srcset=\"https:\/\/smwroclaw.pl\/wp-content\/uploads\/2021\/01\/p-300x169.jpg 300w, https:\/\/smwroclaw.pl\/wp-content\/uploads\/2021\/01\/p-768x432.jpg 768w, https:\/\/smwroclaw.pl\/wp-content\/uploads\/2021\/01\/p-1536x863.jpg 1536w, https:\/\/smwroclaw.pl\/wp-content\/uploads\/2021\/01\/p.jpg 1600w\" sizes=\"(max-width: 596px) 100vw, 596px\" \/><\/p>\n<p>BD\/KB<\/p>\n<p>&nbsp;<\/p>\n","protected":false},"excerpt":{"rendered":"<p>W ramach akcji &#8222;Bezpieczne Ferie&#8221; odwiedzili\u015bmy wroc\u0142awskie przedszkola, w kt\u00f3rych spotkali\u015bmy si\u0119 z najm\u0142odszymi , aby przypomnie\u0107 im o podstawowych zasadach bezpiecze\u0144stwa w trakcie wypoczynku zimowego. Przekazali\u015bmy r\u00f3wnie\u017c materia\u0142y edukacyjne przygotowane z my\u015bl\u0105 o najm\u0142odszych. Pakiety edukacyjne w ramach programu &#8222;Bezpieczne Ferie&#8221; trafi\u0142y do:<\/p>\n","protected":false},"author":7,"featured_media":14984,"comment_status":"closed","ping_status":"closed","sticky":false,"template":"","format":"standard","meta":{"footnotes":""},"categories":[16],"tags":[],"class_list":["post-14976","post","type-post","status-publish","format-standard","has-post-thumbnail","hentry","category-aktual"],"_links":{"self":[{"href":"https:\/\/smwroclaw.pl\/index.php?rest_route=\/wp\/v2\/posts\/14976","targetHints":{"allow":["GET"]}}],"collection":[{"href":"https:\/\/smwroclaw.pl\/index.php?rest_route=\/wp\/v2\/posts"}],"about":[{"href":"https:\/\/smwroclaw.pl\/index.php?rest_route=\/wp\/v2\/types\/post"}],"author":[{"embeddable":true,"href":"https:\/\/smwroclaw.pl\/index.php?rest_route=\/wp\/v2\/users\/7"}],"replies":[{"embeddable":true,"href":"https:\/\/smwroclaw.pl\/index.php?rest_route=%2Fwp%2Fv2%2Fcomments&post=14976"}],"version-history":[{"count":1,"href":"https:\/\/smwroclaw.pl\/index.php?rest_route=\/wp\/v2\/posts\/14976\/revisions"}],"predecessor-version":[{"id":14985,"href":"https:\/\/smwroclaw.pl\/index.php?rest_route=\/wp\/v2\/posts\/14976\/revisions\/14985"}],"wp:featuredmedia":[{"embeddable":true,"href":"https:\/\/smwroclaw.pl\/index.php?rest_route=\/wp\/v2\/media\/14984"}],"wp:attachment":[{"href":"https:\/\/smwroclaw.pl\/index.php?rest_route=%2Fwp%2Fv2%2Fmedia&parent=14976"}],"wp:term":[{"taxonomy":"category","embeddable":true,"href":"https:\/\/smwroclaw.pl\/index.php?rest_route=%2Fwp%2Fv2%2Fcategories&post=14976"},{"taxonomy":"post_tag","embeddable":true,"href":"https:\/\/smwroclaw.pl\/index.php?rest_route=%2Fwp%2Fv2%2Ftags&post=14976"}],"curies":[{"name":"wp","href":"https:\/\/api.w.org\/{rel}","templated":true}]}}