{"id":15078,"date":"2021-01-15T18:17:38","date_gmt":"2021-01-15T17:17:38","guid":{"rendered":"http:\/\/smwroclaw.pl\/?p=15078"},"modified":"2021-01-15T18:27:02","modified_gmt":"2021-01-15T17:27:02","slug":"wspolpraca-i-partnerstwo-rada-osiedla-kleczkow","status":"publish","type":"post","link":"https:\/\/smwroclaw.pl\/?p=15078","title":{"rendered":"WSP\u00d3\u0141PRACA I PARTNERSTWO &#8211; Rada Osiedla Kleczk\u00f3w"},"content":{"rendered":"<p style=\"text-align: justify;\"><span style=\"font-family: georgia, palatino, serif; font-size: 16px;\">Wroc\u0142awskie Osiedla to nasze oczko w g\u0142owie. Patrolujemy, kontrolujemy, rozmawiamy, egzekwujemy. Czasem jest tak, \u017ce wsp\u00f3\u0142praca wykracza poza oficjalne godziny. Wczoraj nasza stra\u017cniczka odwiedzi\u0142a Rad\u0119 Osiedla Kleczk\u00f3w, aby w imieniu w\u0142asnym i Wroc\u0142awskiego Centrum Opieki i Wychowania podzi\u0119kowa\u0107 za pomoc w realizacji dzieci\u0119cych marze\u0144 miko\u0142ajkowych. <\/span><!--more--><\/p>\n<p style=\"text-align: justify;\"><span style=\"font-family: georgia, palatino, serif; font-size: 16px;\">W wyniku zaanga\u017cowania wielu os\u00f3b m.in. Pa\u0144 z RO Kleczk\u00f3w Barbary Rodzik, Ewy Ibrom i Urszuli Koco\u0144, s\u0105siad\u00f3w, przyjaci\u00f3\u0142 i koleg\u00f3w ze Stra\u017cy Miejskiej nasza funkcjonariuszka przygotowa\u0142a \u015bwi\u0105teczne prezenty dla Dzieci z WCOiW przy ul. Lekcyjnej, kt\u00f3re trafi\u0142y pod choink\u0119 23 grudnia. Om\u00f3wiono tak\u017ce bie\u017c\u0105ce sprawy osiedla.<\/span><\/p>\n<p style=\"text-align: center;\"><strong><span style=\"font-family: georgia, palatino, serif; font-size: 16px;\">Dzi\u0119kujemy za okazane serce!<\/span><\/strong><\/p>\n<p>&nbsp;<\/p>\n<p style=\"text-align: center;\"><img fetchpriority=\"high\" decoding=\"async\" class=\"alignnone wp-image-15081\" src=\"https:\/\/smwroclaw.pl\/wp-content\/uploads\/2021\/01\/RO-Kleczkow1-246x300.jpg\" alt=\"\" width=\"270\" height=\"329\" srcset=\"https:\/\/smwroclaw.pl\/wp-content\/uploads\/2021\/01\/RO-Kleczkow1-246x300.jpg 246w, https:\/\/smwroclaw.pl\/wp-content\/uploads\/2021\/01\/RO-Kleczkow1-768x938.jpg 768w, https:\/\/smwroclaw.pl\/wp-content\/uploads\/2021\/01\/RO-Kleczkow1.jpg 1208w\" sizes=\"(max-width: 270px) 100vw, 270px\" \/> <img decoding=\"async\" class=\"alignnone wp-image-15080\" src=\"https:\/\/smwroclaw.pl\/wp-content\/uploads\/2021\/01\/RO-Kleczkow-169x300.jpg\" alt=\"\" width=\"185\" height=\"328\" srcset=\"https:\/\/smwroclaw.pl\/wp-content\/uploads\/2021\/01\/RO-Kleczkow-169x300.jpg 169w, https:\/\/smwroclaw.pl\/wp-content\/uploads\/2021\/01\/RO-Kleczkow-768x1367.jpg 768w, https:\/\/smwroclaw.pl\/wp-content\/uploads\/2021\/01\/RO-Kleczkow-863x1536.jpg 863w, https:\/\/smwroclaw.pl\/wp-content\/uploads\/2021\/01\/RO-Kleczkow.jpg 899w\" sizes=\"(max-width: 185px) 100vw, 185px\" \/><\/p>\n<p style=\"text-align: center;\"><img decoding=\"async\" class=\"alignnone wp-image-15082\" src=\"https:\/\/smwroclaw.pl\/wp-content\/uploads\/2021\/01\/RO-Kleczkow2-300x225.jpg\" alt=\"\" width=\"303\" height=\"227\" srcset=\"https:\/\/smwroclaw.pl\/wp-content\/uploads\/2021\/01\/RO-Kleczkow2-300x225.jpg 300w, https:\/\/smwroclaw.pl\/wp-content\/uploads\/2021\/01\/RO-Kleczkow2-768x576.jpg 768w, https:\/\/smwroclaw.pl\/wp-content\/uploads\/2021\/01\/RO-Kleczkow2-1536x1153.jpg 1536w, https:\/\/smwroclaw.pl\/wp-content\/uploads\/2021\/01\/RO-Kleczkow2.jpg 1600w\" sizes=\"(max-width: 303px) 100vw, 303px\" \/> <img loading=\"lazy\" decoding=\"async\" class=\"alignnone wp-image-15083\" src=\"https:\/\/smwroclaw.pl\/wp-content\/uploads\/2021\/01\/RO-Kleczkow3-300x225.jpg\" alt=\"\" width=\"301\" height=\"226\" srcset=\"https:\/\/smwroclaw.pl\/wp-content\/uploads\/2021\/01\/RO-Kleczkow3-300x225.jpg 300w, https:\/\/smwroclaw.pl\/wp-content\/uploads\/2021\/01\/RO-Kleczkow3-768x576.jpg 768w, https:\/\/smwroclaw.pl\/wp-content\/uploads\/2021\/01\/RO-Kleczkow3-1536x1152.jpg 1536w, https:\/\/smwroclaw.pl\/wp-content\/uploads\/2021\/01\/RO-Kleczkow3.jpg 1600w\" sizes=\"(max-width: 301px) 100vw, 301px\" \/><\/p>\n<p>BD<\/p>\n<p>&nbsp;<\/p>\n","protected":false},"excerpt":{"rendered":"<p>Wroc\u0142awskie Osiedla to nasze oczko w g\u0142owie. Patrolujemy, kontrolujemy, rozmawiamy, egzekwujemy. Czasem jest tak, \u017ce wsp\u00f3\u0142praca wykracza poza oficjalne godziny. Wczoraj nasza stra\u017cniczka odwiedzi\u0142a Rad\u0119 Osiedla Kleczk\u00f3w, aby w imieniu w\u0142asnym i Wroc\u0142awskiego Centrum Opieki i Wychowania podzi\u0119kowa\u0107 za pomoc w realizacji dzieci\u0119cych marze\u0144 miko\u0142ajkowych.<\/p>\n","protected":false},"author":7,"featured_media":15079,"comment_status":"closed","ping_status":"closed","sticky":false,"template":"","format":"standard","meta":{"footnotes":""},"categories":[16],"tags":[],"class_list":["post-15078","post","type-post","status-publish","format-standard","has-post-thumbnail","hentry","category-aktual"],"_links":{"self":[{"href":"https:\/\/smwroclaw.pl\/index.php?rest_route=\/wp\/v2\/posts\/15078","targetHints":{"allow":["GET"]}}],"collection":[{"href":"https:\/\/smwroclaw.pl\/index.php?rest_route=\/wp\/v2\/posts"}],"about":[{"href":"https:\/\/smwroclaw.pl\/index.php?rest_route=\/wp\/v2\/types\/post"}],"author":[{"embeddable":true,"href":"https:\/\/smwroclaw.pl\/index.php?rest_route=\/wp\/v2\/users\/7"}],"replies":[{"embeddable":true,"href":"https:\/\/smwroclaw.pl\/index.php?rest_route=%2Fwp%2Fv2%2Fcomments&post=15078"}],"version-history":[{"count":3,"href":"https:\/\/smwroclaw.pl\/index.php?rest_route=\/wp\/v2\/posts\/15078\/revisions"}],"predecessor-version":[{"id":15087,"href":"https:\/\/smwroclaw.pl\/index.php?rest_route=\/wp\/v2\/posts\/15078\/revisions\/15087"}],"wp:featuredmedia":[{"embeddable":true,"href":"https:\/\/smwroclaw.pl\/index.php?rest_route=\/wp\/v2\/media\/15079"}],"wp:attachment":[{"href":"https:\/\/smwroclaw.pl\/index.php?rest_route=%2Fwp%2Fv2%2Fmedia&parent=15078"}],"wp:term":[{"taxonomy":"category","embeddable":true,"href":"https:\/\/smwroclaw.pl\/index.php?rest_route=%2Fwp%2Fv2%2Fcategories&post=15078"},{"taxonomy":"post_tag","embeddable":true,"href":"https:\/\/smwroclaw.pl\/index.php?rest_route=%2Fwp%2Fv2%2Ftags&post=15078"}],"curies":[{"name":"wp","href":"https:\/\/api.w.org\/{rel}","templated":true}]}}