{"id":15103,"date":"2021-01-18T11:54:01","date_gmt":"2021-01-18T10:54:01","guid":{"rendered":"http:\/\/smwroclaw.pl\/?p=15103"},"modified":"2021-01-18T11:59:09","modified_gmt":"2021-01-18T10:59:09","slug":"sa-wsrod-nas-pomagamy-im-wyjsc-z-kryzysu-bezdomnosci-%e2%80%bc%ef%b8%8f","status":"publish","type":"post","link":"https:\/\/smwroclaw.pl\/?p=15103","title":{"rendered":"S\u0104 W\u015aR\u00d3D NAS &#8211; pomagamy im wyj\u015b\u0107 z kryzysu bezdomno\u015bci \u203c\ufe0f"},"content":{"rendered":"<div class=\"o9v6fnle cxmmr5t8 oygrvhab hcukyx3x c1et5uql ii04i59q\">\n<div dir=\"auto\" style=\"text-align: justify;\"><span style=\"font-family: georgia, palatino, serif; font-size: 16px;\">16 stycznia 2021 r. (sobota) stra\u017cnicy miejscy docieraj\u0105 do miejsc gdzie kto\u015b mo\u017ce potrzebowa\u0107 pomocy<span class=\"pq6dq46d tbxw36s4 knj5qynh kvgmc6g5 ditlmg2l oygrvhab nvdbi5me sf5mxxl7 gl3lb2sf hhz5lgdu\"><img decoding=\"async\" src=\"https:\/\/static.xx.fbcdn.net\/images\/emoji.php\/v9\/t77\/1\/16\/203c.png\" alt=\"\u203c\ufe0f\" width=\"16\" height=\"16\" \/><\/span><\/span><\/div>\n<\/div>\n<div class=\"o9v6fnle cxmmr5t8 oygrvhab hcukyx3x c1et5uql ii04i59q\" style=\"text-align: justify;\">\n<div dir=\"auto\"><span style=\"font-family: georgia, palatino, serif; font-size: 16px;\"><span class=\"pq6dq46d tbxw36s4 knj5qynh kvgmc6g5 ditlmg2l oygrvhab nvdbi5me sf5mxxl7 gl3lb2sf hhz5lgdu\"><img decoding=\"async\" src=\"https:\/\/static.xx.fbcdn.net\/images\/emoji.php\/v9\/t51\/1\/16\/1f449.png\" alt=\"\ud83d\udc49\" width=\"16\" height=\"16\" \/><\/span> Pakiety \u017cywno\u015bciowe (w \u015brodku m. in. posi\u0142ek samopodgrzewaj\u0105cy si\u0119, konserwa mi\u0119sna) trafi\u0142y do dw\u00f3ch pan\u00f3w &#8211; z ulicy Sudeckiej i Parku Szczytnickiego<\/span><\/div>\n<div dir=\"auto\"><span style=\"font-family: georgia, palatino, serif; font-size: 16px;\"><span class=\"pq6dq46d tbxw36s4 knj5qynh kvgmc6g5 ditlmg2l oygrvhab nvdbi5me sf5mxxl7 gl3lb2sf hhz5lgdu\"><img decoding=\"async\" src=\"https:\/\/static.xx.fbcdn.net\/images\/emoji.php\/v9\/t51\/1\/16\/1f449.png\" alt=\"\ud83d\udc49\" width=\"16\" height=\"16\" \/><\/span> 986 Stra\u017c Miejska Wroc\u0142awia<\/span><\/div>\n<div dir=\"auto\"><\/div>\n<\/div>\n<div dir=\"auto\"><\/div>\n<div class=\"o9v6fnle cxmmr5t8 oygrvhab hcukyx3x c1et5uql ii04i59q\">\n<div dir=\"auto\" style=\"text-align: justify;\"><span style=\"font-family: georgia, palatino, serif; font-size: 16px;\">REAGUJMY GDY KTO\u015a MO\u017bE POTRZEBOWA\u0106 POMOCY &#8211; KIEDY\u015a ON POMO\u017bE TOBIE !<\/span><\/div>\n<div dir=\"auto\"><\/div>\n<\/div>\n<div dir=\"auto\"><\/div>\n<div class=\"o9v6fnle cxmmr5t8 oygrvhab hcukyx3x c1et5uql ii04i59q\">\n<div dir=\"auto\"><\/div>\n<div dir=\"auto\"><img fetchpriority=\"high\" decoding=\"async\" class=\"aligncenter wp-image-15106\" src=\"https:\/\/smwroclaw.pl\/wp-content\/uploads\/2021\/01\/bezdomni-sobota-2.jpg\" alt=\"\" width=\"295\" height=\"295\" srcset=\"https:\/\/smwroclaw.pl\/wp-content\/uploads\/2021\/01\/bezdomni-sobota-2.jpg 480w, https:\/\/smwroclaw.pl\/wp-content\/uploads\/2021\/01\/bezdomni-sobota-2-300x300.jpg 300w\" sizes=\"(max-width: 295px) 100vw, 295px\" \/><\/div>\n<\/div>\n<p><!--more--><\/p>\n<p>&nbsp;<\/p>\n<p><img loading=\"lazy\" decoding=\"async\" class=\"aligncenter size-full wp-image-15107\" src=\"https:\/\/smwroclaw.pl\/wp-content\/uploads\/2021\/01\/bezdomni-sobota-1.jpg\" alt=\"\" width=\"480\" height=\"480\" srcset=\"https:\/\/smwroclaw.pl\/wp-content\/uploads\/2021\/01\/bezdomni-sobota-1.jpg 480w, https:\/\/smwroclaw.pl\/wp-content\/uploads\/2021\/01\/bezdomni-sobota-1-300x300.jpg 300w\" sizes=\"(max-width: 480px) 100vw, 480px\" \/><\/p>\n<p>wf<\/p>\n","protected":false},"excerpt":{"rendered":"<p>16 stycznia 2021 r. (sobota) stra\u017cnicy miejscy docieraj\u0105 do miejsc gdzie kto\u015b mo\u017ce potrzebowa\u0107 pomocy Pakiety \u017cywno\u015bciowe (w \u015brodku m. in. posi\u0142ek samopodgrzewaj\u0105cy si\u0119, konserwa mi\u0119sna) trafi\u0142y do dw\u00f3ch pan\u00f3w &#8211; z ulicy Sudeckiej i Parku Szczytnickiego 986 Stra\u017c Miejska Wroc\u0142awia REAGUJMY GDY KTO\u015a MO\u017bE POTRZEBOWA\u0106 POMOCY &#8211; KIEDY\u015a ON POMO\u017bE TOBIE !<\/p>\n","protected":false},"author":4,"featured_media":13695,"comment_status":"closed","ping_status":"closed","sticky":false,"template":"","format":"standard","meta":{"footnotes":""},"categories":[16],"tags":[],"class_list":["post-15103","post","type-post","status-publish","format-standard","has-post-thumbnail","hentry","category-aktual"],"_links":{"self":[{"href":"https:\/\/smwroclaw.pl\/index.php?rest_route=\/wp\/v2\/posts\/15103","targetHints":{"allow":["GET"]}}],"collection":[{"href":"https:\/\/smwroclaw.pl\/index.php?rest_route=\/wp\/v2\/posts"}],"about":[{"href":"https:\/\/smwroclaw.pl\/index.php?rest_route=\/wp\/v2\/types\/post"}],"author":[{"embeddable":true,"href":"https:\/\/smwroclaw.pl\/index.php?rest_route=\/wp\/v2\/users\/4"}],"replies":[{"embeddable":true,"href":"https:\/\/smwroclaw.pl\/index.php?rest_route=%2Fwp%2Fv2%2Fcomments&post=15103"}],"version-history":[{"count":9,"href":"https:\/\/smwroclaw.pl\/index.php?rest_route=\/wp\/v2\/posts\/15103\/revisions"}],"predecessor-version":[{"id":15114,"href":"https:\/\/smwroclaw.pl\/index.php?rest_route=\/wp\/v2\/posts\/15103\/revisions\/15114"}],"wp:featuredmedia":[{"embeddable":true,"href":"https:\/\/smwroclaw.pl\/index.php?rest_route=\/wp\/v2\/media\/13695"}],"wp:attachment":[{"href":"https:\/\/smwroclaw.pl\/index.php?rest_route=%2Fwp%2Fv2%2Fmedia&parent=15103"}],"wp:term":[{"taxonomy":"category","embeddable":true,"href":"https:\/\/smwroclaw.pl\/index.php?rest_route=%2Fwp%2Fv2%2Fcategories&post=15103"},{"taxonomy":"post_tag","embeddable":true,"href":"https:\/\/smwroclaw.pl\/index.php?rest_route=%2Fwp%2Fv2%2Ftags&post=15103"}],"curies":[{"name":"wp","href":"https:\/\/api.w.org\/{rel}","templated":true}]}}