{"id":15127,"date":"2021-01-18T14:53:53","date_gmt":"2021-01-18T13:53:53","guid":{"rendered":"http:\/\/smwroclaw.pl\/?p=15127"},"modified":"2021-01-18T14:54:50","modified_gmt":"2021-01-18T13:54:50","slug":"bezpieczne-ferie-2021-podsumowanie","status":"publish","type":"post","link":"https:\/\/smwroclaw.pl\/?p=15127","title":{"rendered":"BEZPIECZNE FERIE 2021- podsumowanie"},"content":{"rendered":"<p style=\"text-align: justify;\"><span style=\"font-family: georgia, palatino, serif; font-size: 16px;\">Koniec ferii, mamy nadziej\u0119, \u017ce wszyscy wypocz\u0119li. Dzisiaj klasy 1 \u2013 3 powr\u00f3ci\u0142y tradycyjnie do szk\u00f3\u0142, pozostali uczniowie ucz\u0105 si\u0119 zdalnie przed ekranami komputer\u00f3w, tablet\u00f3w, smartfon\u00f3w. Mamy nadziej\u0119, \u017ce wszyscy wypocz\u0119li. Dzi\u0119kujemy za te wsp\u00f3lne dwa tygodnie pod has\u0142em \u201eBezpieczne ferie\u201d ze Stra\u017c\u0105 Miejsk\u0105 Wroc\u0142awia.<\/span><br \/>\n<span style=\"font-family: georgia, palatino, serif; font-size: 16px;\">Zaj\u0119cia dostosowali\u015bmy do aktualnie panuj\u0105cych zasad i obostrze\u0144 spowodowanych COVID \u2013 19. Spotkania odbywa\u0142y si\u0119 zar\u00f3wno online jak i w plac\u00f3wkach o\u015bwiatowych.<!--more--><\/span><\/p>\n<p style=\"text-align: justify;\"><span style=\"font-family: georgia, palatino, serif; font-size: 16px;\">W akcji \u201eBezpieczne ferie udzia\u0142 wzi\u0119\u0142y dzieci z plac\u00f3wek:<\/span><br \/>\n<span style=\"font-family: georgia, palatino, serif; font-size: 16px;\">&#8211; Szko\u0142a Podstawowa 113 przy ul. Zemskiej;<\/span><br \/>\n<span style=\"font-family: georgia, palatino, serif; font-size: 16px;\">&#8211; Szko\u0142a Podstawowa 9 przy ul. Nyska 66;<\/span><br \/>\n<span style=\"font-family: georgia, palatino, serif; font-size: 16px;\">&#8211; Szko\u0142a Podstawowej 39 przy ul. Przedwio\u015bnie;<\/span><br \/>\n<span style=\"font-family: georgia, palatino, serif; font-size: 16px;\">&#8211; Szko\u0142y Podstawowa nr 14 przy ul. Zachodniej;<\/span><br \/>\n<span style=\"font-family: georgia, palatino, serif; font-size: 16px;\">&#8211; Przedszkole59 przy ul. Narcyzowej;<\/span><br \/>\n<span style=\"font-family: georgia, palatino, serif; font-size: 16px;\">&#8211; Przedszkole 87 przy ul. Paw\u0142owa;<\/span><br \/>\n<span style=\"font-family: georgia, palatino, serif; font-size: 16px;\">&#8211; Przedszkola 33 \u201eStaromiejskie\u201d przy ul. \u0141\u0105kowej;<\/span><br \/>\n<span style=\"font-family: georgia, palatino, serif; font-size: 16px;\">&#8211; Przedszkola 30 \u201eBajlandia\u201d przy pl. Muzealnym;<\/span><br \/>\n<span style=\"font-family: georgia, palatino, serif; font-size: 16px;\">&#8211; Punktu Przedszkolnego \u201eNew Generation\u201d przy pl. Legion\u00f3w;<\/span><br \/>\n<span style=\"font-family: georgia, palatino, serif; font-size: 16px;\">&#8211; Przedszkola 43 \u201eKolorowe\u201d przy ul. Ko\u015bciuszki;<\/span><br \/>\n<span style=\"font-family: georgia, palatino, serif; font-size: 16px;\">&#8211; Punktu Przedszkolnego \u201eNasze Dzieci\u201d przy ul. T\u0119czowej;<\/span><br \/>\n<span style=\"font-family: georgia, palatino, serif; font-size: 16px;\">&#8211; Przedszkola \u201eKr\u00f3l Maciu\u015b\u201d przy ul. Grabiszy\u0144skiej;<\/span><br \/>\n<span style=\"font-family: georgia, palatino, serif; font-size: 16px;\">&#8211; Punktu Przedszkolnego \u201eWsp\u00f3lny \u015awiat II\u201d przy ul. T\u0119czowej.<\/span><\/p>\n<p style=\"text-align: center;\"><img fetchpriority=\"high\" decoding=\"async\" class=\"alignnone wp-image-15125\" src=\"https:\/\/smwroclaw.pl\/wp-content\/uploads\/2021\/01\/Bezpieczne-ferie-20211-300x169.png\" alt=\"\" width=\"810\" height=\"456\" srcset=\"https:\/\/smwroclaw.pl\/wp-content\/uploads\/2021\/01\/Bezpieczne-ferie-20211-300x169.png 300w, https:\/\/smwroclaw.pl\/wp-content\/uploads\/2021\/01\/Bezpieczne-ferie-20211-768x432.png 768w, https:\/\/smwroclaw.pl\/wp-content\/uploads\/2021\/01\/Bezpieczne-ferie-20211-1536x864.png 1536w, https:\/\/smwroclaw.pl\/wp-content\/uploads\/2021\/01\/Bezpieczne-ferie-20211.png 1920w\" sizes=\"(max-width: 810px) 100vw, 810px\" \/><\/p>\n<p style=\"text-align: center;\"><img decoding=\"async\" class=\"alignnone wp-image-15129\" src=\"https:\/\/smwroclaw.pl\/wp-content\/uploads\/2021\/01\/podziekowania1-213x300.jpg\" alt=\"\" width=\"283\" height=\"398\" srcset=\"https:\/\/smwroclaw.pl\/wp-content\/uploads\/2021\/01\/podziekowania1-213x300.jpg 213w, https:\/\/smwroclaw.pl\/wp-content\/uploads\/2021\/01\/podziekowania1-768x1083.jpg 768w, https:\/\/smwroclaw.pl\/wp-content\/uploads\/2021\/01\/podziekowania1-1090x1536.jpg 1090w, https:\/\/smwroclaw.pl\/wp-content\/uploads\/2021\/01\/podziekowania1.jpg 1135w\" sizes=\"(max-width: 283px) 100vw, 283px\" \/><\/p>\n<p style=\"text-align: center;\"><img decoding=\"async\" class=\"alignnone  wp-image-15128\" src=\"https:\/\/smwroclaw.pl\/wp-content\/uploads\/2021\/01\/podziekowania-300x245.jpg\" alt=\"\" width=\"342\" height=\"279\" srcset=\"https:\/\/smwroclaw.pl\/wp-content\/uploads\/2021\/01\/podziekowania-300x245.jpg 300w, https:\/\/smwroclaw.pl\/wp-content\/uploads\/2021\/01\/podziekowania-768x627.jpg 768w, https:\/\/smwroclaw.pl\/wp-content\/uploads\/2021\/01\/podziekowania.jpg 1519w\" sizes=\"(max-width: 342px) 100vw, 342px\" \/><\/p>\n<p>&nbsp;<\/p>\n<p>BD\/KB<\/p>\n","protected":false},"excerpt":{"rendered":"<p>Koniec ferii, mamy nadziej\u0119, \u017ce wszyscy wypocz\u0119li. Dzisiaj klasy 1 \u2013 3 powr\u00f3ci\u0142y tradycyjnie do szk\u00f3\u0142, pozostali uczniowie ucz\u0105 si\u0119 zdalnie przed ekranami komputer\u00f3w, tablet\u00f3w, smartfon\u00f3w. Mamy nadziej\u0119, \u017ce wszyscy wypocz\u0119li. Dzi\u0119kujemy za te wsp\u00f3lne dwa tygodnie pod has\u0142em \u201eBezpieczne ferie\u201d ze Stra\u017c\u0105 Miejsk\u0105 Wroc\u0142awia. Zaj\u0119cia dostosowali\u015bmy do aktualnie panuj\u0105cych zasad i obostrze\u0144 spowodowanych COVID [&hellip;]<\/p>\n","protected":false},"author":7,"featured_media":15126,"comment_status":"closed","ping_status":"closed","sticky":false,"template":"","format":"standard","meta":{"footnotes":""},"categories":[16],"tags":[],"class_list":["post-15127","post","type-post","status-publish","format-standard","has-post-thumbnail","hentry","category-aktual"],"_links":{"self":[{"href":"https:\/\/smwroclaw.pl\/index.php?rest_route=\/wp\/v2\/posts\/15127","targetHints":{"allow":["GET"]}}],"collection":[{"href":"https:\/\/smwroclaw.pl\/index.php?rest_route=\/wp\/v2\/posts"}],"about":[{"href":"https:\/\/smwroclaw.pl\/index.php?rest_route=\/wp\/v2\/types\/post"}],"author":[{"embeddable":true,"href":"https:\/\/smwroclaw.pl\/index.php?rest_route=\/wp\/v2\/users\/7"}],"replies":[{"embeddable":true,"href":"https:\/\/smwroclaw.pl\/index.php?rest_route=%2Fwp%2Fv2%2Fcomments&post=15127"}],"version-history":[{"count":2,"href":"https:\/\/smwroclaw.pl\/index.php?rest_route=\/wp\/v2\/posts\/15127\/revisions"}],"predecessor-version":[{"id":15131,"href":"https:\/\/smwroclaw.pl\/index.php?rest_route=\/wp\/v2\/posts\/15127\/revisions\/15131"}],"wp:featuredmedia":[{"embeddable":true,"href":"https:\/\/smwroclaw.pl\/index.php?rest_route=\/wp\/v2\/media\/15126"}],"wp:attachment":[{"href":"https:\/\/smwroclaw.pl\/index.php?rest_route=%2Fwp%2Fv2%2Fmedia&parent=15127"}],"wp:term":[{"taxonomy":"category","embeddable":true,"href":"https:\/\/smwroclaw.pl\/index.php?rest_route=%2Fwp%2Fv2%2Fcategories&post=15127"},{"taxonomy":"post_tag","embeddable":true,"href":"https:\/\/smwroclaw.pl\/index.php?rest_route=%2Fwp%2Fv2%2Ftags&post=15127"}],"curies":[{"name":"wp","href":"https:\/\/api.w.org\/{rel}","templated":true}]}}