{"id":15222,"date":"2021-01-20T22:57:42","date_gmt":"2021-01-20T21:57:42","guid":{"rendered":"http:\/\/smwroclaw.pl\/?p=15222"},"modified":"2021-01-20T22:57:42","modified_gmt":"2021-01-20T21:57:42","slug":"sroda-dla-osiedla-przedmiescie-olawskie-pomagamy","status":"publish","type":"post","link":"https:\/\/smwroclaw.pl\/?p=15222","title":{"rendered":"\u015aRODA DLA OSIEDLA PRZEDMIE\u015aCIE O\u0141AWSKIE &#8211; pomagamy"},"content":{"rendered":"<p style=\"text-align: justify;\"><span style=\"font-family: georgia, palatino, serif; font-size: 16px;\">Kolejny termos, z puli przekazanej nam przez Prezydenta Wroc\u0142awia Jacka Sutryka trafi\u0142 do najbardziej potrzebuj\u0105cych. W trakcie dzia\u0142a\u0144 na osiedlu kontrolowano miejsca przebywania os\u00f3b b\u0119d\u0105cych w kryzysie bezdomno\u015bci oraz udzielano informacji o mo\u017cliwo\u015bciach uzyskania pomocy.<\/span><\/p>\n<p style=\"text-align: center;\">\n<strong><span style=\"font-family: georgia, palatino, serif; font-size: 16px;\">Widzisz osob\u0119 bezdomn\u0105, w sytuacji zagra\u017caj\u0105cej \u017cyciu &#8211; zadzwo\u0144 986<\/span><\/strong><br \/>\n<!--more--><\/p>\n<p style=\"text-align: center;\"><img fetchpriority=\"high\" decoding=\"async\" class=\"alignnone  wp-image-15225\" src=\"https:\/\/smwroclaw.pl\/wp-content\/uploads\/2021\/01\/Termos-PO-169x300.jpg\" alt=\"\" width=\"252\" height=\"447\" srcset=\"https:\/\/smwroclaw.pl\/wp-content\/uploads\/2021\/01\/Termos-PO-169x300.jpg 169w, https:\/\/smwroclaw.pl\/wp-content\/uploads\/2021\/01\/Termos-PO-768x1366.jpg 768w, https:\/\/smwroclaw.pl\/wp-content\/uploads\/2021\/01\/Termos-PO-864x1536.jpg 864w, https:\/\/smwroclaw.pl\/wp-content\/uploads\/2021\/01\/Termos-PO.jpg 899w\" sizes=\"(max-width: 252px) 100vw, 252px\" \/> <img decoding=\"async\" class=\"alignnone  wp-image-15226\" src=\"https:\/\/smwroclaw.pl\/wp-content\/uploads\/2021\/01\/TermosPO-169x300.jpg\" alt=\"\" width=\"253\" height=\"449\" srcset=\"https:\/\/smwroclaw.pl\/wp-content\/uploads\/2021\/01\/TermosPO-169x300.jpg 169w, https:\/\/smwroclaw.pl\/wp-content\/uploads\/2021\/01\/TermosPO-768x1366.jpg 768w, https:\/\/smwroclaw.pl\/wp-content\/uploads\/2021\/01\/TermosPO-864x1536.jpg 864w, https:\/\/smwroclaw.pl\/wp-content\/uploads\/2021\/01\/TermosPO.jpg 899w\" sizes=\"(max-width: 253px) 100vw, 253px\" \/><\/p>\n<p>BD<\/p>\n<p>&nbsp;<\/p>\n","protected":false},"excerpt":{"rendered":"<p>Kolejny termos, z puli przekazanej nam przez Prezydenta Wroc\u0142awia Jacka Sutryka trafi\u0142 do najbardziej potrzebuj\u0105cych. W trakcie dzia\u0142a\u0144 na osiedlu kontrolowano miejsca przebywania os\u00f3b b\u0119d\u0105cych w kryzysie bezdomno\u015bci oraz udzielano informacji o mo\u017cliwo\u015bciach uzyskania pomocy. Widzisz osob\u0119 bezdomn\u0105, w sytuacji zagra\u017caj\u0105cej \u017cyciu &#8211; zadzwo\u0144 986<\/p>\n","protected":false},"author":7,"featured_media":15210,"comment_status":"closed","ping_status":"closed","sticky":false,"template":"","format":"standard","meta":{"footnotes":""},"categories":[16],"tags":[],"class_list":["post-15222","post","type-post","status-publish","format-standard","has-post-thumbnail","hentry","category-aktual"],"_links":{"self":[{"href":"https:\/\/smwroclaw.pl\/index.php?rest_route=\/wp\/v2\/posts\/15222","targetHints":{"allow":["GET"]}}],"collection":[{"href":"https:\/\/smwroclaw.pl\/index.php?rest_route=\/wp\/v2\/posts"}],"about":[{"href":"https:\/\/smwroclaw.pl\/index.php?rest_route=\/wp\/v2\/types\/post"}],"author":[{"embeddable":true,"href":"https:\/\/smwroclaw.pl\/index.php?rest_route=\/wp\/v2\/users\/7"}],"replies":[{"embeddable":true,"href":"https:\/\/smwroclaw.pl\/index.php?rest_route=%2Fwp%2Fv2%2Fcomments&post=15222"}],"version-history":[{"count":1,"href":"https:\/\/smwroclaw.pl\/index.php?rest_route=\/wp\/v2\/posts\/15222\/revisions"}],"predecessor-version":[{"id":15227,"href":"https:\/\/smwroclaw.pl\/index.php?rest_route=\/wp\/v2\/posts\/15222\/revisions\/15227"}],"wp:featuredmedia":[{"embeddable":true,"href":"https:\/\/smwroclaw.pl\/index.php?rest_route=\/wp\/v2\/media\/15210"}],"wp:attachment":[{"href":"https:\/\/smwroclaw.pl\/index.php?rest_route=%2Fwp%2Fv2%2Fmedia&parent=15222"}],"wp:term":[{"taxonomy":"category","embeddable":true,"href":"https:\/\/smwroclaw.pl\/index.php?rest_route=%2Fwp%2Fv2%2Fcategories&post=15222"},{"taxonomy":"post_tag","embeddable":true,"href":"https:\/\/smwroclaw.pl\/index.php?rest_route=%2Fwp%2Fv2%2Ftags&post=15222"}],"curies":[{"name":"wp","href":"https:\/\/api.w.org\/{rel}","templated":true}]}}