{"id":15228,"date":"2021-01-20T23:02:30","date_gmt":"2021-01-20T22:02:30","guid":{"rendered":"http:\/\/smwroclaw.pl\/?p=15228"},"modified":"2021-01-20T23:02:30","modified_gmt":"2021-01-20T22:02:30","slug":"sroda-dla-osiedla-przedmiescie-olawskie-kontrole","status":"publish","type":"post","link":"https:\/\/smwroclaw.pl\/?p=15228","title":{"rendered":"\u015aRODA DLA OSIEDLA PRZEDMIE\u015aCIE O\u0141AWSKIE &#8211; kontrole"},"content":{"rendered":"<p style=\"text-align: justify;\"><span style=\"font-family: georgia, palatino, serif; font-size: 16px;\">Kontrola wjazdu &#8211; wyjazdu z budowy obwodnicy przy ul. Mi\u0119dzyrzeckiej.<\/span><br \/>\n<span style=\"font-family: georgia, palatino, serif; font-size: 16px;\">Przypominamy o obowi\u0105zku utrzymania w nale\u017cytym stanie zjazd\u00f3w z dr\u00f3g publicznych oraz usuwania na bie\u017c\u0105co zanieczyszcze\u0144.<\/span><br \/>\n<!--more--><\/p>\n<p>&nbsp;<\/p>\n<p style=\"text-align: center;\"><img fetchpriority=\"high\" decoding=\"async\" class=\"alignnone  wp-image-15229\" src=\"https:\/\/smwroclaw.pl\/wp-content\/uploads\/2021\/01\/Droga-PO-169x300.jpg\" alt=\"\" width=\"234\" height=\"415\" srcset=\"https:\/\/smwroclaw.pl\/wp-content\/uploads\/2021\/01\/Droga-PO-169x300.jpg 169w, https:\/\/smwroclaw.pl\/wp-content\/uploads\/2021\/01\/Droga-PO-768x1366.jpg 768w, https:\/\/smwroclaw.pl\/wp-content\/uploads\/2021\/01\/Droga-PO-864x1536.jpg 864w, https:\/\/smwroclaw.pl\/wp-content\/uploads\/2021\/01\/Droga-PO.jpg 899w\" sizes=\"(max-width: 234px) 100vw, 234px\" \/> <img decoding=\"async\" class=\"alignnone  wp-image-15230\" src=\"https:\/\/smwroclaw.pl\/wp-content\/uploads\/2021\/01\/Droga-PO1-169x300.jpg\" alt=\"\" width=\"234\" height=\"415\" srcset=\"https:\/\/smwroclaw.pl\/wp-content\/uploads\/2021\/01\/Droga-PO1-169x300.jpg 169w, https:\/\/smwroclaw.pl\/wp-content\/uploads\/2021\/01\/Droga-PO1-768x1366.jpg 768w, https:\/\/smwroclaw.pl\/wp-content\/uploads\/2021\/01\/Droga-PO1-864x1536.jpg 864w, https:\/\/smwroclaw.pl\/wp-content\/uploads\/2021\/01\/Droga-PO1.jpg 899w\" sizes=\"(max-width: 234px) 100vw, 234px\" \/><\/p>\n<p>BD<\/p>\n<p>&nbsp;<\/p>\n","protected":false},"excerpt":{"rendered":"<p>Kontrola wjazdu &#8211; wyjazdu z budowy obwodnicy przy ul. Mi\u0119dzyrzeckiej. Przypominamy o obowi\u0105zku utrzymania w nale\u017cytym stanie zjazd\u00f3w z dr\u00f3g publicznych oraz usuwania na bie\u017c\u0105co zanieczyszcze\u0144.<\/p>\n","protected":false},"author":7,"featured_media":15207,"comment_status":"closed","ping_status":"closed","sticky":false,"template":"","format":"standard","meta":{"footnotes":""},"categories":[16],"tags":[],"class_list":["post-15228","post","type-post","status-publish","format-standard","has-post-thumbnail","hentry","category-aktual"],"_links":{"self":[{"href":"https:\/\/smwroclaw.pl\/index.php?rest_route=\/wp\/v2\/posts\/15228","targetHints":{"allow":["GET"]}}],"collection":[{"href":"https:\/\/smwroclaw.pl\/index.php?rest_route=\/wp\/v2\/posts"}],"about":[{"href":"https:\/\/smwroclaw.pl\/index.php?rest_route=\/wp\/v2\/types\/post"}],"author":[{"embeddable":true,"href":"https:\/\/smwroclaw.pl\/index.php?rest_route=\/wp\/v2\/users\/7"}],"replies":[{"embeddable":true,"href":"https:\/\/smwroclaw.pl\/index.php?rest_route=%2Fwp%2Fv2%2Fcomments&post=15228"}],"version-history":[{"count":1,"href":"https:\/\/smwroclaw.pl\/index.php?rest_route=\/wp\/v2\/posts\/15228\/revisions"}],"predecessor-version":[{"id":15231,"href":"https:\/\/smwroclaw.pl\/index.php?rest_route=\/wp\/v2\/posts\/15228\/revisions\/15231"}],"wp:featuredmedia":[{"embeddable":true,"href":"https:\/\/smwroclaw.pl\/index.php?rest_route=\/wp\/v2\/media\/15207"}],"wp:attachment":[{"href":"https:\/\/smwroclaw.pl\/index.php?rest_route=%2Fwp%2Fv2%2Fmedia&parent=15228"}],"wp:term":[{"taxonomy":"category","embeddable":true,"href":"https:\/\/smwroclaw.pl\/index.php?rest_route=%2Fwp%2Fv2%2Fcategories&post=15228"},{"taxonomy":"post_tag","embeddable":true,"href":"https:\/\/smwroclaw.pl\/index.php?rest_route=%2Fwp%2Fv2%2Ftags&post=15228"}],"curies":[{"name":"wp","href":"https:\/\/api.w.org\/{rel}","templated":true}]}}