{"id":15250,"date":"2021-01-21T12:34:33","date_gmt":"2021-01-21T11:34:33","guid":{"rendered":"http:\/\/smwroclaw.pl\/?p=15250"},"modified":"2021-01-21T12:34:33","modified_gmt":"2021-01-21T11:34:33","slug":"ekopatrol-w-dzialaniu-40","status":"publish","type":"post","link":"https:\/\/smwroclaw.pl\/?p=15250","title":{"rendered":"EKOPATROL W DZIA\u0141ANIU"},"content":{"rendered":"<div dir=\"auto\" style=\"text-align: justify;\"><span style=\"font-family: georgia, palatino, serif; font-size: 16px;\"><strong>21 stycznia 2021 r.<\/strong> (czwartek) stra\u017cnicy miejscy przeprowadzili kontrol\u0119 posesji przy <strong>ulicy Piernikowej<\/strong><\/span><\/div>\n<div dir=\"auto\" style=\"text-align: justify;\"><span style=\"font-family: georgia, palatino, serif; font-size: 16px;\"><span class=\"pq6dq46d tbxw36s4 knj5qynh kvgmc6g5 ditlmg2l oygrvhab nvdbi5me sf5mxxl7 gl3lb2sf hhz5lgdu\"><img decoding=\"async\" src=\"https:\/\/static.xx.fbcdn.net\/images\/emoji.php\/v9\/t51\/1\/16\/1f449.png\" alt=\"\ud83d\udc49\" width=\"16\" height=\"16\" \/><\/span>ujawnili <strong>spalanie w piecu p\u0142yt meblowych<\/strong><\/span><\/div>\n<div dir=\"auto\" style=\"text-align: justify;\"><span style=\"font-family: georgia, palatino, serif; font-size: 16px;\"><span class=\"pq6dq46d tbxw36s4 knj5qynh kvgmc6g5 ditlmg2l oygrvhab nvdbi5me sf5mxxl7 gl3lb2sf hhz5lgdu\"><img decoding=\"async\" src=\"https:\/\/static.xx.fbcdn.net\/images\/emoji.php\/v9\/t51\/1\/16\/1f449.png\" alt=\"\ud83d\udc49\" width=\"16\" height=\"16\" \/><\/span>Sprawca za wykroczenie zosta\u0142 ukarany mandatem 500 z\u0142.<\/span><\/div>\n<div dir=\"auto\"><\/div>\n<div dir=\"auto\" style=\"text-align: justify;\"><span style=\"font-family: georgia, palatino, serif; font-size: 16px;\"><span class=\"d2edcug0 hpfvmrgz qv66sw1b c1et5uql rrkovp55 a8c37x1j keod5gw0 nxhoafnm aigsh9s9 d3f4x2em fe6kdd0r mau55g9w c8b282yb iv3no6db jq4qci2q a3bd9o3v knj5qynh oo9gr5id hzawbc8m\" dir=\"auto\"><span class=\"pq6dq46d tbxw36s4 knj5qynh kvgmc6g5 ditlmg2l oygrvhab nvdbi5me sf5mxxl7 gl3lb2sf hhz5lgdu\"><img decoding=\"async\" src=\"https:\/\/static.xx.fbcdn.net\/images\/emoji.php\/v9\/t77\/1\/16\/203c.png\" alt=\"\u203c\ufe0f\" width=\"16\" height=\"16\" \/><\/span><\/span> P<strong>iec bezklasowy do obowi\u0105zkowej wymiany do 1 lipca 2024 r. <\/strong><span class=\"d2edcug0 hpfvmrgz qv66sw1b c1et5uql rrkovp55 a8c37x1j keod5gw0 nxhoafnm aigsh9s9 d3f4x2em fe6kdd0r mau55g9w c8b282yb iv3no6db jq4qci2q a3bd9o3v knj5qynh oo9gr5id hzawbc8m\" dir=\"auto\"><span class=\"pq6dq46d tbxw36s4 knj5qynh kvgmc6g5 ditlmg2l oygrvhab nvdbi5me sf5mxxl7 gl3lb2sf hhz5lgdu\"><img decoding=\"async\" src=\"https:\/\/static.xx.fbcdn.net\/images\/emoji.php\/v9\/t77\/1\/16\/203c.png\" alt=\"\u203c\ufe0f\" width=\"16\" height=\"16\" \/><\/span><\/span><\/span><\/div>\n<div dir=\"auto\"><\/div>\n<div dir=\"auto\"><img fetchpriority=\"high\" decoding=\"async\" class=\"aligncenter  wp-image-15251\" src=\"https:\/\/smwroclaw.pl\/wp-content\/uploads\/2021\/01\/PIERNIKOWA-21.01.jpg\" alt=\"\" width=\"351\" height=\"197\" srcset=\"https:\/\/smwroclaw.pl\/wp-content\/uploads\/2021\/01\/PIERNIKOWA-21.01.jpg 1600w, https:\/\/smwroclaw.pl\/wp-content\/uploads\/2021\/01\/PIERNIKOWA-21.01-300x169.jpg 300w, https:\/\/smwroclaw.pl\/wp-content\/uploads\/2021\/01\/PIERNIKOWA-21.01-768x432.jpg 768w, https:\/\/smwroclaw.pl\/wp-content\/uploads\/2021\/01\/PIERNIKOWA-21.01-1536x863.jpg 1536w\" sizes=\"(max-width: 351px) 100vw, 351px\" \/><\/div>\n<div dir=\"auto\"><\/div>\n<p><!--more--><\/p>\n<p><img loading=\"lazy\" decoding=\"async\" class=\"aligncenter  wp-image-15252\" src=\"https:\/\/smwroclaw.pl\/wp-content\/uploads\/2021\/01\/PIERNIKOWA-21.01.-2.jpg\" alt=\"\" width=\"425\" height=\"756\" srcset=\"https:\/\/smwroclaw.pl\/wp-content\/uploads\/2021\/01\/PIERNIKOWA-21.01.-2.jpg 899w, https:\/\/smwroclaw.pl\/wp-content\/uploads\/2021\/01\/PIERNIKOWA-21.01.-2-169x300.jpg 169w, https:\/\/smwroclaw.pl\/wp-content\/uploads\/2021\/01\/PIERNIKOWA-21.01.-2-768x1367.jpg 768w, https:\/\/smwroclaw.pl\/wp-content\/uploads\/2021\/01\/PIERNIKOWA-21.01.-2-863x1536.jpg 863w\" sizes=\"(max-width: 425px) 100vw, 425px\" \/><\/p>\n<p>wf<\/p>\n","protected":false},"excerpt":{"rendered":"<p>21 stycznia 2021 r. (czwartek) stra\u017cnicy miejscy przeprowadzili kontrol\u0119 posesji przy ulicy Piernikowej ujawnili spalanie w piecu p\u0142yt meblowych Sprawca za wykroczenie zosta\u0142 ukarany mandatem 500 z\u0142. Piec bezklasowy do obowi\u0105zkowej wymiany do 1 lipca 2024 r.<\/p>\n","protected":false},"author":4,"featured_media":14810,"comment_status":"closed","ping_status":"closed","sticky":false,"template":"","format":"standard","meta":{"footnotes":""},"categories":[16],"tags":[],"class_list":["post-15250","post","type-post","status-publish","format-standard","has-post-thumbnail","hentry","category-aktual"],"_links":{"self":[{"href":"https:\/\/smwroclaw.pl\/index.php?rest_route=\/wp\/v2\/posts\/15250","targetHints":{"allow":["GET"]}}],"collection":[{"href":"https:\/\/smwroclaw.pl\/index.php?rest_route=\/wp\/v2\/posts"}],"about":[{"href":"https:\/\/smwroclaw.pl\/index.php?rest_route=\/wp\/v2\/types\/post"}],"author":[{"embeddable":true,"href":"https:\/\/smwroclaw.pl\/index.php?rest_route=\/wp\/v2\/users\/4"}],"replies":[{"embeddable":true,"href":"https:\/\/smwroclaw.pl\/index.php?rest_route=%2Fwp%2Fv2%2Fcomments&post=15250"}],"version-history":[{"count":1,"href":"https:\/\/smwroclaw.pl\/index.php?rest_route=\/wp\/v2\/posts\/15250\/revisions"}],"predecessor-version":[{"id":15253,"href":"https:\/\/smwroclaw.pl\/index.php?rest_route=\/wp\/v2\/posts\/15250\/revisions\/15253"}],"wp:featuredmedia":[{"embeddable":true,"href":"https:\/\/smwroclaw.pl\/index.php?rest_route=\/wp\/v2\/media\/14810"}],"wp:attachment":[{"href":"https:\/\/smwroclaw.pl\/index.php?rest_route=%2Fwp%2Fv2%2Fmedia&parent=15250"}],"wp:term":[{"taxonomy":"category","embeddable":true,"href":"https:\/\/smwroclaw.pl\/index.php?rest_route=%2Fwp%2Fv2%2Fcategories&post=15250"},{"taxonomy":"post_tag","embeddable":true,"href":"https:\/\/smwroclaw.pl\/index.php?rest_route=%2Fwp%2Fv2%2Ftags&post=15250"}],"curies":[{"name":"wp","href":"https:\/\/api.w.org\/{rel}","templated":true}]}}