{"id":15318,"date":"2021-01-26T14:45:15","date_gmt":"2021-01-26T13:45:15","guid":{"rendered":"http:\/\/smwroclaw.pl\/?p=15318"},"modified":"2021-01-27T10:18:03","modified_gmt":"2021-01-27T09:18:03","slug":"miniratownik-podsumowanie-roku-2020","status":"publish","type":"post","link":"https:\/\/smwroclaw.pl\/?p=15318","title":{"rendered":"MiniRatownik \u2013 podsumowanie roku 2020"},"content":{"rendered":"<p style=\"text-align: justify;\"><span style=\"font-family: georgia, palatino, serif; font-size: 16px;\">W styczniu min\u0119\u0142o pi\u0119\u0107 lat od kiedy Stra\u017c Miejska Wroc\u0142awia realizuje program \u201e<strong>MiniRatownik\u201d<\/strong>. Dzi\u015b robimy podsumowanie roku 2020 z koronawirusem w tle. Okres ci\u0119\u017cki dla wszystkich, poniewa\u017c musieli\u015bmy dostosowa\u0107 swoje dzia\u0142ania do panuj\u0105cych obostrze\u0144. Przeszkolili\u015bmy w tym czasie ponad <strong>4377<\/strong> os\u00f3b z <strong>30<\/strong> plac\u00f3wek. Spotkania odbywa\u0142y si\u0119 w r\u00f3\u017cnych grupach wiekowych zawsze z zachowaniem re\u017cimu sanitarnego. Najwi\u0119ksza ilo\u015b\u0107 zaj\u0119\u0107 odby\u0142a si\u0119 w\u00a0grupach wiekowych 2,5 \u2013 10 lat. Z niekt\u00f3rymi dzie\u0107mi spotkali\u015bmy si\u0119 ju\u017c kolejny raz i jeste\u015bmy pewni\u2026 to co robimy dzia\u0142a! Maluchy doskonale pami\u0119taj\u0105 przekazan\u0105 im wiedz\u0119 i potrafi\u0105 j\u0105 zastosowa\u0107.<\/span><\/p>\n<p style=\"text-align: justify;\"><!--more--><br \/>\n<span style=\"font-family: georgia, palatino, serif; font-size: 16px;\">Program \u201eMiniRatownik\u201d ma na celu nauk\u0119 najm\u0142odszych zachowania w sytuacjach niebezpiecznych, numer\u00f3w alarmowych do poszczeg\u00f3lnych s\u0142u\u017cb oraz co najwa\u017cniejsze jak zachowa\u0107 si\u0119 gdy kto\u015b potrzebuje pomocy. Dzieci mog\u0105 \u0107wiczy\u0107 na specjalnych fantomach resuscytacj\u0119, mog\u0105 r\u00f3wnie\u017c zapozna\u0107 si\u0119 z zasadami dzia\u0142ania i dost\u0119pno\u015bci\u0105 defibrylatora AED.<\/span><br \/>\n<span style=\"font-family: georgia, palatino, serif; font-size: 16px;\">Umiej\u0119tno\u015b\u0107 udzielania pierwszej pomocy jest bardzo wa\u017cna i istotne jest, \u017ceby ju\u017c najm\u0142odsi nabywali umiej\u0119tno\u015bci oraz oswajali si\u0119 z ide\u0105 pomagania. Najlepsz\u0105 form\u0105 nauki s\u0105 zaj\u0119cia praktyczne, a dzieci znakomicie ucz\u0105 si\u0119 przez zabaw\u0119. Przyk\u0142ad\u00f3w ratowania \u017cycia przez najm\u0142odszych nie brakuje. Maluchy powinny mie\u0107 odruch si\u0119gni\u0119cia po telefon i wezwania pogotowia czy powiadomienia osoby doros\u0142ej. Powinny posiada\u0107 wiedz\u0119 jak zadba\u0107 o swoje bezpiecze\u0144stwo, jak udzieli\u0107 pomocy praktycznej, w kt\u00f3rym miejscu i w jaki spos\u00f3b zastosowa\u0107 uciski, jak wykona\u0107 wdechy ratownicze i jak u\u0142o\u017cy\u0107 poszkodowanego w pozycji bocznej.<\/span><br \/>\n<span style=\"font-family: georgia, palatino, serif; font-size: 16px;\">Przy okazji zaj\u0119\u0107 z pierwszej pomocy zawsze zapoznajemy naszych podopiecznych z\u00a0umundurowaniem i prac\u0105 Stra\u017cnika Miejskiego.<\/span><br \/>\n<span style=\"font-family: georgia, palatino, serif; font-size: 16px;\">Funkcjonariuszka prowadz\u0105ca zaj\u0119cia inspektor Beata Dopiera\u0142a uko\u0144czy\u0142a Wy\u017csz\u0105 Szko\u0142\u0119 Medyczn\u0105 w Legnicy na kierunku piel\u0119gniarstwo.<\/span><br \/>\n<span style=\"font-family: georgia, palatino, serif; font-size: 16px;\">Nauczycieli i opiekun\u00f3w z przedszkoli i szk\u00f3\u0142 podstawowych ch\u0119tnych, aby przeprowadzi\u0107 w ich plac\u00f3wkach zaj\u0119cia z cyklu \u201eMiniRatownik\u201d prosimy o kontakt na adres <a href=\"http:\/\/straz@smwroclaw.pl\">http:\/\/straz@smwroclaw.pl<\/a><br \/>\n<\/span><\/p>\n<p style=\"text-align: center;\"><img fetchpriority=\"high\" decoding=\"async\" class=\"alignnone  wp-image-15337\" src=\"https:\/\/smwroclaw.pl\/wp-content\/uploads\/2021\/01\/pODSUMOWANIE-2020-300x251.png\" alt=\"\" width=\"600\" height=\"502\" srcset=\"https:\/\/smwroclaw.pl\/wp-content\/uploads\/2021\/01\/pODSUMOWANIE-2020-300x251.png 300w, https:\/\/smwroclaw.pl\/wp-content\/uploads\/2021\/01\/pODSUMOWANIE-2020-768x644.png 768w, https:\/\/smwroclaw.pl\/wp-content\/uploads\/2021\/01\/pODSUMOWANIE-2020.png 940w\" sizes=\"(max-width: 600px) 100vw, 600px\" \/><\/p>\n<p>&nbsp;<\/p>\n<p style=\"text-align: center;\"><img decoding=\"async\" class=\"alignnone wp-image-14651\" src=\"https:\/\/smwroclaw.pl\/wp-content\/uploads\/2020\/12\/o3-300x169.jpg\" alt=\"\" width=\"428\" height=\"241\" srcset=\"https:\/\/smwroclaw.pl\/wp-content\/uploads\/2020\/12\/o3-300x169.jpg 300w, https:\/\/smwroclaw.pl\/wp-content\/uploads\/2020\/12\/o3-768x432.jpg 768w, https:\/\/smwroclaw.pl\/wp-content\/uploads\/2020\/12\/o3-1536x864.jpg 1536w, https:\/\/smwroclaw.pl\/wp-content\/uploads\/2020\/12\/o3.jpg 1734w\" sizes=\"(max-width: 428px) 100vw, 428px\" \/> <img decoding=\"async\" class=\"alignnone wp-image-13432\" src=\"https:\/\/smwroclaw.pl\/wp-content\/uploads\/2020\/09\/zo9-300x225.jpg\" alt=\"\" width=\"320\" height=\"240\" srcset=\"https:\/\/smwroclaw.pl\/wp-content\/uploads\/2020\/09\/zo9-300x225.jpg 300w, https:\/\/smwroclaw.pl\/wp-content\/uploads\/2020\/09\/zo9-768x576.jpg 768w, https:\/\/smwroclaw.pl\/wp-content\/uploads\/2020\/09\/zo9-1536x1152.jpg 1536w, https:\/\/smwroclaw.pl\/wp-content\/uploads\/2020\/09\/zo9.jpg 1600w\" sizes=\"(max-width: 320px) 100vw, 320px\" \/><\/p>\n<p style=\"text-align: center;\"><img loading=\"lazy\" decoding=\"async\" class=\"alignnone wp-image-10365\" src=\"https:\/\/smwroclaw.pl\/wp-content\/uploads\/2020\/02\/87044433_2580681485501396_7040404593120903168_n-300x225.jpg\" alt=\"\" width=\"371\" height=\"278\" srcset=\"https:\/\/smwroclaw.pl\/wp-content\/uploads\/2020\/02\/87044433_2580681485501396_7040404593120903168_n-300x225.jpg 300w, https:\/\/smwroclaw.pl\/wp-content\/uploads\/2020\/02\/87044433_2580681485501396_7040404593120903168_n-768x576.jpg 768w, https:\/\/smwroclaw.pl\/wp-content\/uploads\/2020\/02\/87044433_2580681485501396_7040404593120903168_n-1536x1152.jpg 1536w, https:\/\/smwroclaw.pl\/wp-content\/uploads\/2020\/02\/87044433_2580681485501396_7040404593120903168_n.jpg 1600w\" sizes=\"(max-width: 371px) 100vw, 371px\" \/> <img loading=\"lazy\" decoding=\"async\" class=\"alignnone wp-image-10366\" src=\"https:\/\/smwroclaw.pl\/wp-content\/uploads\/2020\/02\/87044433_2656127738000446_855664189530701824_n-300x225.jpg\" alt=\"\" width=\"378\" height=\"284\" srcset=\"https:\/\/smwroclaw.pl\/wp-content\/uploads\/2020\/02\/87044433_2656127738000446_855664189530701824_n-300x225.jpg 300w, https:\/\/smwroclaw.pl\/wp-content\/uploads\/2020\/02\/87044433_2656127738000446_855664189530701824_n-768x576.jpg 768w, https:\/\/smwroclaw.pl\/wp-content\/uploads\/2020\/02\/87044433_2656127738000446_855664189530701824_n-1536x1152.jpg 1536w, https:\/\/smwroclaw.pl\/wp-content\/uploads\/2020\/02\/87044433_2656127738000446_855664189530701824_n.jpg 1600w\" sizes=\"(max-width: 378px) 100vw, 378px\" \/><\/p>\n<p>BD<\/p>\n","protected":false},"excerpt":{"rendered":"<p>W styczniu min\u0119\u0142o pi\u0119\u0107 lat od kiedy Stra\u017c Miejska Wroc\u0142awia realizuje program \u201eMiniRatownik\u201d. Dzi\u015b robimy podsumowanie roku 2020 z koronawirusem w tle. Okres ci\u0119\u017cki dla wszystkich, poniewa\u017c musieli\u015bmy dostosowa\u0107 swoje dzia\u0142ania do panuj\u0105cych obostrze\u0144. Przeszkolili\u015bmy w tym czasie ponad 4377 os\u00f3b z 30 plac\u00f3wek. Spotkania odbywa\u0142y si\u0119 w r\u00f3\u017cnych grupach wiekowych zawsze z zachowaniem re\u017cimu [&hellip;]<\/p>\n","protected":false},"author":7,"featured_media":15320,"comment_status":"closed","ping_status":"closed","sticky":false,"template":"","format":"standard","meta":{"footnotes":""},"categories":[16],"tags":[],"class_list":["post-15318","post","type-post","status-publish","format-standard","has-post-thumbnail","hentry","category-aktual"],"_links":{"self":[{"href":"https:\/\/smwroclaw.pl\/index.php?rest_route=\/wp\/v2\/posts\/15318","targetHints":{"allow":["GET"]}}],"collection":[{"href":"https:\/\/smwroclaw.pl\/index.php?rest_route=\/wp\/v2\/posts"}],"about":[{"href":"https:\/\/smwroclaw.pl\/index.php?rest_route=\/wp\/v2\/types\/post"}],"author":[{"embeddable":true,"href":"https:\/\/smwroclaw.pl\/index.php?rest_route=\/wp\/v2\/users\/7"}],"replies":[{"embeddable":true,"href":"https:\/\/smwroclaw.pl\/index.php?rest_route=%2Fwp%2Fv2%2Fcomments&post=15318"}],"version-history":[{"count":3,"href":"https:\/\/smwroclaw.pl\/index.php?rest_route=\/wp\/v2\/posts\/15318\/revisions"}],"predecessor-version":[{"id":15339,"href":"https:\/\/smwroclaw.pl\/index.php?rest_route=\/wp\/v2\/posts\/15318\/revisions\/15339"}],"wp:featuredmedia":[{"embeddable":true,"href":"https:\/\/smwroclaw.pl\/index.php?rest_route=\/wp\/v2\/media\/15320"}],"wp:attachment":[{"href":"https:\/\/smwroclaw.pl\/index.php?rest_route=%2Fwp%2Fv2%2Fmedia&parent=15318"}],"wp:term":[{"taxonomy":"category","embeddable":true,"href":"https:\/\/smwroclaw.pl\/index.php?rest_route=%2Fwp%2Fv2%2Fcategories&post=15318"},{"taxonomy":"post_tag","embeddable":true,"href":"https:\/\/smwroclaw.pl\/index.php?rest_route=%2Fwp%2Fv2%2Ftags&post=15318"}],"curies":[{"name":"wp","href":"https:\/\/api.w.org\/{rel}","templated":true}]}}