{"id":15532,"date":"2021-02-08T11:07:23","date_gmt":"2021-02-08T10:07:23","guid":{"rendered":"http:\/\/smwroclaw.pl\/?p=15532"},"modified":"2021-02-08T11:16:17","modified_gmt":"2021-02-08T10:16:17","slug":"wspolnie-dbajmy-o-wroclaw-obowiazkowa-deratyzacja","status":"publish","type":"post","link":"https:\/\/smwroclaw.pl\/?p=15532","title":{"rendered":"WSP\u00d3LNIE DBAJMY O WROC\u0141AW \u2013 obowi\u0105zkowa deratyzacja"},"content":{"rendered":"<p style=\"text-align: justify;\"><span style=\"font-family: georgia, palatino, serif; font-size: 16px;\"><strong>Terminy obowi\u0105zkowej deratyzacji to: 1 \u2013 31 marca, 1 \u2013 30 listopada, dodatkowo 1 \u2013 31 lipca w centrum Wroc\u0142awia oraz ka\u017cdorazowo w przypadku wyst\u0105pienia populacji gryzoni na terenie nieruchomo\u015bci.<\/strong> Obowi\u0105zek\u00a0 spoczywa na w\u0142a\u015bcicielach i zarz\u0105dcach nieruchomo\u015bci na kt\u00f3rych zlokalizowane s\u0105: sklepy spo\u017cywcze, restauracje, kawiarnie wraz z terenem ogr\u00f3dk\u00f3w gastronomicznych, budynki wielolokalowe podpiwniczone, kom\u00f3rki i pomieszczenia gospodarcze, podw\u00f3rka i wiaty \u015bmietnikowe.<\/span><!--more--><\/p>\n<p style=\"text-align: center;\"><span style=\"font-family: georgia, palatino, serif; font-size: 16px;\"><strong>PAMI\u0118TAJ!<\/strong><\/span><\/p>\n<p style=\"text-align: justify;\"><span style=\"font-family: georgia, palatino, serif; font-size: 16px;\">&#8211; umieszczaj odpady, a szczeg\u00f3lnie te \u017cywno\u015bciowe, wy\u0142\u0105cznie w przeznaczonych do tego, zamykanych pojemnikach;<\/span><br \/>\n<span style=\"font-family: georgia, palatino, serif; font-size: 16px;\">&#8211; zachowaj czysto\u015b\u0107 w miejscach gromadzenia odpad\u00f3w;<\/span><br \/>\n<span style=\"font-family: georgia, palatino, serif; font-size: 16px;\">&#8211; dbaj o w\u0142a\u015bciw\u0105 ilo\u015b\u0107 pojemnik\u00f3w i odpowiedni\u0105 cz\u0119stotliwo\u015b\u0107 ich opr\u00f3\u017cniania;<\/span><br \/>\n<span style=\"font-family: georgia, palatino, serif; font-size: 16px;\">&#8211; umieszczaj odpady kuchenne, przeterminowan\u0105 \u017cywno\u015b\u0107 w osobnych, specjalnie oznaczonych pojemnikach i przekazuj uprawnionym s\u0142u\u017cbom;<\/span><br \/>\n<span style=\"font-family: georgia, palatino, serif; font-size: 16px;\">&#8211; zabezpiecz obiekt przed szkodnikami;<\/span><br \/>\n<span style=\"font-family: georgia, palatino, serif; font-size: 16px;\">&#8211; rzetelnie wykonuj obowi\u0105zkow\u0105 deratyzacj\u0119.<\/span><\/p>\n\n\t\t<style type=\"text\/css\">\n\t\t\t#gallery-1 {\n\t\t\t\tmargin: auto;\n\t\t\t}\n\t\t\t#gallery-1 .gallery-item {\n\t\t\t\tfloat: left;\n\t\t\t\tmargin-top: 10px;\n\t\t\t\ttext-align: center;\n\t\t\t\twidth: 33%;\n\t\t\t}\n\t\t\t#gallery-1 img {\n\t\t\t\tborder: 2px solid #cfcfcf;\n\t\t\t}\n\t\t\t#gallery-1 .gallery-caption {\n\t\t\t\tmargin-left: 0;\n\t\t\t}\n\t\t\t\/* see gallery_shortcode() in wp-includes\/media.php *\/\n\t\t<\/style>\n\t\t<div id='gallery-1' class='gallery galleryid-15532 gallery-columns-3 gallery-size-thumbnail'><dl class='gallery-item'>\n\t\t\t<dt class='gallery-icon portrait'>\n\t\t\t\t<a href='https:\/\/smwroclaw.pl\/?attachment_id=15534'><img fetchpriority=\"high\" decoding=\"async\" width=\"360\" height=\"260\" src=\"https:\/\/smwroclaw.pl\/wp-content\/uploads\/2021\/02\/PAMIETAJ-PRZEZ-TWOJE-NAWYKI-I-DZIALANIA-MASZ-WPLYW-NA-OGRANICZENIE-POPULACJI-SZCZUROW-W-NASZYM-MIESCIE-1-360x260.png\" class=\"attachment-thumbnail size-thumbnail\" alt=\"\" \/><\/a>\n\t\t\t<\/dt><\/dl><dl class='gallery-item'>\n\t\t\t<dt class='gallery-icon portrait'>\n\t\t\t\t<a href='https:\/\/smwroclaw.pl\/?attachment_id=15535'><img decoding=\"async\" width=\"360\" height=\"260\" src=\"https:\/\/smwroclaw.pl\/wp-content\/uploads\/2021\/02\/PLAKAT-SZCZURY-BIALE-TLO-3-360x260.png\" class=\"attachment-thumbnail size-thumbnail\" alt=\"\" \/><\/a>\n\t\t\t<\/dt><\/dl>\n\t\t\t<br style='clear: both' \/>\n\t\t<\/div>\n\n<p>BD<\/p>\n","protected":false},"excerpt":{"rendered":"<p>Terminy obowi\u0105zkowej deratyzacji to: 1 \u2013 31 marca, 1 \u2013 30 listopada, dodatkowo 1 \u2013 31 lipca w centrum Wroc\u0142awia oraz ka\u017cdorazowo w przypadku wyst\u0105pienia populacji gryzoni na terenie nieruchomo\u015bci. Obowi\u0105zek\u00a0 spoczywa na w\u0142a\u015bcicielach i zarz\u0105dcach nieruchomo\u015bci na kt\u00f3rych zlokalizowane s\u0105: sklepy spo\u017cywcze, restauracje, kawiarnie wraz z terenem ogr\u00f3dk\u00f3w gastronomicznych, budynki wielolokalowe podpiwniczone, kom\u00f3rki i [&hellip;]<\/p>\n","protected":false},"author":7,"featured_media":15533,"comment_status":"closed","ping_status":"closed","sticky":false,"template":"","format":"standard","meta":{"footnotes":""},"categories":[16],"tags":[],"class_list":["post-15532","post","type-post","status-publish","format-standard","has-post-thumbnail","hentry","category-aktual"],"_links":{"self":[{"href":"https:\/\/smwroclaw.pl\/index.php?rest_route=\/wp\/v2\/posts\/15532","targetHints":{"allow":["GET"]}}],"collection":[{"href":"https:\/\/smwroclaw.pl\/index.php?rest_route=\/wp\/v2\/posts"}],"about":[{"href":"https:\/\/smwroclaw.pl\/index.php?rest_route=\/wp\/v2\/types\/post"}],"author":[{"embeddable":true,"href":"https:\/\/smwroclaw.pl\/index.php?rest_route=\/wp\/v2\/users\/7"}],"replies":[{"embeddable":true,"href":"https:\/\/smwroclaw.pl\/index.php?rest_route=%2Fwp%2Fv2%2Fcomments&post=15532"}],"version-history":[{"count":3,"href":"https:\/\/smwroclaw.pl\/index.php?rest_route=\/wp\/v2\/posts\/15532\/revisions"}],"predecessor-version":[{"id":15539,"href":"https:\/\/smwroclaw.pl\/index.php?rest_route=\/wp\/v2\/posts\/15532\/revisions\/15539"}],"wp:featuredmedia":[{"embeddable":true,"href":"https:\/\/smwroclaw.pl\/index.php?rest_route=\/wp\/v2\/media\/15533"}],"wp:attachment":[{"href":"https:\/\/smwroclaw.pl\/index.php?rest_route=%2Fwp%2Fv2%2Fmedia&parent=15532"}],"wp:term":[{"taxonomy":"category","embeddable":true,"href":"https:\/\/smwroclaw.pl\/index.php?rest_route=%2Fwp%2Fv2%2Fcategories&post=15532"},{"taxonomy":"post_tag","embeddable":true,"href":"https:\/\/smwroclaw.pl\/index.php?rest_route=%2Fwp%2Fv2%2Ftags&post=15532"}],"curies":[{"name":"wp","href":"https:\/\/api.w.org\/{rel}","templated":true}]}}