{"id":15810,"date":"2021-03-02T13:46:21","date_gmt":"2021-03-02T12:46:21","guid":{"rendered":"http:\/\/smwroclaw.pl\/?p=15810"},"modified":"2021-03-02T13:48:09","modified_gmt":"2021-03-02T12:48:09","slug":"publiczne-przedszkole-guliwer-we-wroclawiu-zajecia-dla-dzieci","status":"publish","type":"post","link":"https:\/\/smwroclaw.pl\/?p=15810","title":{"rendered":"PUBLICZNE PRZEDSZKOLE GULIWER WE WROC\u0141AWIU &#8211; zaj\u0119cia dla dzieci"},"content":{"rendered":"<p style=\"text-align: justify;\"><span style=\"font-family: georgia, palatino, serif; font-size: 16px;\">Dzi\u015b funkcjonariusze z <strong>Zespo\u0142u d\/s koordynacji program\u00f3w prewencyjnych<\/strong> spotkali si\u0119 z najm\u0142odszymi z <strong>Przedszkola Guliwer<\/strong> przy ul. Przyja\u017ani, aby podzieli\u0107 si\u0119 wiedz\u0105 o bezpiecze\u0144stwie w domu, przedszkolu i na drodze oraz przypomnie\u0107 czym zajmuje si\u0119 Stra\u017c Miejska Wroc\u0142awia, jak wygl\u0105daj\u0105 nasze patrole i \u015brodki transportu. Dzieci jak zawsze s\u0142ucha\u0142y z zaciekawieniem a tak\u017ce zadawa\u0142y bardzo merytoryczne pytania. Pozdrawiamy i do zobaczenia.<\/span><!--more--><\/p>\n\n\t\t<style type=\"text\/css\">\n\t\t\t#gallery-1 {\n\t\t\t\tmargin: auto;\n\t\t\t}\n\t\t\t#gallery-1 .gallery-item {\n\t\t\t\tfloat: left;\n\t\t\t\tmargin-top: 10px;\n\t\t\t\ttext-align: center;\n\t\t\t\twidth: 33%;\n\t\t\t}\n\t\t\t#gallery-1 img {\n\t\t\t\tborder: 2px solid #cfcfcf;\n\t\t\t}\n\t\t\t#gallery-1 .gallery-caption {\n\t\t\t\tmargin-left: 0;\n\t\t\t}\n\t\t\t\/* see gallery_shortcode() in wp-includes\/media.php *\/\n\t\t<\/style>\n\t\t<div id='gallery-1' class='gallery galleryid-15810 gallery-columns-3 gallery-size-thumbnail'><dl class='gallery-item'>\n\t\t\t<dt class='gallery-icon landscape'>\n\t\t\t\t<a href='https:\/\/smwroclaw.pl\/?attachment_id=15812'><img fetchpriority=\"high\" decoding=\"async\" width=\"360\" height=\"260\" src=\"https:\/\/smwroclaw.pl\/wp-content\/uploads\/2021\/03\/1-360x260.jpg\" class=\"attachment-thumbnail size-thumbnail\" alt=\"\" \/><\/a>\n\t\t\t<\/dt><\/dl><dl class='gallery-item'>\n\t\t\t<dt class='gallery-icon landscape'>\n\t\t\t\t<a href='https:\/\/smwroclaw.pl\/?attachment_id=15814'><img decoding=\"async\" width=\"360\" height=\"260\" src=\"https:\/\/smwroclaw.pl\/wp-content\/uploads\/2021\/03\/3-360x260.jpg\" class=\"attachment-thumbnail size-thumbnail\" alt=\"\" \/><\/a>\n\t\t\t<\/dt><\/dl><dl class='gallery-item'>\n\t\t\t<dt class='gallery-icon landscape'>\n\t\t\t\t<a href='https:\/\/smwroclaw.pl\/?attachment_id=15813'><img decoding=\"async\" width=\"360\" height=\"260\" src=\"https:\/\/smwroclaw.pl\/wp-content\/uploads\/2021\/03\/2-360x260.jpg\" class=\"attachment-thumbnail size-thumbnail\" alt=\"\" \/><\/a>\n\t\t\t<\/dt><\/dl><br style=\"clear: both\" \/>\n\t\t<\/div>\n\n<p>BD<\/p>\n","protected":false},"excerpt":{"rendered":"<p>Dzi\u015b funkcjonariusze z Zespo\u0142u d\/s koordynacji program\u00f3w prewencyjnych spotkali si\u0119 z najm\u0142odszymi z Przedszkola Guliwer przy ul. Przyja\u017ani, aby podzieli\u0107 si\u0119 wiedz\u0105 o bezpiecze\u0144stwie w domu, przedszkolu i na drodze oraz przypomnie\u0107 czym zajmuje si\u0119 Stra\u017c Miejska Wroc\u0142awia, jak wygl\u0105daj\u0105 nasze patrole i \u015brodki transportu. Dzieci jak zawsze s\u0142ucha\u0142y z zaciekawieniem a tak\u017ce zadawa\u0142y bardzo [&hellip;]<\/p>\n","protected":false},"author":7,"featured_media":15811,"comment_status":"closed","ping_status":"closed","sticky":false,"template":"","format":"standard","meta":{"footnotes":""},"categories":[16],"tags":[],"class_list":["post-15810","post","type-post","status-publish","format-standard","has-post-thumbnail","hentry","category-aktual"],"_links":{"self":[{"href":"https:\/\/smwroclaw.pl\/index.php?rest_route=\/wp\/v2\/posts\/15810","targetHints":{"allow":["GET"]}}],"collection":[{"href":"https:\/\/smwroclaw.pl\/index.php?rest_route=\/wp\/v2\/posts"}],"about":[{"href":"https:\/\/smwroclaw.pl\/index.php?rest_route=\/wp\/v2\/types\/post"}],"author":[{"embeddable":true,"href":"https:\/\/smwroclaw.pl\/index.php?rest_route=\/wp\/v2\/users\/7"}],"replies":[{"embeddable":true,"href":"https:\/\/smwroclaw.pl\/index.php?rest_route=%2Fwp%2Fv2%2Fcomments&post=15810"}],"version-history":[{"count":2,"href":"https:\/\/smwroclaw.pl\/index.php?rest_route=\/wp\/v2\/posts\/15810\/revisions"}],"predecessor-version":[{"id":15816,"href":"https:\/\/smwroclaw.pl\/index.php?rest_route=\/wp\/v2\/posts\/15810\/revisions\/15816"}],"wp:featuredmedia":[{"embeddable":true,"href":"https:\/\/smwroclaw.pl\/index.php?rest_route=\/wp\/v2\/media\/15811"}],"wp:attachment":[{"href":"https:\/\/smwroclaw.pl\/index.php?rest_route=%2Fwp%2Fv2%2Fmedia&parent=15810"}],"wp:term":[{"taxonomy":"category","embeddable":true,"href":"https:\/\/smwroclaw.pl\/index.php?rest_route=%2Fwp%2Fv2%2Fcategories&post=15810"},{"taxonomy":"post_tag","embeddable":true,"href":"https:\/\/smwroclaw.pl\/index.php?rest_route=%2Fwp%2Fv2%2Ftags&post=15810"}],"curies":[{"name":"wp","href":"https:\/\/api.w.org\/{rel}","templated":true}]}}