{"id":1595,"date":"2018-05-07T14:02:55","date_gmt":"2018-05-07T12:02:55","guid":{"rendered":"http:\/\/smwroclaw.pl\/?p=1595"},"modified":"2018-05-16T14:26:35","modified_gmt":"2018-05-16T12:26:35","slug":"dzien-flagi-rzeczypospolitej-polskiej-2","status":"publish","type":"post","link":"https:\/\/smwroclaw.pl\/?p=1595","title":{"rendered":"DZIE\u0143 FLAGI RZECZYPOSPOLITEJ POLSKIEJ"},"content":{"rendered":"<p><span style=\"font-family: georgia,palatino,serif; font-size: 12pt;\">Uroczysto\u015bci 2 maja rozpocz\u0119\u0142y si\u0119 na wroc\u0142awskim rynku od oficjalnych przem\u00f3wie\u0144. Nast\u0119pnie nast\u0105pi\u0142o uroczyste wci\u0105gni\u0119cie flagi pa\u0144stwowej na maszt i defilada, w kt\u00f3rej Stra\u017c Miejsk\u0105 Wroc\u0142awia reprezentowali funkcjonariusze Referatu Patrolu Konnego i\u00a0 Kompanii Reprezentacyjnej. Zgodnie z Konstytucj\u0105 barwy narodowe podlegaj\u0105 ochronie prawnej. Fladze pa\u0144stwowej nale\u017cny jest szacunek \u2013 powinna by\u0107 zawsze zadbana, a najbardziej godnym sposobem jej eksponowania jest umieszczenie na drzewcu lub maszcie. Na terenie kraju polska flaga ma pierwsze\u0144stwo przed ka\u017cd\u0105 inn\u0105. Jest to wa\u017cny element naszej to\u017csamo\u015bci narodowej. To wyj\u0105tkowy dzie\u0144, w kt\u00f3rym czujemy dum\u0119 z tego, \u017ce jeste\u015bmy Polakami<\/span><\/p>\n<p><!--more--><\/p>\n<p><img fetchpriority=\"high\" decoding=\"async\" class=\"alignnone size-medium wp-image-1597\" src=\"https:\/\/smwroclaw.pl\/wp-content\/uploads\/2018\/05\/IMG_7554-300x200.jpg\" alt=\"\" width=\"300\" height=\"200\" srcset=\"https:\/\/smwroclaw.pl\/wp-content\/uploads\/2018\/05\/IMG_7554-300x200.jpg 300w, https:\/\/smwroclaw.pl\/wp-content\/uploads\/2018\/05\/IMG_7554.jpg 640w\" sizes=\"(max-width: 300px) 100vw, 300px\" \/><img decoding=\"async\" class=\"alignnone size-medium wp-image-1599\" src=\"https:\/\/smwroclaw.pl\/wp-content\/uploads\/2018\/05\/IMG_7584-300x215.jpg\" alt=\"\" width=\"300\" height=\"215\" srcset=\"https:\/\/smwroclaw.pl\/wp-content\/uploads\/2018\/05\/IMG_7584-300x215.jpg 300w, https:\/\/smwroclaw.pl\/wp-content\/uploads\/2018\/05\/IMG_7584.jpg 640w\" sizes=\"(max-width: 300px) 100vw, 300px\" \/>\u00a0 <img decoding=\"async\" class=\"alignnone size-medium wp-image-1598\" src=\"https:\/\/smwroclaw.pl\/wp-content\/uploads\/2018\/05\/IMG_7574-300x230.jpg\" alt=\"\" width=\"300\" height=\"230\" srcset=\"https:\/\/smwroclaw.pl\/wp-content\/uploads\/2018\/05\/IMG_7574-300x230.jpg 300w, https:\/\/smwroclaw.pl\/wp-content\/uploads\/2018\/05\/IMG_7574.jpg 640w\" sizes=\"(max-width: 300px) 100vw, 300px\" \/>\u00a0<img loading=\"lazy\" decoding=\"async\" class=\"alignnone size-medium wp-image-1604\" src=\"https:\/\/smwroclaw.pl\/wp-content\/uploads\/2018\/05\/IMG_7667-300x200.jpg\" alt=\"\" width=\"300\" height=\"200\" srcset=\"https:\/\/smwroclaw.pl\/wp-content\/uploads\/2018\/05\/IMG_7667-300x200.jpg 300w, https:\/\/smwroclaw.pl\/wp-content\/uploads\/2018\/05\/IMG_7667.jpg 640w\" sizes=\"(max-width: 300px) 100vw, 300px\" \/><img loading=\"lazy\" decoding=\"async\" class=\"alignnone size-medium wp-image-1606\" src=\"https:\/\/smwroclaw.pl\/wp-content\/uploads\/2018\/05\/IMG_7713-300x200.jpg\" alt=\"\" width=\"300\" height=\"200\" srcset=\"https:\/\/smwroclaw.pl\/wp-content\/uploads\/2018\/05\/IMG_7713-300x200.jpg 300w, https:\/\/smwroclaw.pl\/wp-content\/uploads\/2018\/05\/IMG_7713.jpg 640w\" sizes=\"(max-width: 300px) 100vw, 300px\" \/>\u00a0 <img loading=\"lazy\" decoding=\"async\" class=\"alignnone size-medium wp-image-1596\" src=\"https:\/\/smwroclaw.pl\/wp-content\/uploads\/2018\/05\/IMG_7553-300x200.jpg\" alt=\"\" width=\"300\" height=\"200\" srcset=\"https:\/\/smwroclaw.pl\/wp-content\/uploads\/2018\/05\/IMG_7553-300x200.jpg 300w, https:\/\/smwroclaw.pl\/wp-content\/uploads\/2018\/05\/IMG_7553.jpg 640w\" sizes=\"(max-width: 300px) 100vw, 300px\" \/><img loading=\"lazy\" decoding=\"async\" class=\"alignnone size-medium wp-image-1600\" src=\"https:\/\/smwroclaw.pl\/wp-content\/uploads\/2018\/05\/IMG_7601-200x300.jpg\" alt=\"\" width=\"200\" height=\"300\" srcset=\"https:\/\/smwroclaw.pl\/wp-content\/uploads\/2018\/05\/IMG_7601-200x300.jpg 200w, https:\/\/smwroclaw.pl\/wp-content\/uploads\/2018\/05\/IMG_7601.jpg 427w\" sizes=\"(max-width: 200px) 100vw, 200px\" \/><img loading=\"lazy\" decoding=\"async\" class=\"alignnone size-medium wp-image-1605\" src=\"https:\/\/smwroclaw.pl\/wp-content\/uploads\/2018\/05\/IMG_7670-300x202.jpg\" alt=\"\" width=\"300\" height=\"202\" srcset=\"https:\/\/smwroclaw.pl\/wp-content\/uploads\/2018\/05\/IMG_7670-300x202.jpg 300w, https:\/\/smwroclaw.pl\/wp-content\/uploads\/2018\/05\/IMG_7670.jpg 640w\" sizes=\"(max-width: 300px) 100vw, 300px\" \/><img loading=\"lazy\" decoding=\"async\" class=\"alignnone size-medium wp-image-1601\" src=\"https:\/\/smwroclaw.pl\/wp-content\/uploads\/2018\/05\/IMG_7607-300x200.jpg\" alt=\"\" width=\"300\" height=\"200\" srcset=\"https:\/\/smwroclaw.pl\/wp-content\/uploads\/2018\/05\/IMG_7607-300x200.jpg 300w, https:\/\/smwroclaw.pl\/wp-content\/uploads\/2018\/05\/IMG_7607.jpg 640w\" sizes=\"(max-width: 300px) 100vw, 300px\" \/> <img loading=\"lazy\" decoding=\"async\" class=\"alignnone size-medium wp-image-1602\" src=\"https:\/\/smwroclaw.pl\/wp-content\/uploads\/2018\/05\/IMG_7611-300x200.jpg\" alt=\"\" width=\"300\" height=\"200\" srcset=\"https:\/\/smwroclaw.pl\/wp-content\/uploads\/2018\/05\/IMG_7611-300x200.jpg 300w, https:\/\/smwroclaw.pl\/wp-content\/uploads\/2018\/05\/IMG_7611.jpg 640w\" sizes=\"(max-width: 300px) 100vw, 300px\" \/>\u00a0\u00a0\u00a0 <img loading=\"lazy\" decoding=\"async\" class=\"alignnone size-medium wp-image-1607\" src=\"https:\/\/smwroclaw.pl\/wp-content\/uploads\/2018\/05\/IMG_7820-300x200.jpg\" alt=\"\" width=\"300\" height=\"200\" srcset=\"https:\/\/smwroclaw.pl\/wp-content\/uploads\/2018\/05\/IMG_7820-300x200.jpg 300w, https:\/\/smwroclaw.pl\/wp-content\/uploads\/2018\/05\/IMG_7820.jpg 640w\" sizes=\"(max-width: 300px) 100vw, 300px\" \/><\/p>\n<p>&nbsp;<\/p>\n<p>fot. Krzysztof Porawski<\/p>\n<p>SN<\/p>\n","protected":false},"excerpt":{"rendered":"<p>Uroczysto\u015bci 2 maja rozpocz\u0119\u0142y si\u0119 na wroc\u0142awskim rynku od oficjalnych przem\u00f3wie\u0144. Nast\u0119pnie nast\u0105pi\u0142o uroczyste wci\u0105gni\u0119cie flagi pa\u0144stwowej na maszt i defilada, w kt\u00f3rej Stra\u017c Miejsk\u0105 Wroc\u0142awia reprezentowali funkcjonariusze Referatu Patrolu Konnego i\u00a0 Kompanii Reprezentacyjnej. Zgodnie z Konstytucj\u0105 barwy narodowe podlegaj\u0105 ochronie prawnej. Fladze pa\u0144stwowej nale\u017cny jest szacunek \u2013 powinna by\u0107 zawsze zadbana, a najbardziej godnym [&hellip;]<\/p>\n","protected":false},"author":3,"featured_media":1603,"comment_status":"closed","ping_status":"closed","sticky":false,"template":"","format":"standard","meta":{"footnotes":""},"categories":[16,33],"tags":[],"class_list":["post-1595","post","type-post","status-publish","format-standard","has-post-thumbnail","hentry","category-aktual","category-prew"],"_links":{"self":[{"href":"https:\/\/smwroclaw.pl\/index.php?rest_route=\/wp\/v2\/posts\/1595","targetHints":{"allow":["GET"]}}],"collection":[{"href":"https:\/\/smwroclaw.pl\/index.php?rest_route=\/wp\/v2\/posts"}],"about":[{"href":"https:\/\/smwroclaw.pl\/index.php?rest_route=\/wp\/v2\/types\/post"}],"author":[{"embeddable":true,"href":"https:\/\/smwroclaw.pl\/index.php?rest_route=\/wp\/v2\/users\/3"}],"replies":[{"embeddable":true,"href":"https:\/\/smwroclaw.pl\/index.php?rest_route=%2Fwp%2Fv2%2Fcomments&post=1595"}],"version-history":[{"count":3,"href":"https:\/\/smwroclaw.pl\/index.php?rest_route=\/wp\/v2\/posts\/1595\/revisions"}],"predecessor-version":[{"id":1610,"href":"https:\/\/smwroclaw.pl\/index.php?rest_route=\/wp\/v2\/posts\/1595\/revisions\/1610"}],"wp:featuredmedia":[{"embeddable":true,"href":"https:\/\/smwroclaw.pl\/index.php?rest_route=\/wp\/v2\/media\/1603"}],"wp:attachment":[{"href":"https:\/\/smwroclaw.pl\/index.php?rest_route=%2Fwp%2Fv2%2Fmedia&parent=1595"}],"wp:term":[{"taxonomy":"category","embeddable":true,"href":"https:\/\/smwroclaw.pl\/index.php?rest_route=%2Fwp%2Fv2%2Fcategories&post=1595"},{"taxonomy":"post_tag","embeddable":true,"href":"https:\/\/smwroclaw.pl\/index.php?rest_route=%2Fwp%2Fv2%2Ftags&post=1595"}],"curies":[{"name":"wp","href":"https:\/\/api.w.org\/{rel}","templated":true}]}}