{"id":16265,"date":"2021-04-22T11:33:24","date_gmt":"2021-04-22T09:33:24","guid":{"rendered":"http:\/\/smwroclaw.pl\/?p=16265"},"modified":"2021-04-22T11:33:24","modified_gmt":"2021-04-22T09:33:24","slug":"uwaga-zmiana-w-organizacji-ruchu","status":"publish","type":"post","link":"https:\/\/smwroclaw.pl\/?p=16265","title":{"rendered":"UWAGA! ZMIANA W ORGANIZACJI RUCHU!"},"content":{"rendered":"<p style=\"text-align: justify;\"><span style=\"font-family: georgia, palatino, serif; font-size: 16px;\"><strong>24 kwietnia<\/strong> planowane jest rozpocz\u0119cie <strong>przebudowy<\/strong> skrzy\u017cowania <strong>ul. W\u0142adys\u0142awa Jagie\u0142\u0142y i ul. Romana Dmowskiego!<\/strong> Od dzisiaj Stra\u017c Miejska prowadzi akcj\u0119 informacyjn\u0105.<\/span><\/p>\n<p><!--more--><\/p>\n<p style=\"text-align: justify;\"><span style=\"font-family: georgia, palatino, serif; font-size: 16px;\">Budowa trasy <strong>tramwajowej na Popowice<\/strong> jest jedn\u0105 z najwi\u0119kszych inwestycji komunikacyjnych Wroc\u0142awia w ostatnich latach. Dobudowane zostan\u0105 r\u00f3wnie\u017c pasy ruchu, kt\u00f3re u\u0142atwi\u0105 <strong>wjazd na K\u0119p\u0119 Mieszcza\u0144sk\u0105<\/strong>, powstan\u0105 nowe drogi rowerowe, przystanki, chodniki, wyremontowana zostanie nawierzchnia ulic i planowane jest nasadzenie drzew. <strong>Prace rozpoczn\u0105 si\u0119<\/strong> ju\u017c w t\u0119 <strong>sobot\u0119<\/strong>, dlatego prosimy o zapoznanie si\u0119 ze zmianami w organizacji ruchu. Zdajemy sobie spraw\u0119, \u017ce wprowadzone zmiany b\u0119d\u0105 powodowa\u0107 utrudnienia szczeg\u00f3lnie na pocz\u0105tku, dlatego <strong>prosimy kierowc\u00f3w<\/strong> o zachowanie <strong>szczeg\u00f3lnej ostro\u017cno\u015bci<\/strong> a <strong>mieszka\u0144c\u00f3w<\/strong> o <strong>cierpliwo\u015b\u0107 i sprawne dostosowanie si\u0119 do zmian.<\/strong> <\/span><\/p>\n<p style=\"text-align: justify;\"><strong><span style=\"font-family: georgia, palatino, serif; font-size: 16px;\">Wi\u0119cej informacji: <\/span><\/strong><\/p>\n<p style=\"text-align: justify;\"><strong><span style=\"font-family: georgia, palatino, serif; font-size: 16px;\"><span role=\"gridcell\"><a class=\"oajrlxb2 g5ia77u1 qu0x051f esr5mh6w e9989ue4 r7d6kgcz rq0escxv nhd2j8a9 nc684nl6 p7hjln8o kvgmc6g5 cxmmr5t8 oygrvhab hcukyx3x jb3vyjys rz4wbd8a qt6c0cv9 a8nywdso i1ao9s8h oo483o9r f1sip0of lzcic4wl ljqsnud1 gpro0wi8\" tabindex=\"0\" role=\"link\" href=\"https:\/\/l.facebook.com\/l.php?u=http%3A%2F%2Fwww.wi.wroc.pl%2F%3Ffbclid%3DIwAR2Gt-FP508FRT06CJPk8QuBOLcvYbVmOKgS_iCOcLofnQdYz1l60abp6HI&amp;h=AT20RY1Q31EpUS_mfaa7IJMX6UQORf2KXjIM9SyOJgjH_3zI3Aw9nnpaddPwa2dcnQm9r1xGWXHVLsEBR14KKTTH-GMJAd5e6aRSKi0SscnCdfIPglbT2Be_otcrGbs2Gx0gHg\" target=\"_blank\" rel=\"nofollow noopener noreferrer\">www.wi.wroc.pl<\/a><\/span> <\/span><\/strong><\/p>\n<p style=\"text-align: justify;\"><strong><span style=\"font-family: georgia, palatino, serif; font-size: 16px;\"><span role=\"gridcell\"><a class=\"oajrlxb2 g5ia77u1 qu0x051f esr5mh6w e9989ue4 r7d6kgcz rq0escxv nhd2j8a9 nc684nl6 p7hjln8o kvgmc6g5 cxmmr5t8 oygrvhab hcukyx3x jb3vyjys rz4wbd8a qt6c0cv9 a8nywdso i1ao9s8h oo483o9r f1sip0of lzcic4wl ljqsnud1 gpro0wi8\" tabindex=\"0\" role=\"link\" href=\"https:\/\/l.facebook.com\/l.php?u=http%3A%2F%2Fwww.wroclaw.pl%2F%3Ffbclid%3DIwAR2LS9WjoqogCWlUvPCojgix_l6QtpQAvkmWswdMyv2OfRhXzAsVAOK7dso&amp;h=AT20RY1Q31EpUS_mfaa7IJMX6UQORf2KXjIM9SyOJgjH_3zI3Aw9nnpaddPwa2dcnQm9r1xGWXHVLsEBR14KKTTH-GMJAd5e6aRSKi0SscnCdfIPglbT2Be_otcrGbs2Gx0gHg\" target=\"_blank\" rel=\"nofollow noopener noreferrer\">www.wroclaw.pl<\/a><\/span> <\/span><\/strong><\/p>\n<p style=\"text-align: justify;\"><strong><span style=\"font-family: georgia, palatino, serif; font-size: 16px;\">#tramwajnaPopowice\u00a0<\/span><\/strong><\/p>\n<p>&nbsp;<\/p>\n<p><img fetchpriority=\"high\" decoding=\"async\" class=\"wp-image-16263 aligncenter\" src=\"https:\/\/smwroclaw.pl\/wp-content\/uploads\/2021\/04\/ulotka-A5-w4-front-300x214.jpg\" alt=\"\" width=\"751\" height=\"536\" srcset=\"https:\/\/smwroclaw.pl\/wp-content\/uploads\/2021\/04\/ulotka-A5-w4-front-300x214.jpg 300w, https:\/\/smwroclaw.pl\/wp-content\/uploads\/2021\/04\/ulotka-A5-w4-front-768x547.jpg 768w, https:\/\/smwroclaw.pl\/wp-content\/uploads\/2021\/04\/ulotka-A5-w4-front.jpg 1500w\" sizes=\"(max-width: 751px) 100vw, 751px\" \/><\/p>\n<p>&nbsp;<\/p>\n<p><img decoding=\"async\" class=\"wp-image-16262 aligncenter\" src=\"https:\/\/smwroclaw.pl\/wp-content\/uploads\/2021\/04\/ulotka-A5-w4-back-300x212.jpg\" alt=\"\" width=\"748\" height=\"529\" srcset=\"https:\/\/smwroclaw.pl\/wp-content\/uploads\/2021\/04\/ulotka-A5-w4-back-300x212.jpg 300w, https:\/\/smwroclaw.pl\/wp-content\/uploads\/2021\/04\/ulotka-A5-w4-back-768x542.jpg 768w, https:\/\/smwroclaw.pl\/wp-content\/uploads\/2021\/04\/ulotka-A5-w4-back.jpg 1500w\" sizes=\"(max-width: 748px) 100vw, 748px\" \/><\/p>\n<p>&nbsp;<\/p>\n<p><img decoding=\"async\" class=\" wp-image-16273 aligncenter\" src=\"https:\/\/smwroclaw.pl\/wp-content\/uploads\/2021\/04\/176891223_780091246231332_5674556083565096387_n-1-300x225.jpg\" alt=\"\" width=\"747\" height=\"560\" srcset=\"https:\/\/smwroclaw.pl\/wp-content\/uploads\/2021\/04\/176891223_780091246231332_5674556083565096387_n-1-300x225.jpg 300w, https:\/\/smwroclaw.pl\/wp-content\/uploads\/2021\/04\/176891223_780091246231332_5674556083565096387_n-1-768x576.jpg 768w, https:\/\/smwroclaw.pl\/wp-content\/uploads\/2021\/04\/176891223_780091246231332_5674556083565096387_n-1-1536x1152.jpg 1536w, https:\/\/smwroclaw.pl\/wp-content\/uploads\/2021\/04\/176891223_780091246231332_5674556083565096387_n-1.jpg 1824w\" sizes=\"(max-width: 747px) 100vw, 747px\" \/><\/p>\n<p>&nbsp;<\/p>\n<p><span style=\"font-size: 16px; font-family: georgia, palatino, serif;\">\u0179r\u00f3d\u0142o zdj\u0119cia: Wroc\u0142awskie Inwestycje<\/span><\/p>\n<p><span style=\"font-size: 16px; font-family: georgia, palatino, serif;\">KB<\/span><\/p>\n","protected":false},"excerpt":{"rendered":"<p>24 kwietnia planowane jest rozpocz\u0119cie przebudowy skrzy\u017cowania ul. W\u0142adys\u0142awa Jagie\u0142\u0142y i ul. Romana Dmowskiego! Od dzisiaj Stra\u017c Miejska prowadzi akcj\u0119 informacyjn\u0105.<\/p>\n","protected":false},"author":12,"featured_media":16264,"comment_status":"closed","ping_status":"closed","sticky":false,"template":"","format":"standard","meta":{"footnotes":""},"categories":[16],"tags":[],"class_list":["post-16265","post","type-post","status-publish","format-standard","has-post-thumbnail","hentry","category-aktual"],"_links":{"self":[{"href":"https:\/\/smwroclaw.pl\/index.php?rest_route=\/wp\/v2\/posts\/16265","targetHints":{"allow":["GET"]}}],"collection":[{"href":"https:\/\/smwroclaw.pl\/index.php?rest_route=\/wp\/v2\/posts"}],"about":[{"href":"https:\/\/smwroclaw.pl\/index.php?rest_route=\/wp\/v2\/types\/post"}],"author":[{"embeddable":true,"href":"https:\/\/smwroclaw.pl\/index.php?rest_route=\/wp\/v2\/users\/12"}],"replies":[{"embeddable":true,"href":"https:\/\/smwroclaw.pl\/index.php?rest_route=%2Fwp%2Fv2%2Fcomments&post=16265"}],"version-history":[{"count":9,"href":"https:\/\/smwroclaw.pl\/index.php?rest_route=\/wp\/v2\/posts\/16265\/revisions"}],"predecessor-version":[{"id":16278,"href":"https:\/\/smwroclaw.pl\/index.php?rest_route=\/wp\/v2\/posts\/16265\/revisions\/16278"}],"wp:featuredmedia":[{"embeddable":true,"href":"https:\/\/smwroclaw.pl\/index.php?rest_route=\/wp\/v2\/media\/16264"}],"wp:attachment":[{"href":"https:\/\/smwroclaw.pl\/index.php?rest_route=%2Fwp%2Fv2%2Fmedia&parent=16265"}],"wp:term":[{"taxonomy":"category","embeddable":true,"href":"https:\/\/smwroclaw.pl\/index.php?rest_route=%2Fwp%2Fv2%2Fcategories&post=16265"},{"taxonomy":"post_tag","embeddable":true,"href":"https:\/\/smwroclaw.pl\/index.php?rest_route=%2Fwp%2Fv2%2Ftags&post=16265"}],"curies":[{"name":"wp","href":"https:\/\/api.w.org\/{rel}","templated":true}]}}