{"id":16283,"date":"2021-04-23T09:27:31","date_gmt":"2021-04-23T07:27:31","guid":{"rendered":"http:\/\/smwroclaw.pl\/?p=16283"},"modified":"2021-04-23T10:30:56","modified_gmt":"2021-04-23T08:30:56","slug":"ekopatrol-w-dzialaniu-54","status":"publish","type":"post","link":"https:\/\/smwroclaw.pl\/?p=16283","title":{"rendered":"EKOPATROL W DZIA\u0141ANIU"},"content":{"rendered":"<p style=\"text-align: justify;\"><span style=\"font-family: georgia, palatino, serif; font-size: 16px;\"><strong>22 kwietnia 2021 r. (czwartek)<\/strong> stra\u017cnicy miejscy z Oddzia\u0142u Ochrony \u015arodowiska otrzymali zg\u0142oszenie dotycz\u0105ce <strong>zamkni\u0119cia miejsc l\u0119gowych go\u0142\u0119bi, poprzez zamontowanie kratek<\/strong> <strong>na<\/strong> <strong>wylotach przewod\u00f3w wentylacyjnych<\/strong> &#8211; mia\u0142o to mie\u0107 miejsce przy ul. Kamiennej. Patrol uda\u0142 si\u0119 na miejsce, gdzie stwierdzi\u0142, \u017ce pomi\u0119dzy dziesi\u0105tym pi\u0119trem, a dachem zosta\u0142y zamontowane kratki wentylacyjne. <\/span><\/p>\n<p>&nbsp;<\/p>\n<p style=\"text-align: justify;\"><span style=\"font-family: georgia, palatino, serif; font-size: 16px;\">Przeprowadzono rozmow\u0119 z osoba zg\u0142aszaj\u0105c\u0105, kt\u00f3ra wskaza\u0142a miejsce przesiadywania ptak\u00f3w. Potwierdzono, i\u017c na dachu znajduj\u0105 si\u0119 ptaki, nie mo\u017cna by\u0142o jednak ustali\u0107\u00a0 czy w przewodach wentylacyjnych znajduj\u0105 si\u0119 gniazda z jajami, ze wzgl\u0119du na usytuowanie wentylacji. <strong>Skontaktowano si\u0119 z przedstawicielem zarz\u0105dcy<\/strong>, poinformowano o zaistnia\u0142ej sytuacji. Przedstawiciel zarz\u0105dcy budynku niezw\u0142ocznie zjawi\u0142 si\u0119 na miejscu,\u00a0 a po zapoznaniu si\u0119 z sytuacj\u0105 &#8211;\u00a0 <strong>wezwa\u0142\u00a0 firm\u0119 alpinistyczna<\/strong> wykonuj\u0105c\u0105 prac\u0119 przy monta\u017cu kratek. <strong>Firma usun\u0119\u0142a wskazane kratki<\/strong>. Przedstawiciel firmy o\u015bwiadczy\u0142 i\u017c w nast\u0119pnym dniu wszystkie kratki zostan\u0105 \u015bci\u0105gni\u0119te, a przewody ponownie sprawdzone. <\/span><\/p>\n<p><!--more--><\/p>\n<p>wf<\/p>\n","protected":false},"excerpt":{"rendered":"<p>22 kwietnia 2021 r. (czwartek) stra\u017cnicy miejscy z Oddzia\u0142u Ochrony \u015arodowiska otrzymali zg\u0142oszenie dotycz\u0105ce zamkni\u0119cia miejsc l\u0119gowych go\u0142\u0119bi, poprzez zamontowanie kratek na wylotach przewod\u00f3w wentylacyjnych &#8211; mia\u0142o to mie\u0107 miejsce przy ul. Kamiennej. Patrol uda\u0142 si\u0119 na miejsce, gdzie stwierdzi\u0142, \u017ce pomi\u0119dzy dziesi\u0105tym pi\u0119trem, a dachem zosta\u0142y zamontowane kratki wentylacyjne. &nbsp; Przeprowadzono rozmow\u0119 z osoba [&hellip;]<\/p>\n","protected":false},"author":4,"featured_media":16182,"comment_status":"closed","ping_status":"closed","sticky":false,"template":"","format":"standard","meta":{"footnotes":""},"categories":[16],"tags":[],"class_list":["post-16283","post","type-post","status-publish","format-standard","has-post-thumbnail","hentry","category-aktual"],"_links":{"self":[{"href":"https:\/\/smwroclaw.pl\/index.php?rest_route=\/wp\/v2\/posts\/16283","targetHints":{"allow":["GET"]}}],"collection":[{"href":"https:\/\/smwroclaw.pl\/index.php?rest_route=\/wp\/v2\/posts"}],"about":[{"href":"https:\/\/smwroclaw.pl\/index.php?rest_route=\/wp\/v2\/types\/post"}],"author":[{"embeddable":true,"href":"https:\/\/smwroclaw.pl\/index.php?rest_route=\/wp\/v2\/users\/4"}],"replies":[{"embeddable":true,"href":"https:\/\/smwroclaw.pl\/index.php?rest_route=%2Fwp%2Fv2%2Fcomments&post=16283"}],"version-history":[{"count":5,"href":"https:\/\/smwroclaw.pl\/index.php?rest_route=\/wp\/v2\/posts\/16283\/revisions"}],"predecessor-version":[{"id":16288,"href":"https:\/\/smwroclaw.pl\/index.php?rest_route=\/wp\/v2\/posts\/16283\/revisions\/16288"}],"wp:featuredmedia":[{"embeddable":true,"href":"https:\/\/smwroclaw.pl\/index.php?rest_route=\/wp\/v2\/media\/16182"}],"wp:attachment":[{"href":"https:\/\/smwroclaw.pl\/index.php?rest_route=%2Fwp%2Fv2%2Fmedia&parent=16283"}],"wp:term":[{"taxonomy":"category","embeddable":true,"href":"https:\/\/smwroclaw.pl\/index.php?rest_route=%2Fwp%2Fv2%2Fcategories&post=16283"},{"taxonomy":"post_tag","embeddable":true,"href":"https:\/\/smwroclaw.pl\/index.php?rest_route=%2Fwp%2Fv2%2Ftags&post=16283"}],"curies":[{"name":"wp","href":"https:\/\/api.w.org\/{rel}","templated":true}]}}