{"id":16372,"date":"2021-05-05T11:31:31","date_gmt":"2021-05-05T09:31:31","guid":{"rendered":"http:\/\/smwroclaw.pl\/?p=16372"},"modified":"2021-05-05T11:32:16","modified_gmt":"2021-05-05T09:32:16","slug":"na-wroclawskie-ulice-wyruszyly-patrole-rowerowe-strazy-miejskiej-wroclawia-czytaj-dalej-zdjecia","status":"publish","type":"post","link":"https:\/\/smwroclaw.pl\/?p=16372","title":{"rendered":"NA WROC\u0141AWSKIE ULICE WYRUSZY\u0141Y PATROLE ROWEROWE STRA\u017bY MIEJSKIEJ WROC\u0141AWIA (czytaj dalej &#8211; zdj\u0119cia)"},"content":{"rendered":"<p style=\"text-align: justify;\"><span style=\"font-family: georgia, palatino, serif; font-size: 16px;\">Dzi\u015b, <strong>5 maja 2021 r<\/strong>., na wroc\u0142awskie ulice wyjecha\u0142y <strong>patrole rowerowe Stra\u017cy Miejskiej Wroc\u0142awia<\/strong>. To trzy dwuosobowe zespo\u0142y mieszane (stra\u017cniczka plus stra\u017cnik) \u2013 do dyspozycji maj\u0105 rowery ze wspomaganiem elektrycznym i rowery tradycyjne.<\/span><\/p>\n<p style=\"text-align: justify;\"><span style=\"font-family: georgia, palatino, serif; font-size: 16px;\">Rower jest coraz cz\u0119\u015bciej wybierany jako ekologiczna alternatywa dla komunikacji samochodowej, a niew\u0105tpliwy wp\u0142yw na to ma sta\u0142y rozw\u00f3j infrastruktury rowerowej we Wroc\u0142awiu. Na ten moment mamy w mie\u015bcie ponad 1100 km tras rowerowych i chcemy \u017ceby tam r\u00f3wnie\u017c by\u0142o bezpiecznie.<\/span><\/p>\n<p>&nbsp;<\/p>\n<p><img fetchpriority=\"high\" decoding=\"async\" class=\"aligncenter wp-image-16374\" src=\"https:\/\/smwroclaw.pl\/wp-content\/uploads\/2021\/05\/6.jpg\" alt=\"\" width=\"413\" height=\"275\" srcset=\"https:\/\/smwroclaw.pl\/wp-content\/uploads\/2021\/05\/6.jpg 1920w, https:\/\/smwroclaw.pl\/wp-content\/uploads\/2021\/05\/6-300x200.jpg 300w, https:\/\/smwroclaw.pl\/wp-content\/uploads\/2021\/05\/6-768x512.jpg 768w, https:\/\/smwroclaw.pl\/wp-content\/uploads\/2021\/05\/6-1536x1024.jpg 1536w\" sizes=\"(max-width: 413px) 100vw, 413px\" \/><\/p>\n<p style=\"text-align: justify;\"><span style=\"font-family: georgia, palatino, serif; font-size: 16px;\"><!--more--><\/span><\/p>\n<p>&nbsp;<\/p>\n<p style=\"text-align: justify;\"><span style=\"font-family: georgia, palatino, serif; font-size: 16px;\">Wa\u017cnym elementem jest poprawa komfortu u\u017cytkowania roweru tak\u017ce w rozumieniu wyst\u0119puj\u0105cych zagro\u017ce\u0144 i utrudnie\u0144 w ruchu drogowym. Stra\u017cnicy cz\u0119sto otrzymuj\u0105 zg\u0142oszenia o \u017ale zaparkowanych pojazdach, blokuj\u0105cych ruch na drogach rowerowych lub skrzy\u017cowaniach, co powoduje niebezpieczne sytuacje. Monitorowanie tras rowerowych z perspektywy patrolu bezpo\u015brednio przemieszczaj\u0105cego si\u0119 takimi drogami przyczyni si\u0119 do szybszego zauwa\u017cenia nieprawid\u0142owo\u015bci i natychmiastowej reakcji \u2013 najcz\u0119\u015bciej b\u0119dzie to wezwanie lawety do odholowania nieprawid\u0142owo parkuj\u0105cego pojazdu ale te\u017c zwr\u00f3cimy uwag\u0119 na zanieczyszczenia dr\u00f3g rowerowych np. rozbitym szk\u0142em. Stra\u017cnicy s\u0105 przeszkoleni w udzielaniu pierwszej pomocy przedmedycznej, mog\u0105 te\u017c zabezpieczy\u0107 miejsce wypadku.<\/span><\/p>\n<p style=\"text-align: justify;\"><span style=\"font-family: georgia, palatino, serif; font-size: 16px;\">Mundurowi na rowerach b\u0119d\u0105 patrolowa\u0107 tak\u017ce osiedlowe uliczki, tereny rekreacyjne, bulwary i wa\u0142y nad Odr\u0105 \u2013 tu skupi\u0105 si\u0119 na utrzymaniu \u0142adu i porz\u0105dku publicznego.<\/span><\/p>\n<p style=\"text-align: justify;\"><span style=\"font-family: georgia, palatino, serif; font-size: 16px;\">W naszych warunkach patrol b\u0119dzie je\u017adzi\u0142 na dystansach dziennych oko\u0142o 50 km. Zatem w miesi\u0105cu funkcjonariusz mo\u017ce przejecha\u0107 ok 600-1000 km.<\/span><\/p>\n<p style=\"text-align: justify;\"><span style=\"font-family: georgia, palatino, serif; font-size: 16px;\">Du\u017ca mobilno\u015b\u0107 rowerowych patroli sprawia, \u017ce b\u0119d\u0105 one doskona\u0142ym uzupe\u0142nieniem patroli zmotoryzowanych, pieszych oraz konnych. Patrol rowerowy jest tak\u017ce dobrym uzupe\u0142nieniem obszar\u00f3w dzia\u0142ania stra\u017cy \u2013 wpisuj\u0105c si\u0119 w oczekiwania Wroc\u0142awian, w szczeg\u00f3lno\u015bci tych je\u017cd\u017c\u0105cych na rowerach.<\/span><\/p>\n<p style=\"text-align: justify;\"><span style=\"font-family: georgia, palatino, serif; font-size: 16px;\">Jeste\u015bmy w sta\u0142ym kontakcie z oficerem rowerowym Danielem Chojnackim, chcemy tak\u017ce nawi\u0105za\u0107 bli\u017csze relacje w zakresie wymiany informacji o wyst\u0119puj\u0105cych problemach i zagro\u017ceniach ze stowarzyszeniami oraz organizacjami rowerowymi.<\/span><\/p>\n<p>wf<\/p>\n<p>&nbsp;<\/p>\n<p><img decoding=\"async\" class=\"aligncenter wp-image-16378\" src=\"https:\/\/smwroclaw.pl\/wp-content\/uploads\/2021\/05\/7.jpg\" alt=\"\" width=\"571\" height=\"857\" srcset=\"https:\/\/smwroclaw.pl\/wp-content\/uploads\/2021\/05\/7.jpg 960w, https:\/\/smwroclaw.pl\/wp-content\/uploads\/2021\/05\/7-200x300.jpg 200w, https:\/\/smwroclaw.pl\/wp-content\/uploads\/2021\/05\/7-768x1152.jpg 768w\" sizes=\"(max-width: 571px) 100vw, 571px\" \/><\/p>\n<p>&nbsp;<\/p>\n<p><img decoding=\"async\" class=\"aligncenter wp-image-16376\" src=\"https:\/\/smwroclaw.pl\/wp-content\/uploads\/2021\/05\/1.jpg\" alt=\"\" width=\"571\" height=\"571\" srcset=\"https:\/\/smwroclaw.pl\/wp-content\/uploads\/2021\/05\/1.jpg 1599w, https:\/\/smwroclaw.pl\/wp-content\/uploads\/2021\/05\/1-300x300.jpg 300w, https:\/\/smwroclaw.pl\/wp-content\/uploads\/2021\/05\/1-768x768.jpg 768w, https:\/\/smwroclaw.pl\/wp-content\/uploads\/2021\/05\/1-1536x1536.jpg 1536w\" sizes=\"(max-width: 571px) 100vw, 571px\" \/><\/p>\n<p><img loading=\"lazy\" decoding=\"async\" class=\"aligncenter wp-image-16384\" src=\"https:\/\/smwroclaw.pl\/wp-content\/uploads\/2021\/05\/9.jpg\" alt=\"\" width=\"564\" height=\"376\" srcset=\"https:\/\/smwroclaw.pl\/wp-content\/uploads\/2021\/05\/9.jpg 1599w, https:\/\/smwroclaw.pl\/wp-content\/uploads\/2021\/05\/9-300x200.jpg 300w, https:\/\/smwroclaw.pl\/wp-content\/uploads\/2021\/05\/9-768x512.jpg 768w, https:\/\/smwroclaw.pl\/wp-content\/uploads\/2021\/05\/9-1536x1024.jpg 1536w\" sizes=\"(max-width: 564px) 100vw, 564px\" \/><\/p>\n<p><img loading=\"lazy\" decoding=\"async\" class=\"aligncenter wp-image-16377\" src=\"https:\/\/smwroclaw.pl\/wp-content\/uploads\/2021\/05\/5.jpg\" alt=\"\" width=\"567\" height=\"378\" srcset=\"https:\/\/smwroclaw.pl\/wp-content\/uploads\/2021\/05\/5.jpg 1599w, https:\/\/smwroclaw.pl\/wp-content\/uploads\/2021\/05\/5-300x200.jpg 300w, https:\/\/smwroclaw.pl\/wp-content\/uploads\/2021\/05\/5-768x512.jpg 768w, https:\/\/smwroclaw.pl\/wp-content\/uploads\/2021\/05\/5-1536x1024.jpg 1536w\" sizes=\"(max-width: 567px) 100vw, 567px\" \/><\/p>\n","protected":false},"excerpt":{"rendered":"<p>Dzi\u015b, 5 maja 2021 r., na wroc\u0142awskie ulice wyjecha\u0142y patrole rowerowe Stra\u017cy Miejskiej Wroc\u0142awia. To trzy dwuosobowe zespo\u0142y mieszane (stra\u017cniczka plus stra\u017cnik) \u2013 do dyspozycji maj\u0105 rowery ze wspomaganiem elektrycznym i rowery tradycyjne. Rower jest coraz cz\u0119\u015bciej wybierany jako ekologiczna alternatywa dla komunikacji samochodowej, a niew\u0105tpliwy wp\u0142yw na to ma sta\u0142y rozw\u00f3j infrastruktury rowerowej we [&hellip;]<\/p>\n","protected":false},"author":4,"featured_media":16231,"comment_status":"closed","ping_status":"closed","sticky":false,"template":"","format":"standard","meta":{"footnotes":""},"categories":[16],"tags":[],"class_list":["post-16372","post","type-post","status-publish","format-standard","has-post-thumbnail","hentry","category-aktual"],"_links":{"self":[{"href":"https:\/\/smwroclaw.pl\/index.php?rest_route=\/wp\/v2\/posts\/16372","targetHints":{"allow":["GET"]}}],"collection":[{"href":"https:\/\/smwroclaw.pl\/index.php?rest_route=\/wp\/v2\/posts"}],"about":[{"href":"https:\/\/smwroclaw.pl\/index.php?rest_route=\/wp\/v2\/types\/post"}],"author":[{"embeddable":true,"href":"https:\/\/smwroclaw.pl\/index.php?rest_route=\/wp\/v2\/users\/4"}],"replies":[{"embeddable":true,"href":"https:\/\/smwroclaw.pl\/index.php?rest_route=%2Fwp%2Fv2%2Fcomments&post=16372"}],"version-history":[{"count":8,"href":"https:\/\/smwroclaw.pl\/index.php?rest_route=\/wp\/v2\/posts\/16372\/revisions"}],"predecessor-version":[{"id":16386,"href":"https:\/\/smwroclaw.pl\/index.php?rest_route=\/wp\/v2\/posts\/16372\/revisions\/16386"}],"wp:featuredmedia":[{"embeddable":true,"href":"https:\/\/smwroclaw.pl\/index.php?rest_route=\/wp\/v2\/media\/16231"}],"wp:attachment":[{"href":"https:\/\/smwroclaw.pl\/index.php?rest_route=%2Fwp%2Fv2%2Fmedia&parent=16372"}],"wp:term":[{"taxonomy":"category","embeddable":true,"href":"https:\/\/smwroclaw.pl\/index.php?rest_route=%2Fwp%2Fv2%2Fcategories&post=16372"},{"taxonomy":"post_tag","embeddable":true,"href":"https:\/\/smwroclaw.pl\/index.php?rest_route=%2Fwp%2Fv2%2Ftags&post=16372"}],"curies":[{"name":"wp","href":"https:\/\/api.w.org\/{rel}","templated":true}]}}