{"id":1665,"date":"2018-05-21T13:11:37","date_gmt":"2018-05-21T11:11:37","guid":{"rendered":"http:\/\/smwroclaw.pl\/?p=1665"},"modified":"2018-05-22T08:56:56","modified_gmt":"2018-05-22T06:56:56","slug":"spacer-szlakiem-wroclawskich-krasnali","status":"publish","type":"post","link":"https:\/\/smwroclaw.pl\/?p=1665","title":{"rendered":"Spacer &#8222;SZLAKIEM WROC\u0141AWSKICH KRASNALI&#8221;"},"content":{"rendered":"<p style=\"text-align: justify;\"><span style=\"font-family: georgia,palatino,serif; font-size: 12pt;\">Serdecznie zapraszamy <strong>w pi\u0105tek 08.06.2018 o godz. 10.00<\/strong> na bezp\u0142atny spacer <strong>&#8222;SZLAKIEM WROC\u0141AWSKICH KRASNALI&#8221;<\/strong> w ramach miesi\u0105ca rodziny. Wycieczk\u0119 rozpoczniemy od zbi\u00f3rki przy Papie Krasnalu na ul. \u015awidnickiej, a oprowadza\u0107 nas b\u0119dzie licencjonowany<strong> przewodnik ze Stra\u017cy Miejskiej Wroc\u0142awia st. insp. Pawe\u0142 Gr\u0105bczewski .<\/strong><\/span><\/p>\n<p style=\"text-align: justify;\"><span style=\"font-family: georgia,palatino,serif; font-size: 12pt;\"><!--more-->Szuka\u0107 b\u0119dziemy miedzy innymi: Ku\u017anika, Piero\u017cnika, Parasolnika, Profesora, Architekt\u00f3w i Wi\u0119zienniczka. Zobaczymy najpi\u0119kniejsze zabytki Wroc\u0142awia oraz rozwi\u0105\u017cemy zagadki i konkursy. Wycieczka jest bezp\u0142atna, a <strong>zg\u0142oszenia przyjmuje:<\/strong> kierownik zespo\u0142u ds. koordynacji program\u00f3w prewencyjnych <strong>Agnieszka B\u0105k pod nr tel. 71 3700248 lub na adres e-mail agnieszka.bak@strazmiejska.wroclaw.pl<\/strong><\/span><\/p>\n<p><!--more--><\/p>\n<p><img fetchpriority=\"high\" decoding=\"async\" class=\"size-medium wp-image-1666 aligncenter\" src=\"https:\/\/smwroclaw.pl\/wp-content\/uploads\/2018\/05\/IMG_9314-1-200x300.jpg\" alt=\"\" width=\"200\" height=\"300\" srcset=\"https:\/\/smwroclaw.pl\/wp-content\/uploads\/2018\/05\/IMG_9314-1-200x300.jpg 200w, https:\/\/smwroclaw.pl\/wp-content\/uploads\/2018\/05\/IMG_9314-1.jpg 427w\" sizes=\"(max-width: 200px) 100vw, 200px\" \/>fot. Krzysztof Porawski<\/p>\n<p>SN<\/p>\n","protected":false},"excerpt":{"rendered":"<p>Serdecznie zapraszamy w pi\u0105tek 08.06.2018 o godz. 10.00 na bezp\u0142atny spacer &#8222;SZLAKIEM WROC\u0141AWSKICH KRASNALI&#8221; w ramach miesi\u0105ca rodziny. Wycieczk\u0119 rozpoczniemy od zbi\u00f3rki przy Papie Krasnalu na ul. \u015awidnickiej, a oprowadza\u0107 nas b\u0119dzie licencjonowany przewodnik ze Stra\u017cy Miejskiej Wroc\u0142awia st. insp. Pawe\u0142 Gr\u0105bczewski .<\/p>\n","protected":false},"author":3,"featured_media":1667,"comment_status":"closed","ping_status":"closed","sticky":false,"template":"","format":"standard","meta":{"footnotes":""},"categories":[16,33],"tags":[],"class_list":["post-1665","post","type-post","status-publish","format-standard","has-post-thumbnail","hentry","category-aktual","category-prew"],"_links":{"self":[{"href":"https:\/\/smwroclaw.pl\/index.php?rest_route=\/wp\/v2\/posts\/1665","targetHints":{"allow":["GET"]}}],"collection":[{"href":"https:\/\/smwroclaw.pl\/index.php?rest_route=\/wp\/v2\/posts"}],"about":[{"href":"https:\/\/smwroclaw.pl\/index.php?rest_route=\/wp\/v2\/types\/post"}],"author":[{"embeddable":true,"href":"https:\/\/smwroclaw.pl\/index.php?rest_route=\/wp\/v2\/users\/3"}],"replies":[{"embeddable":true,"href":"https:\/\/smwroclaw.pl\/index.php?rest_route=%2Fwp%2Fv2%2Fcomments&post=1665"}],"version-history":[{"count":11,"href":"https:\/\/smwroclaw.pl\/index.php?rest_route=\/wp\/v2\/posts\/1665\/revisions"}],"predecessor-version":[{"id":1694,"href":"https:\/\/smwroclaw.pl\/index.php?rest_route=\/wp\/v2\/posts\/1665\/revisions\/1694"}],"wp:featuredmedia":[{"embeddable":true,"href":"https:\/\/smwroclaw.pl\/index.php?rest_route=\/wp\/v2\/media\/1667"}],"wp:attachment":[{"href":"https:\/\/smwroclaw.pl\/index.php?rest_route=%2Fwp%2Fv2%2Fmedia&parent=1665"}],"wp:term":[{"taxonomy":"category","embeddable":true,"href":"https:\/\/smwroclaw.pl\/index.php?rest_route=%2Fwp%2Fv2%2Fcategories&post=1665"},{"taxonomy":"post_tag","embeddable":true,"href":"https:\/\/smwroclaw.pl\/index.php?rest_route=%2Fwp%2Fv2%2Ftags&post=1665"}],"curies":[{"name":"wp","href":"https:\/\/api.w.org\/{rel}","templated":true}]}}