{"id":17104,"date":"2021-06-30T11:32:03","date_gmt":"2021-06-30T09:32:03","guid":{"rendered":"http:\/\/smwroclaw.pl\/?p=17104"},"modified":"2021-07-01T10:23:20","modified_gmt":"2021-07-01T08:23:20","slug":"swojczycki-park-czarna-woda","status":"publish","type":"post","link":"https:\/\/smwroclaw.pl\/?p=17104","title":{"rendered":"SWOJCZYCKI PARK CZARNA WODA"},"content":{"rendered":"<p style=\"text-align: justify;\"><span class=\"tojvnm2t a6sixzi8 abs2jz4q a8s20v7p t1p8iaqh k5wvi7nf q3lfd5jv pk4s997a bipmatt0 cebpdrjk qowsmv63 owwhemhu dp1hu0rb dhp61c6y iyyx5f41\" style=\"font-family: georgia, palatino, serif; font-size: 16px;\">W dniu <strong>26 czerwca<\/strong> odby\u0142o si\u0119 uroczyste otwarcie <strong>Swojczyckiego Parku Czarna Woda &#8211;<\/strong>\u00a0projekt ten zosta\u0142 zrealizowany w ramach Wroc\u0142awskiego Bud\u017cetu Obywatelskiego 2016 \u2013 2017 \u2013 2020. <\/span><\/p>\n<p><span style=\"font-family: georgia, palatino, serif; font-size: 16px;\"><!--more--><\/span><\/p>\n<p style=\"text-align: justify;\"><span class=\"tojvnm2t a6sixzi8 abs2jz4q a8s20v7p t1p8iaqh k5wvi7nf q3lfd5jv pk4s997a bipmatt0 cebpdrjk qowsmv63 owwhemhu dp1hu0rb dhp61c6y iyyx5f41\" style=\"font-family: georgia, palatino, serif; font-size: 16px;\">Dzi\u0119ki funduszom z WBO i aktywno\u015bci mieszka\u0144c\u00f3w <strong>uda\u0142o si\u0119 uratowa\u0107 to miejsce od ca\u0142kowitej degradacji.<\/strong> W to jak\u017ce wa\u017cne przedsi\u0119wzi\u0119cie zaanga\u017cowa\u0142y si\u0119 nasze <strong>funkcjonariuszki: Katarzyna Szczypkowska, Karolina Krawcewicz i Iwana Kurzawa.<\/strong> Wspania\u0142a<strong> inicjatywa<\/strong>, wspaniali <strong>ludzie<\/strong> &#8211; cieszymy si\u0119, \u017ce mogli\u015bmy do\u0142o\u017cy\u0107 te\u017c swoj\u0105 cegie\u0142k\u0119.<\/span><\/p>\n<p>&nbsp;<\/p>\n<p>&nbsp;<\/p>\n<div class=\"su-custom-gallery su-custom-gallery-align-left su-custom-gallery-title-never https:\/\/www.gov.pl\/web\/koronawirus\/aktualne-zasady-i-ograniczenia?fbclid=IwAR2ExpeE8pFY_75Tv0dCN9oIJRvv9p15BkJcCrGWe4rb_kkx_1uNR8TbQJc su-lightbox-gallery\"><div class=\"su-custom-gallery-slide\" style=\"width:300px;height:300px\"><a href=\"https:\/\/smwroclaw.pl\/wp-content\/uploads\/2021\/06\/206768437_398493858163310_5680394618283344691_n.jpg\" title=\"206768437_398493858163310_5680394618283344691_n\"><img fetchpriority=\"high\" decoding=\"async\" src=\"https:\/\/smwroclaw.pl\/wp-content\/uploads\/2021\/06\/206768437_398493858163310_5680394618283344691_n-300x300.jpg\" alt=\"206768437_398493858163310_5680394618283344691_n\" width=\"300\" height=\"300\" \/><span class=\"su-custom-gallery-title\">206768437_398493858163310_5680394618283344691_n<\/span><\/a><\/div><div class=\"su-custom-gallery-slide\" style=\"width:300px;height:300px\"><a href=\"https:\/\/smwroclaw.pl\/wp-content\/uploads\/2021\/06\/206780031_177429467731802_7059675141438487277_n.jpg\" title=\"206780031_177429467731802_7059675141438487277_n\"><img decoding=\"async\" src=\"https:\/\/smwroclaw.pl\/wp-content\/uploads\/2021\/06\/206780031_177429467731802_7059675141438487277_n-300x300.jpg\" alt=\"206780031_177429467731802_7059675141438487277_n\" width=\"300\" height=\"300\" \/><span class=\"su-custom-gallery-title\">206780031_177429467731802_7059675141438487277_n<\/span><\/a><\/div><div class=\"su-custom-gallery-slide\" style=\"width:300px;height:300px\"><a href=\"https:\/\/smwroclaw.pl\/wp-content\/uploads\/2021\/06\/205576800_243103197260078_7104460988541525997_n.jpg\" title=\"205576800_243103197260078_7104460988541525997_n\"><img decoding=\"async\" src=\"https:\/\/smwroclaw.pl\/wp-content\/uploads\/2021\/06\/205576800_243103197260078_7104460988541525997_n-300x300.jpg\" alt=\"205576800_243103197260078_7104460988541525997_n\" width=\"300\" height=\"300\" \/><span class=\"su-custom-gallery-title\">205576800_243103197260078_7104460988541525997_n<\/span><\/a><\/div><div class=\"su-custom-gallery-slide\" style=\"width:300px;height:300px\"><a href=\"https:\/\/smwroclaw.pl\/wp-content\/uploads\/2021\/06\/200437506_533199211152950_5017779654688384499_n.jpg\" title=\"200437506_533199211152950_5017779654688384499_n\"><img loading=\"lazy\" decoding=\"async\" src=\"https:\/\/smwroclaw.pl\/wp-content\/uploads\/2021\/06\/200437506_533199211152950_5017779654688384499_n-300x300.jpg\" alt=\"200437506_533199211152950_5017779654688384499_n\" width=\"300\" height=\"300\" \/><span class=\"su-custom-gallery-title\">200437506_533199211152950_5017779654688384499_n<\/span><\/a><\/div><div class=\"su-custom-gallery-slide\" style=\"width:300px;height:300px\"><a href=\"https:\/\/smwroclaw.pl\/wp-content\/uploads\/2021\/06\/201507991_4592586720754037_8047719026170756638_n.jpg\" title=\"201507991_4592586720754037_8047719026170756638_n\"><img loading=\"lazy\" decoding=\"async\" src=\"https:\/\/smwroclaw.pl\/wp-content\/uploads\/2021\/06\/201507991_4592586720754037_8047719026170756638_n-300x300.jpg\" alt=\"201507991_4592586720754037_8047719026170756638_n\" width=\"300\" height=\"300\" \/><span class=\"su-custom-gallery-title\">201507991_4592586720754037_8047719026170756638_n<\/span><\/a><\/div><div class=\"su-clear\"><\/div><\/div>\n<p>&nbsp;<\/p>\n<p><span style=\"font-family: georgia, palatino, serif; font-size: 16px;\">KB<\/span><\/p>\n","protected":false},"excerpt":{"rendered":"<p>W dniu 26 czerwca odby\u0142o si\u0119 uroczyste otwarcie Swojczyckiego Parku Czarna Woda &#8211;\u00a0projekt ten zosta\u0142 zrealizowany w ramach Wroc\u0142awskiego Bud\u017cetu Obywatelskiego 2016 \u2013 2017 \u2013 2020.<\/p>\n","protected":false},"author":12,"featured_media":17118,"comment_status":"closed","ping_status":"closed","sticky":false,"template":"","format":"standard","meta":{"footnotes":""},"categories":[16],"tags":[],"class_list":["post-17104","post","type-post","status-publish","format-standard","has-post-thumbnail","hentry","category-aktual"],"_links":{"self":[{"href":"https:\/\/smwroclaw.pl\/index.php?rest_route=\/wp\/v2\/posts\/17104","targetHints":{"allow":["GET"]}}],"collection":[{"href":"https:\/\/smwroclaw.pl\/index.php?rest_route=\/wp\/v2\/posts"}],"about":[{"href":"https:\/\/smwroclaw.pl\/index.php?rest_route=\/wp\/v2\/types\/post"}],"author":[{"embeddable":true,"href":"https:\/\/smwroclaw.pl\/index.php?rest_route=\/wp\/v2\/users\/12"}],"replies":[{"embeddable":true,"href":"https:\/\/smwroclaw.pl\/index.php?rest_route=%2Fwp%2Fv2%2Fcomments&post=17104"}],"version-history":[{"count":8,"href":"https:\/\/smwroclaw.pl\/index.php?rest_route=\/wp\/v2\/posts\/17104\/revisions"}],"predecessor-version":[{"id":17186,"href":"https:\/\/smwroclaw.pl\/index.php?rest_route=\/wp\/v2\/posts\/17104\/revisions\/17186"}],"wp:featuredmedia":[{"embeddable":true,"href":"https:\/\/smwroclaw.pl\/index.php?rest_route=\/wp\/v2\/media\/17118"}],"wp:attachment":[{"href":"https:\/\/smwroclaw.pl\/index.php?rest_route=%2Fwp%2Fv2%2Fmedia&parent=17104"}],"wp:term":[{"taxonomy":"category","embeddable":true,"href":"https:\/\/smwroclaw.pl\/index.php?rest_route=%2Fwp%2Fv2%2Fcategories&post=17104"},{"taxonomy":"post_tag","embeddable":true,"href":"https:\/\/smwroclaw.pl\/index.php?rest_route=%2Fwp%2Fv2%2Ftags&post=17104"}],"curies":[{"name":"wp","href":"https:\/\/api.w.org\/{rel}","templated":true}]}}