{"id":17187,"date":"2021-07-01T10:32:25","date_gmt":"2021-07-01T08:32:25","guid":{"rendered":"http:\/\/smwroclaw.pl\/?p=17187"},"modified":"2021-07-09T10:24:18","modified_gmt":"2021-07-09T08:24:18","slug":"17187","status":"publish","type":"post","link":"https:\/\/smwroclaw.pl\/?p=17187","title":{"rendered":"BEZPIECZNE WAKACJE W DOMOWYM PRZEDSZKOLU &#8222;DUSZEK&#8221;"},"content":{"rendered":"<p style=\"text-align: justify;\"><span class=\"tojvnm2t a6sixzi8 abs2jz4q a8s20v7p t1p8iaqh k5wvi7nf q3lfd5jv pk4s997a bipmatt0 cebpdrjk qowsmv63 owwhemhu dp1hu0rb dhp61c6y iyyx5f41\" style=\"font-family: georgia, palatino, serif; font-size: 16px;\"><strong>Wakacje rozpocz\u0119te<\/strong>, a wraz z nimi ruszy\u0142y p\u00f3\u0142kolonie, w kt\u00f3rych uczestnicz\u0105 dzieci. <strong>Nasi profilaktycy z Zespo\u0142u ds. koordynacji program\u00f3w prewencyjnych<\/strong> mimo okresu letniego <strong>nie zwalniaj\u0105 tempa<\/strong> i nadal spotykaj\u0105 si\u0119 z najm\u0142odszymi.<\/span><\/p>\n<p style=\"text-align: justify;\"><span style=\"font-family: georgia, palatino, serif; font-size: 16px;\"><!--more--><\/span><\/p>\n<p>&nbsp;<\/p>\n<p style=\"text-align: justify;\"><span class=\"tojvnm2t a6sixzi8 abs2jz4q a8s20v7p t1p8iaqh k5wvi7nf q3lfd5jv pk4s997a bipmatt0 cebpdrjk qowsmv63 owwhemhu dp1hu0rb dhp61c6y iyyx5f41\" style=\"font-family: georgia, palatino, serif; font-size: 16px;\">Stra\u017cnicy odwiedzili Domowe Przedszkole przy ul. Bardzkiej 2\/4, w kt\u00f3rym <strong>przeprowadzili zaj\u0119cia &#8222;Bezpieczne wakacje<\/strong>&#8222;. Szczeg\u00f3ln\u0105 pro\u015bb\u0119 kierujemy do Rodzic\u00f3w, aby rozmawiali ze swoimi pociechami o wa\u017cnych zasadach, kt\u00f3rych nale\u017cy przestrzega\u0107. W tym celu przygotowali\u015bmy materia\u0142y promocyjne #BezpieczneDziecko we Wroc\u0142awiu.<\/span><\/p>\n<p><img fetchpriority=\"high\" decoding=\"async\" class=\"alignnone wp-image-17189\" src=\"https:\/\/smwroclaw.pl\/wp-content\/uploads\/2021\/07\/209749778_375117467565163_4049738735060390472_n-300x225.jpg\" alt=\"\" width=\"482\" height=\"361\" srcset=\"https:\/\/smwroclaw.pl\/wp-content\/uploads\/2021\/07\/209749778_375117467565163_4049738735060390472_n-300x225.jpg 300w, https:\/\/smwroclaw.pl\/wp-content\/uploads\/2021\/07\/209749778_375117467565163_4049738735060390472_n-768x576.jpg 768w, https:\/\/smwroclaw.pl\/wp-content\/uploads\/2021\/07\/209749778_375117467565163_4049738735060390472_n.jpg 800w\" sizes=\"(max-width: 482px) 100vw, 482px\" \/>\u00a0 <img decoding=\"async\" class=\"alignnone wp-image-17188\" src=\"https:\/\/smwroclaw.pl\/wp-content\/uploads\/2021\/07\/211379226_375117470898496_1433829238936513301_n-300x225.jpg\" alt=\"\" width=\"481\" height=\"360\" srcset=\"https:\/\/smwroclaw.pl\/wp-content\/uploads\/2021\/07\/211379226_375117470898496_1433829238936513301_n-300x225.jpg 300w, https:\/\/smwroclaw.pl\/wp-content\/uploads\/2021\/07\/211379226_375117470898496_1433829238936513301_n-768x576.jpg 768w, https:\/\/smwroclaw.pl\/wp-content\/uploads\/2021\/07\/211379226_375117470898496_1433829238936513301_n.jpg 800w\" sizes=\"(max-width: 481px) 100vw, 481px\" \/><\/p>\n<p>&nbsp;<\/p>\n<p><img decoding=\"async\" class=\"alignnone wp-image-17167\" src=\"https:\/\/smwroclaw.pl\/wp-content\/uploads\/2021\/07\/BezpieczneDziecko2-212x300.jpg\" alt=\"\" width=\"441\" height=\"624\" srcset=\"https:\/\/smwroclaw.pl\/wp-content\/uploads\/2021\/07\/BezpieczneDziecko2-212x300.jpg 212w, https:\/\/smwroclaw.pl\/wp-content\/uploads\/2021\/07\/BezpieczneDziecko2-768x1086.jpg 768w, https:\/\/smwroclaw.pl\/wp-content\/uploads\/2021\/07\/BezpieczneDziecko2-1086x1536.jpg 1086w, https:\/\/smwroclaw.pl\/wp-content\/uploads\/2021\/07\/BezpieczneDziecko2.jpg 1414w\" sizes=\"(max-width: 441px) 100vw, 441px\" \/>\u00a0 \u00a0 \u00a0<img loading=\"lazy\" decoding=\"async\" class=\"alignnone wp-image-17168\" src=\"https:\/\/smwroclaw.pl\/wp-content\/uploads\/2021\/07\/BezpieczneDziecko21-212x300.jpg\" alt=\"\" width=\"443\" height=\"627\" srcset=\"https:\/\/smwroclaw.pl\/wp-content\/uploads\/2021\/07\/BezpieczneDziecko21-212x300.jpg 212w, https:\/\/smwroclaw.pl\/wp-content\/uploads\/2021\/07\/BezpieczneDziecko21-768x1086.jpg 768w, https:\/\/smwroclaw.pl\/wp-content\/uploads\/2021\/07\/BezpieczneDziecko21-1086x1536.jpg 1086w, https:\/\/smwroclaw.pl\/wp-content\/uploads\/2021\/07\/BezpieczneDziecko21.jpg 1414w\" sizes=\"(max-width: 443px) 100vw, 443px\" \/><\/p>\n<p>&nbsp;<\/p>\n<p>&nbsp;<\/p>\n<p>&nbsp;<\/p>\n","protected":false},"excerpt":{"rendered":"<p>Wakacje rozpocz\u0119te, a wraz z nimi ruszy\u0142y p\u00f3\u0142kolonie, w kt\u00f3rych uczestnicz\u0105 dzieci. Nasi profilaktycy z Zespo\u0142u ds. koordynacji program\u00f3w prewencyjnych mimo okresu letniego nie zwalniaj\u0105 tempa i nadal spotykaj\u0105 si\u0119 z najm\u0142odszymi.<\/p>\n","protected":false},"author":12,"featured_media":17193,"comment_status":"closed","ping_status":"closed","sticky":false,"template":"","format":"standard","meta":{"footnotes":""},"categories":[16,33],"tags":[],"class_list":["post-17187","post","type-post","status-publish","format-standard","has-post-thumbnail","hentry","category-aktual","category-prew"],"_links":{"self":[{"href":"https:\/\/smwroclaw.pl\/index.php?rest_route=\/wp\/v2\/posts\/17187","targetHints":{"allow":["GET"]}}],"collection":[{"href":"https:\/\/smwroclaw.pl\/index.php?rest_route=\/wp\/v2\/posts"}],"about":[{"href":"https:\/\/smwroclaw.pl\/index.php?rest_route=\/wp\/v2\/types\/post"}],"author":[{"embeddable":true,"href":"https:\/\/smwroclaw.pl\/index.php?rest_route=\/wp\/v2\/users\/12"}],"replies":[{"embeddable":true,"href":"https:\/\/smwroclaw.pl\/index.php?rest_route=%2Fwp%2Fv2%2Fcomments&post=17187"}],"version-history":[{"count":5,"href":"https:\/\/smwroclaw.pl\/index.php?rest_route=\/wp\/v2\/posts\/17187\/revisions"}],"predecessor-version":[{"id":17195,"href":"https:\/\/smwroclaw.pl\/index.php?rest_route=\/wp\/v2\/posts\/17187\/revisions\/17195"}],"wp:featuredmedia":[{"embeddable":true,"href":"https:\/\/smwroclaw.pl\/index.php?rest_route=\/wp\/v2\/media\/17193"}],"wp:attachment":[{"href":"https:\/\/smwroclaw.pl\/index.php?rest_route=%2Fwp%2Fv2%2Fmedia&parent=17187"}],"wp:term":[{"taxonomy":"category","embeddable":true,"href":"https:\/\/smwroclaw.pl\/index.php?rest_route=%2Fwp%2Fv2%2Fcategories&post=17187"},{"taxonomy":"post_tag","embeddable":true,"href":"https:\/\/smwroclaw.pl\/index.php?rest_route=%2Fwp%2Fv2%2Ftags&post=17187"}],"curies":[{"name":"wp","href":"https:\/\/api.w.org\/{rel}","templated":true}]}}