{"id":17300,"date":"2021-07-07T11:40:05","date_gmt":"2021-07-07T09:40:05","guid":{"rendered":"http:\/\/smwroclaw.pl\/?p=17300"},"modified":"2021-07-07T11:41:01","modified_gmt":"2021-07-07T09:41:01","slug":"nowy-system-poboru-oplat-drogowych-e-toll","status":"publish","type":"post","link":"https:\/\/smwroclaw.pl\/?p=17300","title":{"rendered":"NOWY SYSTEM POBORU OP\u0141AT DROGOWYCH E-TOLL"},"content":{"rendered":"<p style=\"text-align: justify;\"><span style=\"font-size: 16px; font-family: georgia, palatino, serif;\">W dniu <strong>24 czerwca 2021 r.<\/strong> \u00a0Ministerstwo Finans\u00f3w (MF) i Krajowa Administracja Skarbowa (KAS) uruchomi\u0142y <strong>nowy system poboru op\u0142at za przejazd<\/strong> pojazdem ci\u0119\u017ckim (powy\u017cej 3,5 tony) <strong>po p\u0142atnych drogach krajowych oraz za przejazd po p\u0142atnych odcinkach autostrad<\/strong> Konin-Stryk\u00f3w (A2) i Wroc\u0142aw-So\u015bnica (A4) zar\u00f3wno dla pojazd\u00f3w ci\u0119\u017ckich, jak i lekkich.<\/span><\/p>\n<p><!--more--><\/p>\n<p style=\"text-align: justify;\"><span style=\"font-size: 16px; font-family: georgia, palatino, serif;\"><strong>Na miejscach poboru op\u0142at autostrad A2 i A4<\/strong> wyznaczone zosta\u0142y <strong>pasy przejazdowe<\/strong> dedykowane dla u\u017cytkownik\u00f3w system\u00f3w e-TOLL i viaTOLL.<\/span><\/p>\n<p style=\"text-align: justify;\"><span style=\"font-size: 16px; font-family: georgia, palatino, serif;\"><strong>Wi\u0119cej informacji na:<\/strong><\/span><\/p>\n<p style=\"text-align: justify;\"><span style=\"font-size: 16px; font-family: georgia, palatino, serif;\"><strong><a href=\"https:\/\/www.dolnoslaskie.kas.gov.pl\/izba-administracji-skarbowej-we-wroclawiu\/wiadomosci\/aktualnosci\/-\/asset_publisher\/VF1z\/content\/ruszamy-z-e-tollem?redirect=https%3A%2F%2Fwww.dolnoslaskie.kas.gov.pl%2Fizba-administracji-skarbowej-we-wroclawiu%3Fp_p_id%3D101_INSTANCE_gI9M%26p_p_lifecycle%3D0%26p_p_state%3Dnormal%26p_p_mode%3Dview%26p_p_col_id%3D_118_INSTANCE_5lQR__column-1%26p_p_col_count%3D1#p_p_id_101_INSTANCE_VF1z_\">Ruszamy z e-TOLLem<\/a> lub na stronie <a href=\"https:\/\/etoll.gov.pl\/ciezarowe\/aktualnosci\/24-czerwca-startuje-system-e-toll\/\">etoll.gov.pl<\/a>.<\/strong><\/span><\/p>\n<p style=\"text-align: justify;\"><img fetchpriority=\"high\" decoding=\"async\" class=\"alignnone wp-image-17297\" src=\"https:\/\/smwroclaw.pl\/wp-content\/uploads\/2021\/07\/TT_eTOLL_24_06_popr7-300x169.jpg\" alt=\"\" width=\"681\" height=\"384\" srcset=\"https:\/\/smwroclaw.pl\/wp-content\/uploads\/2021\/07\/TT_eTOLL_24_06_popr7-300x169.jpg 300w, https:\/\/smwroclaw.pl\/wp-content\/uploads\/2021\/07\/TT_eTOLL_24_06_popr7-768x432.jpg 768w, https:\/\/smwroclaw.pl\/wp-content\/uploads\/2021\/07\/TT_eTOLL_24_06_popr7-1536x864.jpg 1536w, https:\/\/smwroclaw.pl\/wp-content\/uploads\/2021\/07\/TT_eTOLL_24_06_popr7.jpg 1920w\" sizes=\"(max-width: 681px) 100vw, 681px\" \/><\/p>\n<p>&nbsp;<\/p>\n<p><img decoding=\"async\" class=\"alignnone wp-image-17296\" src=\"https:\/\/smwroclaw.pl\/wp-content\/uploads\/2021\/07\/TT_eTOLL_24_06_popr9-300x169.jpg\" alt=\"\" width=\"679\" height=\"383\" srcset=\"https:\/\/smwroclaw.pl\/wp-content\/uploads\/2021\/07\/TT_eTOLL_24_06_popr9-300x169.jpg 300w, https:\/\/smwroclaw.pl\/wp-content\/uploads\/2021\/07\/TT_eTOLL_24_06_popr9-768x432.jpg 768w, https:\/\/smwroclaw.pl\/wp-content\/uploads\/2021\/07\/TT_eTOLL_24_06_popr9-1536x864.jpg 1536w, https:\/\/smwroclaw.pl\/wp-content\/uploads\/2021\/07\/TT_eTOLL_24_06_popr9.jpg 1920w\" sizes=\"(max-width: 679px) 100vw, 679px\" \/>\u00a0 \u00a0 \u00a0 \u00a0 \u00a0\u00a0 <img decoding=\"async\" class=\"alignnone wp-image-17295\" src=\"https:\/\/smwroclaw.pl\/wp-content\/uploads\/2021\/07\/TT_eTOLL_24_06_popr10-300x169.jpg\" alt=\"\" width=\"682\" height=\"385\" srcset=\"https:\/\/smwroclaw.pl\/wp-content\/uploads\/2021\/07\/TT_eTOLL_24_06_popr10-300x169.jpg 300w, https:\/\/smwroclaw.pl\/wp-content\/uploads\/2021\/07\/TT_eTOLL_24_06_popr10-768x432.jpg 768w, https:\/\/smwroclaw.pl\/wp-content\/uploads\/2021\/07\/TT_eTOLL_24_06_popr10-1536x864.jpg 1536w, https:\/\/smwroclaw.pl\/wp-content\/uploads\/2021\/07\/TT_eTOLL_24_06_popr10.jpg 1920w\" sizes=\"(max-width: 682px) 100vw, 682px\" \/><\/p>\n<p>&nbsp;<\/p>\n<p><img loading=\"lazy\" decoding=\"async\" class=\"alignnone wp-image-17298\" src=\"https:\/\/smwroclaw.pl\/wp-content\/uploads\/2021\/07\/eTollPL-132x300.png\" alt=\"\" width=\"573\" height=\"1302\" srcset=\"https:\/\/smwroclaw.pl\/wp-content\/uploads\/2021\/07\/eTollPL-132x300.png 132w, https:\/\/smwroclaw.pl\/wp-content\/uploads\/2021\/07\/eTollPL-768x1745.png 768w, https:\/\/smwroclaw.pl\/wp-content\/uploads\/2021\/07\/eTollPL-676x1536.png 676w, https:\/\/smwroclaw.pl\/wp-content\/uploads\/2021\/07\/eTollPL-901x2048.png 901w, https:\/\/smwroclaw.pl\/wp-content\/uploads\/2021\/07\/eTollPL.png 1056w\" sizes=\"(max-width: 573px) 100vw, 573px\" \/> <img loading=\"lazy\" decoding=\"async\" class=\"alignnone wp-image-17299\" src=\"https:\/\/smwroclaw.pl\/wp-content\/uploads\/2021\/07\/eTollEN-132x300.png\" alt=\"\" width=\"575\" height=\"1306\" srcset=\"https:\/\/smwroclaw.pl\/wp-content\/uploads\/2021\/07\/eTollEN-132x300.png 132w, https:\/\/smwroclaw.pl\/wp-content\/uploads\/2021\/07\/eTollEN-768x1745.png 768w, https:\/\/smwroclaw.pl\/wp-content\/uploads\/2021\/07\/eTollEN-676x1536.png 676w, https:\/\/smwroclaw.pl\/wp-content\/uploads\/2021\/07\/eTollEN-901x2048.png 901w, https:\/\/smwroclaw.pl\/wp-content\/uploads\/2021\/07\/eTollEN.png 1056w\" sizes=\"(max-width: 575px) 100vw, 575px\" \/><\/p>\n<p>&nbsp;<\/p>\n<p><span style=\"font-size: 16px; font-family: georgia, palatino, serif;\">KB<\/span><\/p>\n","protected":false},"excerpt":{"rendered":"<p>W dniu 24 czerwca 2021 r. \u00a0Ministerstwo Finans\u00f3w (MF) i Krajowa Administracja Skarbowa (KAS) uruchomi\u0142y nowy system poboru op\u0142at za przejazd pojazdem ci\u0119\u017ckim (powy\u017cej 3,5 tony) po p\u0142atnych drogach krajowych oraz za przejazd po p\u0142atnych odcinkach autostrad Konin-Stryk\u00f3w (A2) i Wroc\u0142aw-So\u015bnica (A4) zar\u00f3wno dla pojazd\u00f3w ci\u0119\u017ckich, jak i lekkich.<\/p>\n","protected":false},"author":12,"featured_media":0,"comment_status":"closed","ping_status":"closed","sticky":false,"template":"","format":"standard","meta":{"footnotes":""},"categories":[16],"tags":[],"class_list":["post-17300","post","type-post","status-publish","format-standard","hentry","category-aktual"],"_links":{"self":[{"href":"https:\/\/smwroclaw.pl\/index.php?rest_route=\/wp\/v2\/posts\/17300","targetHints":{"allow":["GET"]}}],"collection":[{"href":"https:\/\/smwroclaw.pl\/index.php?rest_route=\/wp\/v2\/posts"}],"about":[{"href":"https:\/\/smwroclaw.pl\/index.php?rest_route=\/wp\/v2\/types\/post"}],"author":[{"embeddable":true,"href":"https:\/\/smwroclaw.pl\/index.php?rest_route=\/wp\/v2\/users\/12"}],"replies":[{"embeddable":true,"href":"https:\/\/smwroclaw.pl\/index.php?rest_route=%2Fwp%2Fv2%2Fcomments&post=17300"}],"version-history":[{"count":13,"href":"https:\/\/smwroclaw.pl\/index.php?rest_route=\/wp\/v2\/posts\/17300\/revisions"}],"predecessor-version":[{"id":17313,"href":"https:\/\/smwroclaw.pl\/index.php?rest_route=\/wp\/v2\/posts\/17300\/revisions\/17313"}],"wp:attachment":[{"href":"https:\/\/smwroclaw.pl\/index.php?rest_route=%2Fwp%2Fv2%2Fmedia&parent=17300"}],"wp:term":[{"taxonomy":"category","embeddable":true,"href":"https:\/\/smwroclaw.pl\/index.php?rest_route=%2Fwp%2Fv2%2Fcategories&post=17300"},{"taxonomy":"post_tag","embeddable":true,"href":"https:\/\/smwroclaw.pl\/index.php?rest_route=%2Fwp%2Fv2%2Ftags&post=17300"}],"curies":[{"name":"wp","href":"https:\/\/api.w.org\/{rel}","templated":true}]}}