{"id":1732,"date":"2018-05-23T11:48:17","date_gmt":"2018-05-23T09:48:17","guid":{"rendered":"http:\/\/smwroclaw.pl\/?p=1732"},"modified":"2018-05-23T12:09:10","modified_gmt":"2018-05-23T10:09:10","slug":"straz-miejska-wroclawia-na-paradzie-niepodleglosci","status":"publish","type":"post","link":"https:\/\/smwroclaw.pl\/?p=1732","title":{"rendered":"STRA\u017b MIEJSKA WROC\u0141AWIA NA PARADZIE NIEPODLEG\u0141O\u015aCI"},"content":{"rendered":"<p style=\"text-align: justify;\"><span style=\"font-family: georgia,palatino,serif; font-size: 12pt;\"><strong>30 kwietnia 2018 r.<\/strong> z okazji uczczenia Setnej Rocznicy Odzyskania Niepodleg\u0142o\u015bci przez Rzeczpospolit\u0105 Polsk\u0105 odby\u0142a si\u0119 \u201eParada Niepodleg\u0142o\u015bci\u201d. Rada Osiedla Kar\u0142owice \u2013 R\u00f3\u017canka, kt\u00f3ra by\u0142a organizatorem , podzi\u0119kowa\u0142a kierownikowi Zbigniewowi Golonce z Referatu Patroli Konnych oraz m\u0142. stra\u017cnikowi Marcinowi Wiakowi z Oddzia\u0142u Patrolowo \u2013 Prewencyjnego Stra\u017cy Miejskiej Wroc\u0142awia za wsparcie i pomoc przy organizacji imprezy.<\/span><\/p>\n<p><!--more--><\/p>\n<p>&nbsp;<\/p>\n<p><img fetchpriority=\"high\" decoding=\"async\" class=\"wp-image-1734 aligncenter\" src=\"https:\/\/smwroclaw.pl\/wp-content\/uploads\/2018\/05\/skanowanie0005-page-0-213x300.jpg\" alt=\"\" width=\"451\" height=\"635\" srcset=\"https:\/\/smwroclaw.pl\/wp-content\/uploads\/2018\/05\/skanowanie0005-page-0-213x300.jpg 213w, https:\/\/smwroclaw.pl\/wp-content\/uploads\/2018\/05\/skanowanie0005-page-0.jpg 340w\" sizes=\"(max-width: 451px) 100vw, 451px\" \/><\/p>\n<p>&nbsp;<\/p>\n<p>&nbsp;<\/p>\n<p><img decoding=\"async\" class=\"wp-image-1735 aligncenter\" src=\"https:\/\/smwroclaw.pl\/wp-content\/uploads\/2018\/05\/skanowanie0006-page-0-213x300.jpg\" alt=\"\" width=\"451\" height=\"635\" srcset=\"https:\/\/smwroclaw.pl\/wp-content\/uploads\/2018\/05\/skanowanie0006-page-0-213x300.jpg 213w, https:\/\/smwroclaw.pl\/wp-content\/uploads\/2018\/05\/skanowanie0006-page-0.jpg 340w\" sizes=\"(max-width: 451px) 100vw, 451px\" \/><\/p>\n<p>&nbsp;<\/p>\n<p>&nbsp;<\/p>\n<p>&nbsp;<\/p>\n<p>&nbsp;<\/p>\n<p>SN<\/p>\n","protected":false},"excerpt":{"rendered":"<p>30 kwietnia 2018 r. z okazji uczczenia Setnej Rocznicy Odzyskania Niepodleg\u0142o\u015bci przez Rzeczpospolit\u0105 Polsk\u0105 odby\u0142a si\u0119 \u201eParada Niepodleg\u0142o\u015bci\u201d. Rada Osiedla Kar\u0142owice \u2013 R\u00f3\u017canka, kt\u00f3ra by\u0142a organizatorem , podzi\u0119kowa\u0142a kierownikowi Zbigniewowi Golonce z Referatu Patroli Konnych oraz m\u0142. stra\u017cnikowi Marcinowi Wiakowi z Oddzia\u0142u Patrolowo \u2013 Prewencyjnego Stra\u017cy Miejskiej Wroc\u0142awia za wsparcie i pomoc przy organizacji imprezy.<\/p>\n","protected":false},"author":3,"featured_media":1741,"comment_status":"closed","ping_status":"closed","sticky":false,"template":"","format":"standard","meta":{"footnotes":""},"categories":[16,33],"tags":[],"class_list":["post-1732","post","type-post","status-publish","format-standard","has-post-thumbnail","hentry","category-aktual","category-prew"],"_links":{"self":[{"href":"https:\/\/smwroclaw.pl\/index.php?rest_route=\/wp\/v2\/posts\/1732","targetHints":{"allow":["GET"]}}],"collection":[{"href":"https:\/\/smwroclaw.pl\/index.php?rest_route=\/wp\/v2\/posts"}],"about":[{"href":"https:\/\/smwroclaw.pl\/index.php?rest_route=\/wp\/v2\/types\/post"}],"author":[{"embeddable":true,"href":"https:\/\/smwroclaw.pl\/index.php?rest_route=\/wp\/v2\/users\/3"}],"replies":[{"embeddable":true,"href":"https:\/\/smwroclaw.pl\/index.php?rest_route=%2Fwp%2Fv2%2Fcomments&post=1732"}],"version-history":[{"count":5,"href":"https:\/\/smwroclaw.pl\/index.php?rest_route=\/wp\/v2\/posts\/1732\/revisions"}],"predecessor-version":[{"id":1751,"href":"https:\/\/smwroclaw.pl\/index.php?rest_route=\/wp\/v2\/posts\/1732\/revisions\/1751"}],"wp:featuredmedia":[{"embeddable":true,"href":"https:\/\/smwroclaw.pl\/index.php?rest_route=\/wp\/v2\/media\/1741"}],"wp:attachment":[{"href":"https:\/\/smwroclaw.pl\/index.php?rest_route=%2Fwp%2Fv2%2Fmedia&parent=1732"}],"wp:term":[{"taxonomy":"category","embeddable":true,"href":"https:\/\/smwroclaw.pl\/index.php?rest_route=%2Fwp%2Fv2%2Fcategories&post=1732"},{"taxonomy":"post_tag","embeddable":true,"href":"https:\/\/smwroclaw.pl\/index.php?rest_route=%2Fwp%2Fv2%2Ftags&post=1732"}],"curies":[{"name":"wp","href":"https:\/\/api.w.org\/{rel}","templated":true}]}}