{"id":17483,"date":"2021-07-28T09:00:18","date_gmt":"2021-07-28T07:00:18","guid":{"rendered":"http:\/\/smwroclaw.pl\/?p=17483"},"modified":"2021-07-28T09:00:18","modified_gmt":"2021-07-28T07:00:18","slug":"tak-nie-parkujmy-94","status":"publish","type":"post","link":"https:\/\/smwroclaw.pl\/?p=17483","title":{"rendered":"TAK NIE PARKUJMY !"},"content":{"rendered":"<p><span style=\"font-family: georgia, palatino, serif; font-size: 16px;\"><strong>27 lipca 2021 r. (wtorek)<\/strong> stra\u017cnicy miejscy prowadzili\u00a0 dzia\u0142ania prewencyjno kontrolne pod k\u0105tem przestrzegania przepis\u00f3w<strong> zawartych w ustawie prawo o ruchu drogowym:<\/strong><\/span><\/p>\n<p>&nbsp;<\/p>\n<p>&nbsp;<\/p>\n<p>&nbsp;<\/p>\n<ul>\n<li><span style=\"font-family: georgia, palatino, serif; font-size: 16px;\">na\u0142o\u017cono<strong> 53 <\/strong>mandaty na kwot\u0119<strong> 5.850 z\u0142.<\/strong><\/span><\/li>\n<li><span style=\"font-family: georgia, palatino, serif; font-size: 16px;\">wydano dyspozycj\u0119 odholowania<strong> 2 <\/strong>nieprawid\u0142owo zaparkowanych pojazd\u00f3w<\/span><\/li>\n<li><span style=\"font-family: georgia, palatino, serif; font-size: 16px;\">na ko\u0142a nieprawid\u0142owo parkuj\u0105cych pojazd\u00f3w za\u0142o\u017cono<strong> 8 <\/strong>blokad<\/span><\/li>\n<li><span style=\"font-family: georgia, palatino, serif; font-size: 16px;\">pouczono<strong> 15 <\/strong>os\u00f3b<\/span><\/li>\n<li><span style=\"font-family: georgia, palatino, serif; font-size: 16px;\">wszcz\u0119to 1<strong>8<\/strong> post\u0119powa\u0144 w zwi\u0105zku z ujawnieniem wykroczenia<\/span><\/li>\n<\/ul>\n","protected":false},"excerpt":{"rendered":"<p>27 lipca 2021 r. (wtorek) stra\u017cnicy miejscy prowadzili\u00a0 dzia\u0142ania prewencyjno kontrolne pod k\u0105tem przestrzegania przepis\u00f3w zawartych w ustawie prawo o ruchu drogowym: &nbsp; &nbsp; &nbsp; na\u0142o\u017cono 53 mandaty na kwot\u0119 5.850 z\u0142. wydano dyspozycj\u0119 odholowania 2 nieprawid\u0142owo zaparkowanych pojazd\u00f3w na ko\u0142a nieprawid\u0142owo parkuj\u0105cych pojazd\u00f3w za\u0142o\u017cono 8 blokad pouczono 15 os\u00f3b wszcz\u0119to 18 post\u0119powa\u0144 w zwi\u0105zku [&hellip;]<\/p>\n","protected":false},"author":4,"featured_media":16574,"comment_status":"closed","ping_status":"closed","sticky":false,"template":"","format":"standard","meta":{"footnotes":""},"categories":[16],"tags":[],"class_list":["post-17483","post","type-post","status-publish","format-standard","has-post-thumbnail","hentry","category-aktual"],"_links":{"self":[{"href":"https:\/\/smwroclaw.pl\/index.php?rest_route=\/wp\/v2\/posts\/17483","targetHints":{"allow":["GET"]}}],"collection":[{"href":"https:\/\/smwroclaw.pl\/index.php?rest_route=\/wp\/v2\/posts"}],"about":[{"href":"https:\/\/smwroclaw.pl\/index.php?rest_route=\/wp\/v2\/types\/post"}],"author":[{"embeddable":true,"href":"https:\/\/smwroclaw.pl\/index.php?rest_route=\/wp\/v2\/users\/4"}],"replies":[{"embeddable":true,"href":"https:\/\/smwroclaw.pl\/index.php?rest_route=%2Fwp%2Fv2%2Fcomments&post=17483"}],"version-history":[{"count":2,"href":"https:\/\/smwroclaw.pl\/index.php?rest_route=\/wp\/v2\/posts\/17483\/revisions"}],"predecessor-version":[{"id":17485,"href":"https:\/\/smwroclaw.pl\/index.php?rest_route=\/wp\/v2\/posts\/17483\/revisions\/17485"}],"wp:featuredmedia":[{"embeddable":true,"href":"https:\/\/smwroclaw.pl\/index.php?rest_route=\/wp\/v2\/media\/16574"}],"wp:attachment":[{"href":"https:\/\/smwroclaw.pl\/index.php?rest_route=%2Fwp%2Fv2%2Fmedia&parent=17483"}],"wp:term":[{"taxonomy":"category","embeddable":true,"href":"https:\/\/smwroclaw.pl\/index.php?rest_route=%2Fwp%2Fv2%2Fcategories&post=17483"},{"taxonomy":"post_tag","embeddable":true,"href":"https:\/\/smwroclaw.pl\/index.php?rest_route=%2Fwp%2Fv2%2Ftags&post=17483"}],"curies":[{"name":"wp","href":"https:\/\/api.w.org\/{rel}","templated":true}]}}