{"id":1755,"date":"2018-05-23T12:37:53","date_gmt":"2018-05-23T10:37:53","guid":{"rendered":"http:\/\/smwroclaw.pl\/?p=1755"},"modified":"2018-05-23T12:37:53","modified_gmt":"2018-05-23T10:37:53","slug":"ekopatrol-w-dzialaniu-z-notatnika-straznika-22-05-2018-r-zdjecia","status":"publish","type":"post","link":"https:\/\/smwroclaw.pl\/?p=1755","title":{"rendered":"EKOPATROL W DZIA\u0141ANIU &#8211; z notatnika stra\u017cnika 22.05.2018 r. (zdj\u0119cia)"},"content":{"rendered":"<p style=\"text-align: justify;\"><span style=\"font-family: georgia,palatino,serif; font-size: 12pt;\">Wczoraj <strong>(22 maja 2018 r. wtorek)<\/strong> stra\u017cnicy miejscy z Oddzia\u0142u Ochrony \u015arodowiska interweniowali przy<strong> ulicy Mo\u015bcickiego.<\/strong> Na terenie zielonym przeznaczonym do wypoczynku i rekreacji,\u00a0 stwierdzili <strong>nielegalne sk\u0142adowisko odpad\u00f3w<\/strong>. Znaleziono<strong> kilkaset kilogram\u00f3w porzuconych odpad\u00f3w biodegradowalnych po pracach piel\u0119gnacyjnych przy zieleni, kilkadziesi\u0105t kilogram\u00f3w gruzu, opakowania po produktach \u017cywno\u015bciowych jak i opakowania wraz z kartami gwarancyjnymi po produktach elektrycznych i elektronicznych, ramy okienne i znaczn\u0105 ilo\u015b\u0107 rozbitego szk\u0142a.<\/strong><!--more--><\/span><\/p>\n<p style=\"text-align: justify;\"><span style=\"font-family: georgia,palatino,serif; font-size: 12pt;\">W\u015br\u00f3d odpad\u00f3w odnaleziono <strong>dane firmy remontowej<\/strong> zajmuj\u0105c\u0105 si\u0119 pracami podwykonawczymi, kt\u00f3re wskazywa\u0142y, \u017ce <strong>cz\u0119\u015b\u0107 z porzuconych odpad\u00f3w zosta\u0142a wytworzona w wyniku dzia\u0142alno\u015bci podmiotu gospodarczego<\/strong>. Na miejscu na potrzeby dalszego post\u0119powania<strong> zabezpieczono dokumentacj\u0119 zawieraj\u0105c\u0105 dane osobowe os\u00f3b,\u00a0 prawdopodobnie powi\u0105zanych z odpadami.<\/strong><\/span><\/p>\n<p style=\"text-align: justify;\"><span style=\"font-family: georgia,palatino,serif; font-size: 12pt;\">W toku czynno\u015bci wyja\u015bniaj\u0105cych <strong>ustalono \u015bwiadka zdarzenia<\/strong> kt\u00f3ry przebywa\u0142 w rejonie porzucenia odpad\u00f3w, <strong>wskazuj\u0105c czas, miejsce oraz numer rejestracyjny pojazdu z kt\u00f3rego zosta\u0142y porzucone odpady.<\/strong><\/span><\/p>\n<p style=\"text-align: justify;\"><span style=\"font-family: georgia,palatino,serif; font-size: 12pt;\">W toku dalszych czynno\u015bci ustalono kontakt do podejrzanego kt\u00f3rego wezwano do siedziby Stra\u017cy Miejskiej, celem dalszych wyja\u015bnie\u0144. W toku przes\u0142uchania ustalono, \u017ce <strong>wezwany jest sprawc\u0105 wykroczenia z artyku\u0142u 177 Ustawy o Odpadach<\/strong> do kt\u00f3rego si\u0119 przyzna\u0142 i wskaza\u0142 osob\u0119 nieuprawnion\u0105 do odbioru odpad\u00f3w, b\u0119d\u0105c\u0105 sprawc\u0105 bezpo\u015bredniego zanieczyszczenia terenu.<\/span><\/p>\n<p style=\"text-align: justify;\"><span style=\"font-family: georgia,palatino,serif; font-size: 12pt;\">Na sprawc\u0119 wykroczenia z artyku\u0142u 177 Ustawy o Odpadach na\u0142o\u017cono <strong>mandat karny wysoko\u015bci 500 z\u0142otych<\/strong>. Wobec podejrzanego kt\u00f3ry bezpo\u015brednio zanieczy\u015bci\u0142 teren,\u00a0 podj\u0119to czynno\u015bci zmierzaj\u0105ce do ukarania.<\/span><\/p>\n<p>&nbsp;<\/p>\n<p><img fetchpriority=\"high\" decoding=\"async\" class=\" wp-image-1758 aligncenter\" src=\"https:\/\/smwroclaw.pl\/wp-content\/uploads\/2018\/05\/MO-2.jpg\" alt=\"\" width=\"608\" height=\"342\" srcset=\"https:\/\/smwroclaw.pl\/wp-content\/uploads\/2018\/05\/MO-2.jpg 740w, https:\/\/smwroclaw.pl\/wp-content\/uploads\/2018\/05\/MO-2-300x169.jpg 300w\" sizes=\"(max-width: 608px) 100vw, 608px\" \/><\/p>\n<p><img decoding=\"async\" class=\" wp-image-1759 aligncenter\" src=\"https:\/\/smwroclaw.pl\/wp-content\/uploads\/2018\/05\/MO-1.jpg\" alt=\"\" width=\"611\" height=\"343\" srcset=\"https:\/\/smwroclaw.pl\/wp-content\/uploads\/2018\/05\/MO-1.jpg 730w, https:\/\/smwroclaw.pl\/wp-content\/uploads\/2018\/05\/MO-1-300x168.jpg 300w\" sizes=\"(max-width: 611px) 100vw, 611px\" \/><\/p>\n<p><strong>WF<\/strong><\/p>\n","protected":false},"excerpt":{"rendered":"<p>Wczoraj (22 maja 2018 r. wtorek) stra\u017cnicy miejscy z Oddzia\u0142u Ochrony \u015arodowiska interweniowali przy ulicy Mo\u015bcickiego. Na terenie zielonym przeznaczonym do wypoczynku i rekreacji,\u00a0 stwierdzili nielegalne sk\u0142adowisko odpad\u00f3w. Znaleziono kilkaset kilogram\u00f3w porzuconych odpad\u00f3w biodegradowalnych po pracach piel\u0119gnacyjnych przy zieleni, kilkadziesi\u0105t kilogram\u00f3w gruzu, opakowania po produktach \u017cywno\u015bciowych jak i opakowania wraz z kartami gwarancyjnymi po produktach [&hellip;]<\/p>\n","protected":false},"author":4,"featured_media":1759,"comment_status":"closed","ping_status":"closed","sticky":false,"template":"","format":"standard","meta":{"footnotes":""},"categories":[16],"tags":[],"class_list":["post-1755","post","type-post","status-publish","format-standard","has-post-thumbnail","hentry","category-aktual"],"_links":{"self":[{"href":"https:\/\/smwroclaw.pl\/index.php?rest_route=\/wp\/v2\/posts\/1755","targetHints":{"allow":["GET"]}}],"collection":[{"href":"https:\/\/smwroclaw.pl\/index.php?rest_route=\/wp\/v2\/posts"}],"about":[{"href":"https:\/\/smwroclaw.pl\/index.php?rest_route=\/wp\/v2\/types\/post"}],"author":[{"embeddable":true,"href":"https:\/\/smwroclaw.pl\/index.php?rest_route=\/wp\/v2\/users\/4"}],"replies":[{"embeddable":true,"href":"https:\/\/smwroclaw.pl\/index.php?rest_route=%2Fwp%2Fv2%2Fcomments&post=1755"}],"version-history":[{"count":5,"href":"https:\/\/smwroclaw.pl\/index.php?rest_route=\/wp\/v2\/posts\/1755\/revisions"}],"predecessor-version":[{"id":1762,"href":"https:\/\/smwroclaw.pl\/index.php?rest_route=\/wp\/v2\/posts\/1755\/revisions\/1762"}],"wp:featuredmedia":[{"embeddable":true,"href":"https:\/\/smwroclaw.pl\/index.php?rest_route=\/wp\/v2\/media\/1759"}],"wp:attachment":[{"href":"https:\/\/smwroclaw.pl\/index.php?rest_route=%2Fwp%2Fv2%2Fmedia&parent=1755"}],"wp:term":[{"taxonomy":"category","embeddable":true,"href":"https:\/\/smwroclaw.pl\/index.php?rest_route=%2Fwp%2Fv2%2Fcategories&post=1755"},{"taxonomy":"post_tag","embeddable":true,"href":"https:\/\/smwroclaw.pl\/index.php?rest_route=%2Fwp%2Fv2%2Ftags&post=1755"}],"curies":[{"name":"wp","href":"https:\/\/api.w.org\/{rel}","templated":true}]}}