{"id":1852,"date":"2018-05-25T12:16:43","date_gmt":"2018-05-25T10:16:43","guid":{"rendered":"http:\/\/smwroclaw.pl\/?p=1852"},"modified":"2018-05-25T12:16:43","modified_gmt":"2018-05-25T10:16:43","slug":"tak-nie-parkujmy-3","status":"publish","type":"post","link":"https:\/\/smwroclaw.pl\/?p=1852","title":{"rendered":"TAK NIE PARKUJMY !"},"content":{"rendered":"<p style=\"text-align: justify;\"><span style=\"font-size: 12pt;\"><strong>11.05.2018 r.<\/strong> oko\u0142o godziny 18.00 na <strong>ulicy Wejherowskiej<\/strong>, po wizycie w pobliskiej przychodni, kobieta pr\u00f3bowa\u0142a dotrze\u0107 do domu&#8230; Niestety nie by\u0142o to takie proste. Kieruj\u0105cy samochodem Volvo pozostawi\u0142 sw\u00f3j pojazd ca\u0142kowicie wbrew obowi\u0105zuj\u0105cym przepisom (&#8230; pozostawi\u0107 co najmniej 1,5 metra dla pieszych) &#8211; <strong>w\u00f3zek osoby niepe\u0142nosprawnej ma 70 cm szeroko\u015bci.<\/strong><\/span><br \/>\n<!--more--><\/p>\n<p>&nbsp;<\/p>\n<p>&nbsp;<\/p>\n<p style=\"text-align: justify;\"><span style=\"font-size: 12pt;\">Stra\u017c Miejska Wroc\u0142awia otrzyma\u0142a od osoby zg\u0142aszaj\u0105cej, zawiadomienie o pope\u0142nionym wykroczeniu wraz ze zdj\u0119ciem. Stra\u017cnik prowadz\u0105cy czynno\u015bci w sprawie, z uwagi na niepe\u0142nosprawno\u015b\u0107 zg\u0142aszaj\u0105cej, czynno\u015bci formalne przeprowadzi\u0142 w jej miejscu zamieszkania. Obecnie ustalamy dane osobowe kieruj\u0105cego pojazdem. Po uzupe\u0142nieniu wszystkich dokument\u00f3w zostanie skierowany do s\u0105du wniosek o ukaranie sprawcy wykroczenia.<\/span><\/p>\n<p>&nbsp;<\/p>\n<p>&nbsp;<\/p>\n<p><img fetchpriority=\"high\" decoding=\"async\" class=\"wp-image-1855 aligncenter\" src=\"https:\/\/smwroclaw.pl\/wp-content\/uploads\/2018\/05\/32238576_1919847584_361365772244353024_-2_LI.jpg\" alt=\"\" width=\"664\" height=\"498\" srcset=\"https:\/\/smwroclaw.pl\/wp-content\/uploads\/2018\/05\/32238576_1919847584_361365772244353024_-2_LI.jpg 960w, https:\/\/smwroclaw.pl\/wp-content\/uploads\/2018\/05\/32238576_1919847584_361365772244353024_-2_LI-300x225.jpg 300w, https:\/\/smwroclaw.pl\/wp-content\/uploads\/2018\/05\/32238576_1919847584_361365772244353024_-2_LI-768x576.jpg 768w\" sizes=\"(max-width: 664px) 100vw, 664px\" \/><\/p>\n<p><strong>WF<\/strong><\/p>\n","protected":false},"excerpt":{"rendered":"<p>11.05.2018 r. oko\u0142o godziny 18.00 na ulicy Wejherowskiej, po wizycie w pobliskiej przychodni, kobieta pr\u00f3bowa\u0142a dotrze\u0107 do domu&#8230; Niestety nie by\u0142o to takie proste. Kieruj\u0105cy samochodem Volvo pozostawi\u0142 sw\u00f3j pojazd ca\u0142kowicie wbrew obowi\u0105zuj\u0105cym przepisom (&#8230; pozostawi\u0107 co najmniej 1,5 metra dla pieszych) &#8211; w\u00f3zek osoby niepe\u0142nosprawnej ma 70 cm szeroko\u015bci.<\/p>\n","protected":false},"author":4,"featured_media":1855,"comment_status":"closed","ping_status":"closed","sticky":false,"template":"","format":"standard","meta":{"footnotes":""},"categories":[16],"tags":[],"class_list":["post-1852","post","type-post","status-publish","format-standard","has-post-thumbnail","hentry","category-aktual"],"_links":{"self":[{"href":"https:\/\/smwroclaw.pl\/index.php?rest_route=\/wp\/v2\/posts\/1852","targetHints":{"allow":["GET"]}}],"collection":[{"href":"https:\/\/smwroclaw.pl\/index.php?rest_route=\/wp\/v2\/posts"}],"about":[{"href":"https:\/\/smwroclaw.pl\/index.php?rest_route=\/wp\/v2\/types\/post"}],"author":[{"embeddable":true,"href":"https:\/\/smwroclaw.pl\/index.php?rest_route=\/wp\/v2\/users\/4"}],"replies":[{"embeddable":true,"href":"https:\/\/smwroclaw.pl\/index.php?rest_route=%2Fwp%2Fv2%2Fcomments&post=1852"}],"version-history":[{"count":4,"href":"https:\/\/smwroclaw.pl\/index.php?rest_route=\/wp\/v2\/posts\/1852\/revisions"}],"predecessor-version":[{"id":1857,"href":"https:\/\/smwroclaw.pl\/index.php?rest_route=\/wp\/v2\/posts\/1852\/revisions\/1857"}],"wp:featuredmedia":[{"embeddable":true,"href":"https:\/\/smwroclaw.pl\/index.php?rest_route=\/wp\/v2\/media\/1855"}],"wp:attachment":[{"href":"https:\/\/smwroclaw.pl\/index.php?rest_route=%2Fwp%2Fv2%2Fmedia&parent=1852"}],"wp:term":[{"taxonomy":"category","embeddable":true,"href":"https:\/\/smwroclaw.pl\/index.php?rest_route=%2Fwp%2Fv2%2Fcategories&post=1852"},{"taxonomy":"post_tag","embeddable":true,"href":"https:\/\/smwroclaw.pl\/index.php?rest_route=%2Fwp%2Fv2%2Ftags&post=1852"}],"curies":[{"name":"wp","href":"https:\/\/api.w.org\/{rel}","templated":true}]}}