{"id":1858,"date":"2018-05-25T14:27:03","date_gmt":"2018-05-25T12:27:03","guid":{"rendered":"http:\/\/smwroclaw.pl\/?p=1858"},"modified":"2018-05-28T09:10:09","modified_gmt":"2018-05-28T07:10:09","slug":"100-lecie-odzyskania-niepodleglosci","status":"publish","type":"post","link":"https:\/\/smwroclaw.pl\/?p=1858","title":{"rendered":"100-LECIE ODZYSKANIA NIEPODLEG\u0141O\u015aCI"},"content":{"rendered":"<p style=\"text-align: justify;\"><span style=\"font-family: georgia,palatino,serif; font-size: 12pt;\"><strong>Narodowe \u015awi\u0119to Niepodleg\u0142o\u015bci <\/strong>to dla Polak\u00f3w jedno z najwa\u017cniejszych \u015bwi\u0105t pa\u0144stwowych. \u00a0Kr\u00f3tki zarys historii Polski, kt\u00f3ra po 123 latach zabor\u00f3w \u2013 niewoli naznaczonej walk\u0105, cierpieniem i wysi\u0142kiem wielu pokole\u0144 Polek i Polak\u00f3w \u2013 22 maja 2018 r. na spotkaniu <strong>w Dziennym Domu Pobytu <\/strong>om\u00f3wi\u0142 <strong>st. insp. Pawe\u0142 Gr\u0105bczewski<\/strong> z zespo\u0142u ds. koordynacji program\u00f3w prewencyjnych.<\/span><\/p>\n<p><!--more--><\/p>\n<p><img fetchpriority=\"high\" decoding=\"async\" class=\"alignnone size-medium wp-image-1860\" src=\"https:\/\/smwroclaw.pl\/wp-content\/uploads\/2018\/05\/DSC06460-300x225.jpg\" alt=\"\" width=\"300\" height=\"225\" srcset=\"https:\/\/smwroclaw.pl\/wp-content\/uploads\/2018\/05\/DSC06460-300x225.jpg 300w, https:\/\/smwroclaw.pl\/wp-content\/uploads\/2018\/05\/DSC06460.jpg 640w\" sizes=\"(max-width: 300px) 100vw, 300px\" \/><img decoding=\"async\" class=\"alignnone wp-image-1859\" src=\"https:\/\/smwroclaw.pl\/wp-content\/uploads\/2018\/05\/DSC06457-300x197.jpg\" alt=\"\" width=\"343\" height=\"225\" srcset=\"https:\/\/smwroclaw.pl\/wp-content\/uploads\/2018\/05\/DSC06457-300x197.jpg 300w, https:\/\/smwroclaw.pl\/wp-content\/uploads\/2018\/05\/DSC06457.jpg 640w\" sizes=\"(max-width: 343px) 100vw, 343px\" \/><\/p>\n","protected":false},"excerpt":{"rendered":"<p>Narodowe \u015awi\u0119to Niepodleg\u0142o\u015bci to dla Polak\u00f3w jedno z najwa\u017cniejszych \u015bwi\u0105t pa\u0144stwowych. \u00a0Kr\u00f3tki zarys historii Polski, kt\u00f3ra po 123 latach zabor\u00f3w \u2013 niewoli naznaczonej walk\u0105, cierpieniem i wysi\u0142kiem wielu pokole\u0144 Polek i Polak\u00f3w \u2013 22 maja 2018 r. na spotkaniu w Dziennym Domu Pobytu om\u00f3wi\u0142 st. insp. Pawe\u0142 Gr\u0105bczewski z zespo\u0142u ds. koordynacji program\u00f3w prewencyjnych.<\/p>\n","protected":false},"author":3,"featured_media":1861,"comment_status":"closed","ping_status":"closed","sticky":false,"template":"","format":"standard","meta":{"footnotes":""},"categories":[16,33],"tags":[],"class_list":["post-1858","post","type-post","status-publish","format-standard","has-post-thumbnail","hentry","category-aktual","category-prew"],"_links":{"self":[{"href":"https:\/\/smwroclaw.pl\/index.php?rest_route=\/wp\/v2\/posts\/1858","targetHints":{"allow":["GET"]}}],"collection":[{"href":"https:\/\/smwroclaw.pl\/index.php?rest_route=\/wp\/v2\/posts"}],"about":[{"href":"https:\/\/smwroclaw.pl\/index.php?rest_route=\/wp\/v2\/types\/post"}],"author":[{"embeddable":true,"href":"https:\/\/smwroclaw.pl\/index.php?rest_route=\/wp\/v2\/users\/3"}],"replies":[{"embeddable":true,"href":"https:\/\/smwroclaw.pl\/index.php?rest_route=%2Fwp%2Fv2%2Fcomments&post=1858"}],"version-history":[{"count":3,"href":"https:\/\/smwroclaw.pl\/index.php?rest_route=\/wp\/v2\/posts\/1858\/revisions"}],"predecessor-version":[{"id":1864,"href":"https:\/\/smwroclaw.pl\/index.php?rest_route=\/wp\/v2\/posts\/1858\/revisions\/1864"}],"wp:featuredmedia":[{"embeddable":true,"href":"https:\/\/smwroclaw.pl\/index.php?rest_route=\/wp\/v2\/media\/1861"}],"wp:attachment":[{"href":"https:\/\/smwroclaw.pl\/index.php?rest_route=%2Fwp%2Fv2%2Fmedia&parent=1858"}],"wp:term":[{"taxonomy":"category","embeddable":true,"href":"https:\/\/smwroclaw.pl\/index.php?rest_route=%2Fwp%2Fv2%2Fcategories&post=1858"},{"taxonomy":"post_tag","embeddable":true,"href":"https:\/\/smwroclaw.pl\/index.php?rest_route=%2Fwp%2Fv2%2Ftags&post=1858"}],"curies":[{"name":"wp","href":"https:\/\/api.w.org\/{rel}","templated":true}]}}