{"id":19616,"date":"2021-10-20T10:36:24","date_gmt":"2021-10-20T08:36:24","guid":{"rendered":"http:\/\/smwroclaw.pl\/?p=19616"},"modified":"2021-10-20T10:36:24","modified_gmt":"2021-10-20T08:36:24","slug":"uwaga-zbliza-sie-termin-obowiazkowej-deratyzacji-1-30-listopada","status":"publish","type":"post","link":"https:\/\/smwroclaw.pl\/?p=19616","title":{"rendered":"UWAGA \u2013 ZBLI\u017bA SI\u0118 TERMIN OBOWI\u0104ZKOWEJ DERATYZACJI (1 &#8211; 30 listopada)"},"content":{"rendered":"<p style=\"text-align: justify;\"><span style=\"font-family: georgia, palatino, serif; font-size: 16px;\">Ju\u017c <strong>1 listopada<\/strong> rusza obowi\u0105zkowa deratyzacja na terenie miasta.<\/span><br \/>\n<span style=\"font-family: georgia, palatino, serif; font-size: 16px;\"><strong>Przypominamy!<\/strong><\/span><br \/>\n<span style=\"font-family: georgia, palatino, serif; font-size: 16px;\">Terminy obowi\u0105zkowej deratyzacji:<\/span><br \/>\n<span style=\"font-family: georgia, palatino, serif; font-size: 16px;\"><strong>1 \u2013 31 marca<\/strong>,<\/span><br \/>\n<span style=\"font-family: georgia, palatino, serif; font-size: 16px;\"><strong>1 \u2013 30 listopada<\/strong>,<\/span><br \/>\n<span style=\"font-family: georgia, palatino, serif; font-size: 16px;\"><strong>dodatkowo 1 \u2013 31 lipca w centrum Wroc\u0142awia<\/strong> oraz ka\u017cdorazowo w przypadku wyst\u0105pienia populacji gryzoni na terenie nieruchomo\u015bci.<!--more--><\/span><\/p>\n<p style=\"text-align: justify;\">\n<span style=\"font-family: georgia, palatino, serif; font-size: 16px;\">Obowi\u0105zek spoczywa na w\u0142a\u015bcicielach i zarz\u0105dcach nieruchomo\u015bci na kt\u00f3rych zlokalizowane s\u0105: sklepy spo\u017cywcze, restauracje, kawiarnie wraz z terenem ogr\u00f3dk\u00f3w gastronomicznych, budynki wielolokalowe podpiwniczone, kom\u00f3rki i pomieszczenia gospodarcze, podw\u00f3rka i wiaty \u015bmietnikowe.<\/span><br \/>\n<span style=\"font-family: georgia, palatino, serif; font-size: 16px;\"><strong>PAMI\u0118TAJ!<\/strong><\/span><br \/>\n<span style=\"font-family: georgia, palatino, serif; font-size: 16px;\">\u2013 umieszczaj odpady, a szczeg\u00f3lnie te \u017cywno\u015bciowe, wy\u0142\u0105cznie w przeznaczonych do tego, zamykanych pojemnikach;<\/span><br \/>\n<span style=\"font-family: georgia, palatino, serif; font-size: 16px;\">\u2013 zachowaj czysto\u015b\u0107 w miejscach gromadzenia odpad\u00f3w;<\/span><br \/>\n<span style=\"font-family: georgia, palatino, serif; font-size: 16px;\">\u2013 dbaj o w\u0142a\u015bciw\u0105 ilo\u015b\u0107 pojemnik\u00f3w i odpowiedni\u0105 cz\u0119stotliwo\u015b\u0107 ich opr\u00f3\u017cniania;<\/span><br \/>\n<span style=\"font-family: georgia, palatino, serif; font-size: 16px;\">\u2013 umieszczaj odpady kuchenne, przeterminowan\u0105 \u017cywno\u015b\u0107 w osobnych, specjalnie oznaczonych pojemnikach i przekazuj uprawnionym s\u0142u\u017cbom;<\/span><br \/>\n<span style=\"font-family: georgia, palatino, serif; font-size: 16px;\">\u2013 zabezpiecz obiekt przed szkodnikami;<\/span><br \/>\n<span style=\"font-family: georgia, palatino, serif; font-size: 16px;\">\u2013 rzetelnie wykonuj obowi\u0105zkow\u0105 deratyzacj\u0119.<\/span><\/p>\n\n\t\t<style type=\"text\/css\">\n\t\t\t#gallery-1 {\n\t\t\t\tmargin: auto;\n\t\t\t}\n\t\t\t#gallery-1 .gallery-item {\n\t\t\t\tfloat: left;\n\t\t\t\tmargin-top: 10px;\n\t\t\t\ttext-align: center;\n\t\t\t\twidth: 33%;\n\t\t\t}\n\t\t\t#gallery-1 img {\n\t\t\t\tborder: 2px solid #cfcfcf;\n\t\t\t}\n\t\t\t#gallery-1 .gallery-caption {\n\t\t\t\tmargin-left: 0;\n\t\t\t}\n\t\t\t\/* see gallery_shortcode() in wp-includes\/media.php *\/\n\t\t<\/style>\n\t\t<div id='gallery-1' class='gallery galleryid-19616 gallery-columns-3 gallery-size-thumbnail'><dl class='gallery-item'>\n\t\t\t<dt class='gallery-icon portrait'>\n\t\t\t\t<a href='https:\/\/smwroclaw.pl\/?attachment_id=15535'><img fetchpriority=\"high\" decoding=\"async\" width=\"360\" height=\"260\" src=\"https:\/\/smwroclaw.pl\/wp-content\/uploads\/2021\/02\/PLAKAT-SZCZURY-BIALE-TLO-3-360x260.png\" class=\"attachment-thumbnail size-thumbnail\" alt=\"\" \/><\/a>\n\t\t\t<\/dt><\/dl><dl class='gallery-item'>\n\t\t\t<dt class='gallery-icon portrait'>\n\t\t\t\t<a href='https:\/\/smwroclaw.pl\/?attachment_id=15534'><img decoding=\"async\" width=\"360\" height=\"260\" src=\"https:\/\/smwroclaw.pl\/wp-content\/uploads\/2021\/02\/PAMIETAJ-PRZEZ-TWOJE-NAWYKI-I-DZIALANIA-MASZ-WPLYW-NA-OGRANICZENIE-POPULACJI-SZCZUROW-W-NASZYM-MIESCIE-1-360x260.png\" class=\"attachment-thumbnail size-thumbnail\" alt=\"\" \/><\/a>\n\t\t\t<\/dt><\/dl><dl class='gallery-item'>\n\t\t\t<dt class='gallery-icon landscape'>\n\t\t\t\t<a href='https:\/\/smwroclaw.pl\/?attachment_id=15823'><img decoding=\"async\" width=\"360\" height=\"260\" src=\"https:\/\/smwroclaw.pl\/wp-content\/uploads\/2021\/03\/Kopia-Podziekowania-SM-360x260-1-360x260.png\" class=\"attachment-thumbnail size-thumbnail\" alt=\"\" srcset=\"https:\/\/smwroclaw.pl\/wp-content\/uploads\/2021\/03\/Kopia-Podziekowania-SM-360x260-1.png 360w, https:\/\/smwroclaw.pl\/wp-content\/uploads\/2021\/03\/Kopia-Podziekowania-SM-360x260-1-300x217.png 300w\" sizes=\"(max-width: 360px) 100vw, 360px\" \/><\/a>\n\t\t\t<\/dt><\/dl><br style=\"clear: both\" \/>\n\t\t<\/div>\n\n<p style=\"text-align: justify;\"><span style=\"font-family: georgia, palatino, serif; font-size: 16px;\">BD<\/span><\/p>\n","protected":false},"excerpt":{"rendered":"<p>Ju\u017c 1 listopada rusza obowi\u0105zkowa deratyzacja na terenie miasta. Przypominamy! Terminy obowi\u0105zkowej deratyzacji: 1 \u2013 31 marca, 1 \u2013 30 listopada, dodatkowo 1 \u2013 31 lipca w centrum Wroc\u0142awia oraz ka\u017cdorazowo w przypadku wyst\u0105pienia populacji gryzoni na terenie nieruchomo\u015bci.<\/p>\n","protected":false},"author":7,"featured_media":15665,"comment_status":"closed","ping_status":"closed","sticky":false,"template":"","format":"standard","meta":{"footnotes":""},"categories":[16],"tags":[],"class_list":["post-19616","post","type-post","status-publish","format-standard","has-post-thumbnail","hentry","category-aktual"],"_links":{"self":[{"href":"https:\/\/smwroclaw.pl\/index.php?rest_route=\/wp\/v2\/posts\/19616","targetHints":{"allow":["GET"]}}],"collection":[{"href":"https:\/\/smwroclaw.pl\/index.php?rest_route=\/wp\/v2\/posts"}],"about":[{"href":"https:\/\/smwroclaw.pl\/index.php?rest_route=\/wp\/v2\/types\/post"}],"author":[{"embeddable":true,"href":"https:\/\/smwroclaw.pl\/index.php?rest_route=\/wp\/v2\/users\/7"}],"replies":[{"embeddable":true,"href":"https:\/\/smwroclaw.pl\/index.php?rest_route=%2Fwp%2Fv2%2Fcomments&post=19616"}],"version-history":[{"count":1,"href":"https:\/\/smwroclaw.pl\/index.php?rest_route=\/wp\/v2\/posts\/19616\/revisions"}],"predecessor-version":[{"id":19617,"href":"https:\/\/smwroclaw.pl\/index.php?rest_route=\/wp\/v2\/posts\/19616\/revisions\/19617"}],"wp:featuredmedia":[{"embeddable":true,"href":"https:\/\/smwroclaw.pl\/index.php?rest_route=\/wp\/v2\/media\/15665"}],"wp:attachment":[{"href":"https:\/\/smwroclaw.pl\/index.php?rest_route=%2Fwp%2Fv2%2Fmedia&parent=19616"}],"wp:term":[{"taxonomy":"category","embeddable":true,"href":"https:\/\/smwroclaw.pl\/index.php?rest_route=%2Fwp%2Fv2%2Fcategories&post=19616"},{"taxonomy":"post_tag","embeddable":true,"href":"https:\/\/smwroclaw.pl\/index.php?rest_route=%2Fwp%2Fv2%2Ftags&post=19616"}],"curies":[{"name":"wp","href":"https:\/\/api.w.org\/{rel}","templated":true}]}}