{"id":19768,"date":"2021-10-27T09:20:56","date_gmt":"2021-10-27T07:20:56","guid":{"rendered":"http:\/\/smwroclaw.pl\/?p=19768"},"modified":"2021-10-27T09:21:37","modified_gmt":"2021-10-27T07:21:37","slug":"patrol-interwencyjny-w-dzialaniu-udzielamy-pomocy","status":"publish","type":"post","link":"https:\/\/smwroclaw.pl\/?p=19768","title":{"rendered":"PATROL INTERWENCYJNY W DZIA\u0141ANIU \u2013 udzielamy pomocy"},"content":{"rendered":"<p style=\"text-align: justify;\"><span style=\"font-family: georgia, palatino, serif; font-size: 16px;\">&#8211; <strong>Ulica Grabiszy\u0144ska (cmentarz)<\/strong> \u2013 do funkcjonariuszy z Oddzia\u0142u Patrolowo \u2013 Interwencyjnego przybieg\u0142 m\u0119\u017cczyzna z pro\u015bba o pomoc. Poinformowa\u0142, \u017ce jego \u017cona lat 62 przewr\u00f3ci\u0142a si\u0119 i uderzy\u0142a g\u0142ow\u0105 o nagrobek. Dzwoni\u0142 po Pogotowie, ale dowiedzia\u0142 si\u0119 \u017ce czas przyjazdu to oko\u0142o 3-4 godziny (potwierdzono fakt). Funkcjonariusze natychmiast udali si\u0119 do rannej kobiety. Poszkodowanej udzielono pomocy, zatamowano krwawienie. Pani by\u0142a bardzo s\u0142aba, uskar\u017ca\u0142a si\u0119 na silny b\u00f3l g\u0142owy i mia\u0142a problemy z mow\u0105. Nie by\u0142a w stanie samodzielnie oddali\u0107 si\u0119 z miejsca. Stra\u017cnicy skontaktowali si\u0119 z zarz\u0105dem cmentarza i umo\u017cliwili m\u0119\u017cczy\u017anie wjazd na teren nekropolii. Poszkodowana zosta\u0142a przewieziona przez m\u0119\u017ca do szpitala. Stra\u017cnicy eskortowali m\u0119\u017cczyzn\u0119 z rann\u0105 \u017con\u0105 w drodze do SOR.<\/span><br \/>\n<span style=\"font-family: georgia, palatino, serif; font-size: 16px;\">&#8211; <strong>Ulica Grabiszy\u0144ska (II brama cmentarza) &#8211;<\/strong> m\u0119\u017cczyzna lat 56, podczas wizyty na cmentarzu, bardzo \u017ale si\u0119 poczu\u0142. Mia\u0142 duszno\u015bci i objawy sugeruj\u0105ce wyst\u0105pienie udaru.<\/span><!--more--><\/p>\n<p style=\"text-align: justify;\"><span style=\"font-family: georgia, palatino, serif; font-size: 16px;\"> \u017bona poszkodowanego podprowadzi\u0142a go do stoj\u0105cego przy bramie cmentarza radiowozu Stra\u017cy Miejskiej, do kt\u00f3rego m\u0119\u017cczyzna wsiad\u0142 z powodu os\u0142abienia. Na miejsce wezwano Pogotowie Ratunkowe. Zesp\u00f3\u0142 Ratownictwa Medycznego po przybyciu na miejsce zadecydowa\u0142 o przewozie m\u0119\u017cczyzny do szpitala.<\/span><br \/>\n<span style=\"font-family: georgia, palatino, serif; font-size: 16px;\">&#8211; <strong>Ulica Kosmonaut\u00f3w<\/strong> &#8211; kieruj\u0105cy pojazdem marki Audi, nie zachowa\u0142 ostro\u017cno\u015bci i najecha\u0142 na wysepk\u0119 rozdzielaj\u0105c\u0105 pasy ruchu. W wyniku zdarzenia uszkodzone zosta\u0142y pod\u015bwietlane pylony z oznakowaniem. Zabezpieczono miejsce. Pogotowie Ratunkowe przewioz\u0142o m\u0119\u017cczyzn\u0119 do szpitala, Stra\u017c Po\u017carna, Pogotowie Energetyczne i Policja drogowa przej\u0119li dalsze czynno\u015bci na miejscu zdarzenia.<\/span><\/p>\n<p>BD<\/p>\n","protected":false},"excerpt":{"rendered":"<p>&#8211; Ulica Grabiszy\u0144ska (cmentarz) \u2013 do funkcjonariuszy z Oddzia\u0142u Patrolowo \u2013 Interwencyjnego przybieg\u0142 m\u0119\u017cczyzna z pro\u015bba o pomoc. Poinformowa\u0142, \u017ce jego \u017cona lat 62 przewr\u00f3ci\u0142a si\u0119 i uderzy\u0142a g\u0142ow\u0105 o nagrobek. Dzwoni\u0142 po Pogotowie, ale dowiedzia\u0142 si\u0119 \u017ce czas przyjazdu to oko\u0142o 3-4 godziny (potwierdzono fakt). Funkcjonariusze natychmiast udali si\u0119 do rannej kobiety. Poszkodowanej udzielono [&hellip;]<\/p>\n","protected":false},"author":7,"featured_media":19769,"comment_status":"closed","ping_status":"closed","sticky":false,"template":"","format":"standard","meta":{"footnotes":""},"categories":[16],"tags":[],"class_list":["post-19768","post","type-post","status-publish","format-standard","has-post-thumbnail","hentry","category-aktual"],"_links":{"self":[{"href":"https:\/\/smwroclaw.pl\/index.php?rest_route=\/wp\/v2\/posts\/19768","targetHints":{"allow":["GET"]}}],"collection":[{"href":"https:\/\/smwroclaw.pl\/index.php?rest_route=\/wp\/v2\/posts"}],"about":[{"href":"https:\/\/smwroclaw.pl\/index.php?rest_route=\/wp\/v2\/types\/post"}],"author":[{"embeddable":true,"href":"https:\/\/smwroclaw.pl\/index.php?rest_route=\/wp\/v2\/users\/7"}],"replies":[{"embeddable":true,"href":"https:\/\/smwroclaw.pl\/index.php?rest_route=%2Fwp%2Fv2%2Fcomments&post=19768"}],"version-history":[{"count":3,"href":"https:\/\/smwroclaw.pl\/index.php?rest_route=\/wp\/v2\/posts\/19768\/revisions"}],"predecessor-version":[{"id":19773,"href":"https:\/\/smwroclaw.pl\/index.php?rest_route=\/wp\/v2\/posts\/19768\/revisions\/19773"}],"wp:featuredmedia":[{"embeddable":true,"href":"https:\/\/smwroclaw.pl\/index.php?rest_route=\/wp\/v2\/media\/19769"}],"wp:attachment":[{"href":"https:\/\/smwroclaw.pl\/index.php?rest_route=%2Fwp%2Fv2%2Fmedia&parent=19768"}],"wp:term":[{"taxonomy":"category","embeddable":true,"href":"https:\/\/smwroclaw.pl\/index.php?rest_route=%2Fwp%2Fv2%2Fcategories&post=19768"},{"taxonomy":"post_tag","embeddable":true,"href":"https:\/\/smwroclaw.pl\/index.php?rest_route=%2Fwp%2Fv2%2Ftags&post=19768"}],"curies":[{"name":"wp","href":"https:\/\/api.w.org\/{rel}","templated":true}]}}