{"id":1983,"date":"2018-06-04T07:53:02","date_gmt":"2018-06-04T05:53:02","guid":{"rendered":"http:\/\/smwroclaw.pl\/?p=1983"},"modified":"2018-06-04T07:55:35","modified_gmt":"2018-06-04T05:55:35","slug":"festiwal-wolnosci-wroclaw-4-5-czerwca-2018-r","status":"publish","type":"post","link":"https:\/\/smwroclaw.pl\/?p=1983","title":{"rendered":"FESTIWAL WOLNO\u015aCI &#8211; WROC\u0141AW 4 &#8211; 5 CZERWCA 2018 r."},"content":{"rendered":"<p style=\"text-align: justify;\"><span style=\"font-family: georgia,palatino,serif; font-size: 12pt;\">W roku obchod\u00f3w 100-lecia odzyskania niepodleg\u0142o\u015bci przez Polsk\u0119 i w kolejn\u0105 rocznic\u0119 wybor\u00f3w 4 czerwca 1989 r. we Wroc\u0142awiu organizowany jest Festiwal Wolno\u015bci, dwudniowe \u015bwi\u0119to z udzia\u0142em wroc\u0142awian i go\u015bci.<\/span><!--more--><\/p>\n<p>&nbsp;<\/p>\n<p>&nbsp;<\/p>\n<p>&nbsp;<\/p>\n<p style=\"text-align: justify;\"><span style=\"font-family: georgia,palatino,serif; font-size: 12pt;\">W ci\u0105gu 100 lat, jaki mijaj\u0105 od odzyskania przez Polsk\u0119 niepodleg\u0142o\u015bci, jedn\u0105 z wa\u017cniejszych dat jest 4 czerwca 1989 roku, dzie\u0144 cz\u0119\u015bciowo wolnych wybor\u00f3w do parlamentu \u2013 m\u00f3wi Rafa\u0142 Dutkiewicz, prezydent Wroc\u0142awia. \u2013 Polska sta\u0142a si\u0119 wolnym krajem.<\/span><\/p>\n<p style=\"text-align: justify;\"><span style=\"font-family: georgia,palatino,serif; font-size: 12pt;\">W rocznic\u0119 tamtego wydarzenia we Wroc\u0142awiu planowany jest dwudniowy Festiwal Wolno\u015bci. Obok oficjalnych uroczysto\u015bci, w programie jest mn\u00f3stwo interesuj\u0105cych spotka\u0144, rozm\u00f3w i wydarze\u0144 o mniej donios\u0142ym charakterze.<\/span><\/p>\n<p style=\"text-align: justify;\"><span style=\"font-family: georgia,palatino,serif; font-size: 12pt;\">Rafa\u0142 Dutkiewicz: &#8211; Zach\u0119cam do wsp\u00f3lnego \u015bwi\u0119towania jednej z wa\u017cniejszych dat w historii Polski. 4 czerwca spotkajmy si\u0119 na wielkim wroc\u0142awskim \u015bniadaniu wolno\u015bci. Na Rynku rozstawimy okr\u0105g\u0142y st\u00f3\u0142, do kt\u00f3rego zapraszamy wszystkich ch\u0119tnych.\u00a0\u00a0 <\/span><\/p>\n<p style=\"text-align: justify;\"><span style=\"font-family: georgia,palatino,serif; font-size: 12pt;\"><strong>( <a href=\"https:\/\/www.wroclaw.pl\/festiwal-wolnosci-wroclaw-4-5-czerwca-program\">https:\/\/www.wroclaw.pl\/festiwal-wolnosci-wroclaw-4-5-czerwca-program<\/a> )<\/strong><br \/>\n<\/span><\/p>\n","protected":false},"excerpt":{"rendered":"<p>W roku obchod\u00f3w 100-lecia odzyskania niepodleg\u0142o\u015bci przez Polsk\u0119 i w kolejn\u0105 rocznic\u0119 wybor\u00f3w 4 czerwca 1989 r. we Wroc\u0142awiu organizowany jest Festiwal Wolno\u015bci, dwudniowe \u015bwi\u0119to z udzia\u0142em wroc\u0142awian i go\u015bci.<\/p>\n","protected":false},"author":4,"featured_media":1985,"comment_status":"closed","ping_status":"closed","sticky":false,"template":"","format":"standard","meta":{"footnotes":""},"categories":[16],"tags":[],"class_list":["post-1983","post","type-post","status-publish","format-standard","has-post-thumbnail","hentry","category-aktual"],"_links":{"self":[{"href":"https:\/\/smwroclaw.pl\/index.php?rest_route=\/wp\/v2\/posts\/1983","targetHints":{"allow":["GET"]}}],"collection":[{"href":"https:\/\/smwroclaw.pl\/index.php?rest_route=\/wp\/v2\/posts"}],"about":[{"href":"https:\/\/smwroclaw.pl\/index.php?rest_route=\/wp\/v2\/types\/post"}],"author":[{"embeddable":true,"href":"https:\/\/smwroclaw.pl\/index.php?rest_route=\/wp\/v2\/users\/4"}],"replies":[{"embeddable":true,"href":"https:\/\/smwroclaw.pl\/index.php?rest_route=%2Fwp%2Fv2%2Fcomments&post=1983"}],"version-history":[{"count":7,"href":"https:\/\/smwroclaw.pl\/index.php?rest_route=\/wp\/v2\/posts\/1983\/revisions"}],"predecessor-version":[{"id":1991,"href":"https:\/\/smwroclaw.pl\/index.php?rest_route=\/wp\/v2\/posts\/1983\/revisions\/1991"}],"wp:featuredmedia":[{"embeddable":true,"href":"https:\/\/smwroclaw.pl\/index.php?rest_route=\/wp\/v2\/media\/1985"}],"wp:attachment":[{"href":"https:\/\/smwroclaw.pl\/index.php?rest_route=%2Fwp%2Fv2%2Fmedia&parent=1983"}],"wp:term":[{"taxonomy":"category","embeddable":true,"href":"https:\/\/smwroclaw.pl\/index.php?rest_route=%2Fwp%2Fv2%2Fcategories&post=1983"},{"taxonomy":"post_tag","embeddable":true,"href":"https:\/\/smwroclaw.pl\/index.php?rest_route=%2Fwp%2Fv2%2Ftags&post=1983"}],"curies":[{"name":"wp","href":"https:\/\/api.w.org\/{rel}","templated":true}]}}