{"id":19915,"date":"2021-11-03T08:36:20","date_gmt":"2021-11-03T07:36:20","guid":{"rendered":"http:\/\/smwroclaw.pl\/?p=19915"},"modified":"2021-11-03T11:19:18","modified_gmt":"2021-11-03T10:19:18","slug":"straznik-z-sercem-na-dlon","status":"publish","type":"post","link":"https:\/\/smwroclaw.pl\/?p=19915","title":{"rendered":"STRA\u017bNIK Z SERCEM NA D\u0141ONI"},"content":{"rendered":"<p style=\"text-align: justify;\"><span class=\"tojvnm2t a6sixzi8 abs2jz4q a8s20v7p t1p8iaqh k5wvi7nf q3lfd5jv pk4s997a bipmatt0 cebpdrjk qowsmv63 owwhemhu dp1hu0rb dhp61c6y iyyx5f41\" style=\"font-size: 16px; font-family: georgia, palatino, serif;\"><strong>Praca stra\u017cnika<\/strong> to<strong> nie tylko wystawianie mandat\u00f3w<\/strong>, to przede wszystkim wra\u017cliwo\u015b\u0107 na los drugiego cz\u0142owieka. Po raz kolejny <strong>nasz funkcjonariusz<\/strong> wykaza\u0142 si\u0119 inicjatyw\u0105, zorganizowa\u0142 zbi\u00f3rk\u0119 i przekaza\u0142 dary dla os\u00f3b potrzebuj\u0105cych <strong>do Caritas Archidiecezji Wroc\u0142awskiej.<\/strong> Przypominamy, \u017ce w naszym mie\u015bcie dzia\u0142a kilkana\u015bcie plac\u00f3wek: noclegowni, \u0142a\u017ani i punkt\u00f3w wydaj\u0105cych odzie\u017c dla os\u00f3b b\u0119d\u0105cych w kryzysie bezdomno\u015bci. <\/span><\/p>\n<p style=\"text-align: justify;\"><span style=\"font-size: 16px; font-family: georgia, palatino, serif;\"><!--more--><\/span><\/p>\n<p style=\"text-align: justify;\"><span class=\"tojvnm2t a6sixzi8 abs2jz4q a8s20v7p t1p8iaqh k5wvi7nf q3lfd5jv pk4s997a bipmatt0 cebpdrjk qowsmv63 owwhemhu dp1hu0rb dhp61c6y iyyx5f41\" style=\"font-size: 16px; font-family: georgia, palatino, serif;\">Na ulice <strong>Wroc\u0142awia<\/strong> wyjecha\u0142 r\u00f3wnie\u017c <strong>STREETBUS<\/strong> \u2013 autobus, na kt\u00f3rego pok\u0142adzie mo\u017cna si\u0119 ogrza\u0107 i zje\u015b\u0107 ciep\u0142y posi\u0142ek. Autobus b\u0119dzie kursowa\u0142 a\u017c do kwietnia, 7 dni w tygodniu, od godziny 20:00 do 23:30, rozpoczynaj\u0105c tras\u0119 od ulicy Sieradzkiej. Odwiedzi r\u00f3wnie\u017c przystanek \u201eBzowa\u201d w pobli\u017cu Centrum Historii Zajezdnia i \u201eKatedra\u201d przy ul. Wyszy\u0144skiego. Dodatkowe przystanki \u201ena \u017c\u0105danie\u201d s\u0105 na al. Hallera, pod FAT, na pl. Orl\u0105t Lwowskich, pod Galeri\u0105 Dominika\u0144sk\u0105 i przy ul. Pu\u0142askiego (przystanek \u201eKo\u015bciuszki\u201d). <\/span><\/p>\n<p style=\"text-align: justify;\"><span class=\"tojvnm2t a6sixzi8 abs2jz4q a8s20v7p t1p8iaqh k5wvi7nf q3lfd5jv pk4s997a bipmatt0 cebpdrjk qowsmv63 owwhemhu dp1hu0rb dhp61c6y iyyx5f41\" style=\"font-size: 16px; font-family: georgia, palatino, serif;\">Dok\u0142adn\u0105 tras\u0119 i rozk\u0142ad znajdziecie na zdj\u0119ciu poni\u017cej. <\/span><\/p>\n<p style=\"text-align: justify;\"><span class=\"tojvnm2t a6sixzi8 abs2jz4q a8s20v7p t1p8iaqh k5wvi7nf q3lfd5jv pk4s997a bipmatt0 cebpdrjk qowsmv63 owwhemhu dp1hu0rb dhp61c6y iyyx5f41\" style=\"font-size: 16px; font-family: georgia, palatino, serif;\">W tych miejscach mo\u017cna uzyska\u0107 pomoc: <span role=\"gridcell\"><a class=\"oajrlxb2 g5ia77u1 qu0x051f esr5mh6w e9989ue4 r7d6kgcz rq0escxv nhd2j8a9 nc684nl6 p7hjln8o kvgmc6g5 cxmmr5t8 oygrvhab hcukyx3x jb3vyjys rz4wbd8a qt6c0cv9 a8nywdso i1ao9s8h oo483o9r f1sip0of lzcic4wl oo9gr5id gpro0wi8\" tabindex=\"-1\" role=\"link\" href=\"https:\/\/www.wroclaw.pl\/rozmawia\/gdzie-bezdomni-znajda-pomoc-we-wroclawiu?fbclid=IwAR0zVTtgNEvXKVQLn3V1g65goHttC8PymIRsVUHt-AEXqAcOFESYlCRSdsE\" target=\"_blank\" rel=\"nofollow noopener noreferrer\">https:\/\/www.wroclaw.pl\/rozmawia\/gdzie-bezdomni-znajda-pomoc-we-wroclawiu<\/a><\/span><\/span><\/p>\n<p><img fetchpriority=\"high\" decoding=\"async\" class=\" wp-image-19795 aligncenter\" src=\"https:\/\/smwroclaw.pl\/wp-content\/uploads\/2021\/10\/osby-bedace-w-kryzysie-bezdomnosci-300x251.jpg\" alt=\"\" width=\"651\" height=\"545\" srcset=\"https:\/\/smwroclaw.pl\/wp-content\/uploads\/2021\/10\/osby-bedace-w-kryzysie-bezdomnosci-300x251.jpg 300w, https:\/\/smwroclaw.pl\/wp-content\/uploads\/2021\/10\/osby-bedace-w-kryzysie-bezdomnosci-768x644.jpg 768w, https:\/\/smwroclaw.pl\/wp-content\/uploads\/2021\/10\/osby-bedace-w-kryzysie-bezdomnosci.jpg 940w\" sizes=\"(max-width: 651px) 100vw, 651px\" \/><\/p>\n","protected":false},"excerpt":{"rendered":"<p>Praca stra\u017cnika to nie tylko wystawianie mandat\u00f3w, to przede wszystkim wra\u017cliwo\u015b\u0107 na los drugiego cz\u0142owieka. Po raz kolejny nasz funkcjonariusz wykaza\u0142 si\u0119 inicjatyw\u0105, zorganizowa\u0142 zbi\u00f3rk\u0119 i przekaza\u0142 dary dla os\u00f3b potrzebuj\u0105cych do Caritas Archidiecezji Wroc\u0142awskiej. Przypominamy, \u017ce w naszym mie\u015bcie dzia\u0142a kilkana\u015bcie plac\u00f3wek: noclegowni, \u0142a\u017ani i punkt\u00f3w wydaj\u0105cych odzie\u017c dla os\u00f3b b\u0119d\u0105cych w kryzysie bezdomno\u015bci.<\/p>\n","protected":false},"author":12,"featured_media":19796,"comment_status":"closed","ping_status":"closed","sticky":false,"template":"","format":"standard","meta":{"footnotes":""},"categories":[16],"tags":[],"class_list":["post-19915","post","type-post","status-publish","format-standard","has-post-thumbnail","hentry","category-aktual"],"_links":{"self":[{"href":"https:\/\/smwroclaw.pl\/index.php?rest_route=\/wp\/v2\/posts\/19915","targetHints":{"allow":["GET"]}}],"collection":[{"href":"https:\/\/smwroclaw.pl\/index.php?rest_route=\/wp\/v2\/posts"}],"about":[{"href":"https:\/\/smwroclaw.pl\/index.php?rest_route=\/wp\/v2\/types\/post"}],"author":[{"embeddable":true,"href":"https:\/\/smwroclaw.pl\/index.php?rest_route=\/wp\/v2\/users\/12"}],"replies":[{"embeddable":true,"href":"https:\/\/smwroclaw.pl\/index.php?rest_route=%2Fwp%2Fv2%2Fcomments&post=19915"}],"version-history":[{"count":5,"href":"https:\/\/smwroclaw.pl\/index.php?rest_route=\/wp\/v2\/posts\/19915\/revisions"}],"predecessor-version":[{"id":19942,"href":"https:\/\/smwroclaw.pl\/index.php?rest_route=\/wp\/v2\/posts\/19915\/revisions\/19942"}],"wp:featuredmedia":[{"embeddable":true,"href":"https:\/\/smwroclaw.pl\/index.php?rest_route=\/wp\/v2\/media\/19796"}],"wp:attachment":[{"href":"https:\/\/smwroclaw.pl\/index.php?rest_route=%2Fwp%2Fv2%2Fmedia&parent=19915"}],"wp:term":[{"taxonomy":"category","embeddable":true,"href":"https:\/\/smwroclaw.pl\/index.php?rest_route=%2Fwp%2Fv2%2Fcategories&post=19915"},{"taxonomy":"post_tag","embeddable":true,"href":"https:\/\/smwroclaw.pl\/index.php?rest_route=%2Fwp%2Fv2%2Ftags&post=19915"}],"curies":[{"name":"wp","href":"https:\/\/api.w.org\/{rel}","templated":true}]}}