{"id":1995,"date":"2018-06-04T13:45:24","date_gmt":"2018-06-04T11:45:24","guid":{"rendered":"http:\/\/smwroclaw.pl\/?p=1995"},"modified":"2018-06-05T07:43:53","modified_gmt":"2018-06-05T05:43:53","slug":"wycieczka-edukacyjna-z-okazji-dnia-dziecka","status":"publish","type":"post","link":"https:\/\/smwroclaw.pl\/?p=1995","title":{"rendered":"WYCIECZKA EDUKACYJNA Z OKAZJI DNIA DZIECKA (zdj\u0119cia)"},"content":{"rendered":"<p style=\"text-align: justify;\"><span style=\"font-family: georgia,palatino,serif; font-size: 12pt;\"><strong>1 czerwca<\/strong> to wa\u017cny dzie\u0144 dla wszystkich dzieci. S<strong>t. insp. Pawe\u0142 Gr\u0105bczewski i\u00a0 insp. Robert Paluch <\/strong>zorganizowali wycieczk\u0119 edukacyjn\u0105 dla dzieci w wieku 10 \u2013 15 lat. Zwiedzanie rozpocz\u0119li\u015bmy <strong>w Rynku<\/strong> poznaj\u0105c jego histori\u0119\u00a0 oraz znajduj\u0105ce si\u0119 tam zabytkowe budowle. Pi\u0119knymi uliczkami przeszli\u015bmy do budynku<strong> Uniwersytetu Wroc\u0142awskiego<\/strong> usytuowanego nad brzegiem Odry. <!--more--><\/span><\/p>\n<p style=\"text-align: justify;\"><span style=\"font-family: georgia,palatino,serif; font-size: 12pt;\">W barokowym budynku\u00a0 gmachu projektu\u00a0 <strong>Christopha Tauscha<\/strong>, w kt\u00f3rym odbywaj\u0105 si\u0119 zaj\u0119cia dla student\u00f3w mie\u015bci si\u0119 tak\u017ce muzeum. <strong>W Oratorium Muzycznym<\/strong> uczestnicy wycieczki wys\u0142uchali opowie\u015bci o historii tego pi\u0119knego miejsca oraz s\u0142awnych ludziach, kt\u00f3rzy w nim grali. Zwiedzaj\u0105cy byli r\u00f3wnie\u017c pod wielkim wra\u017ceniem\u00a0 bogatego barokowego wystroju <strong>Auli Leopoldina<\/strong>. Wej\u015bcie na <strong>Wie\u017c\u0119 Matematyczn\u0105<\/strong> i podziwianie pi\u0119knych widok\u00f3w zako\u0144czy\u0142o niesamowit\u0105 przygod\u0119 w tym szczeg\u00f3lnym dniu.<\/span><\/p>\n<p>&nbsp;<\/p>\n<p>&nbsp;<\/p>\n<p>SN<\/p>\n<p>&nbsp;<\/p>\n<p>&nbsp;<\/p>\n","protected":false},"excerpt":{"rendered":"<p>1 czerwca to wa\u017cny dzie\u0144 dla wszystkich dzieci. St. insp. Pawe\u0142 Gr\u0105bczewski i\u00a0 insp. Robert Paluch zorganizowali wycieczk\u0119 edukacyjn\u0105 dla dzieci w wieku 10 \u2013 15 lat. Zwiedzanie rozpocz\u0119li\u015bmy w Rynku poznaj\u0105c jego histori\u0119\u00a0 oraz znajduj\u0105ce si\u0119 tam zabytkowe budowle. Pi\u0119knymi uliczkami przeszli\u015bmy do budynku Uniwersytetu Wroc\u0142awskiego usytuowanego nad brzegiem Odry.<\/p>\n","protected":false},"author":3,"featured_media":1998,"comment_status":"closed","ping_status":"closed","sticky":false,"template":"","format":"standard","meta":{"footnotes":""},"categories":[16,33],"tags":[],"class_list":["post-1995","post","type-post","status-publish","format-standard","has-post-thumbnail","hentry","category-aktual","category-prew"],"_links":{"self":[{"href":"https:\/\/smwroclaw.pl\/index.php?rest_route=\/wp\/v2\/posts\/1995","targetHints":{"allow":["GET"]}}],"collection":[{"href":"https:\/\/smwroclaw.pl\/index.php?rest_route=\/wp\/v2\/posts"}],"about":[{"href":"https:\/\/smwroclaw.pl\/index.php?rest_route=\/wp\/v2\/types\/post"}],"author":[{"embeddable":true,"href":"https:\/\/smwroclaw.pl\/index.php?rest_route=\/wp\/v2\/users\/3"}],"replies":[{"embeddable":true,"href":"https:\/\/smwroclaw.pl\/index.php?rest_route=%2Fwp%2Fv2%2Fcomments&post=1995"}],"version-history":[{"count":16,"href":"https:\/\/smwroclaw.pl\/index.php?rest_route=\/wp\/v2\/posts\/1995\/revisions"}],"predecessor-version":[{"id":2043,"href":"https:\/\/smwroclaw.pl\/index.php?rest_route=\/wp\/v2\/posts\/1995\/revisions\/2043"}],"wp:featuredmedia":[{"embeddable":true,"href":"https:\/\/smwroclaw.pl\/index.php?rest_route=\/wp\/v2\/media\/1998"}],"wp:attachment":[{"href":"https:\/\/smwroclaw.pl\/index.php?rest_route=%2Fwp%2Fv2%2Fmedia&parent=1995"}],"wp:term":[{"taxonomy":"category","embeddable":true,"href":"https:\/\/smwroclaw.pl\/index.php?rest_route=%2Fwp%2Fv2%2Fcategories&post=1995"},{"taxonomy":"post_tag","embeddable":true,"href":"https:\/\/smwroclaw.pl\/index.php?rest_route=%2Fwp%2Fv2%2Ftags&post=1995"}],"curies":[{"name":"wp","href":"https:\/\/api.w.org\/{rel}","templated":true}]}}