{"id":20002,"date":"2021-11-04T13:18:50","date_gmt":"2021-11-04T12:18:50","guid":{"rendered":"http:\/\/smwroclaw.pl\/?p=20002"},"modified":"2021-11-04T14:11:55","modified_gmt":"2021-11-04T13:11:55","slug":"wroclawskie-dorozki-kontrola-stanu-zdrowia-koni-pracujacych-rynku","status":"publish","type":"post","link":"https:\/\/smwroclaw.pl\/?p=20002","title":{"rendered":"WROC\u0141AWSKIE DORO\u017bKI \u2013 kontrola stanu zdrowia koni pracuj\u0105cych w Rynku"},"content":{"rendered":"<p style=\"text-align: justify;\"><span style=\"font-family: georgia, palatino, serif; font-size: 16px;\">Dobro koni jest nam szczeg\u00f3lnie bliskie. W szeregach Stra\u017cy Miejskiej Wroc\u0142awia od 25 lat s\u0142u\u017c\u0105 czterokopytni funkcjonariusze. Wiemy w jaki spos\u00f3b \u015bpi\u0105, kiedy s\u0105 g\u0142odne, kiedy zadowolone i kiedy co\u015b im dolega. Kierownik Referatu Patroli Konnych to jednocze\u015bnie lekarz weterynarii od lat pracuj\u0105cy z tymi zwierz\u0119tami. D\u0142ugo si\u0119 nie zastanawiali\u015bmy, gdy do naszej jednostki dotar\u0142y sygna\u0142y o z\u0142ym stanie jednego z koni przy bryczce w Rynku. Zdaniem zg\u0142aszaj\u0105cego, by\u0142o to zwierz\u0119 \u201ezm\u0119czone, ledwo \u017cywe, z opuszczonym \u0142bem\u201d. Kierownik Referatu Patroli Konnych i p.o. zast\u0119pcy kierownika Animal Patrolu niezw\u0142ocznie udali si\u0119 na miejsce. W okolicy Rynku nie by\u0142o \u017cadnej doro\u017cki, dlatego sprawdzono zapis z monitoringu z kilku ostatnich dni. Na tej podstawie uda\u0142o si\u0119 ustali\u0107, \u017ce ko\u0144, kt\u00f3rego sprawa dotyczy pracuje w Rynku najcz\u0119\u015bciej w godzinach popo\u0142udniowych i wieczornych. Na nagraniach widoczne by\u0142o r\u00f3wnie\u017c zachowanie i wygl\u0105d zwierz\u0119cia, kt\u00f3re nie budzi\u0142y \u017cadnych zastrze\u017ce\u0144.<\/span><!--more--><\/p>\n<p style=\"text-align: justify;\"><span style=\"font-family: georgia, palatino, serif; font-size: 16px;\"> Ustalono kto jest w\u0142a\u015bcicielem konia i miejsce w kt\u00f3rym trzyma swoje zwierz\u0119ta. Nasi funkcjonariusze udali si\u0119 pod wskazany adres, aby potwierdzi\u0107 swoje obserwacje i sprawdzi\u0107 w jakich warunkach przebywaj\u0105 konie. Na terenie posesji znajdowa\u0142y si\u0119 trzy zwierz\u0119ta: dwa wa\u0142achy Poldek i Skalny (7 i 8 lat) oraz klacz o imieniu Halina. Wszystkie konie by\u0142y w bardzo dobrej kondycji, dobrze od\u017cywione z l\u015bni\u0105c\u0105 sier\u015bci\u0105, ufne i ciekawskie. Korzystaj\u0105 z wybiegu oraz stajni, maj\u0105 sta\u0142y dost\u0119p do wody i siana. Stan ich zdrowia, jak te\u017c warunki w jakich s\u0105 trzymane nie budz\u0105 zastrze\u017ce\u0144.<\/span><br \/>\n<span style=\"font-family: georgia, palatino, serif; font-size: 16px;\"><strong>Przypominamy, \u017ce ko\u0144, kt\u00f3ry ma opuszczon\u0105 g\u0142ow\u0119 i ugi\u0119t\u0105 jedn\u0105 z tylnych n\u00f3g z regu\u0142y odpoczywa. Tak. Konie mog\u0105 spa\u0107 na stoj\u0105co i wykorzystuj\u0105 to np. wtedy, kiedy s\u0105 znudzone.\u00a0<\/strong> <\/span><\/p>\n\n\t\t<style type=\"text\/css\">\n\t\t\t#gallery-1 {\n\t\t\t\tmargin: auto;\n\t\t\t}\n\t\t\t#gallery-1 .gallery-item {\n\t\t\t\tfloat: left;\n\t\t\t\tmargin-top: 10px;\n\t\t\t\ttext-align: center;\n\t\t\t\twidth: 33%;\n\t\t\t}\n\t\t\t#gallery-1 img {\n\t\t\t\tborder: 2px solid #cfcfcf;\n\t\t\t}\n\t\t\t#gallery-1 .gallery-caption {\n\t\t\t\tmargin-left: 0;\n\t\t\t}\n\t\t\t\/* see gallery_shortcode() in wp-includes\/media.php *\/\n\t\t<\/style>\n\t\t<div id='gallery-1' class='gallery galleryid-20002 gallery-columns-3 gallery-size-thumbnail'><dl class='gallery-item'>\n\t\t\t<dt class='gallery-icon portrait'>\n\t\t\t\t<a href='https:\/\/smwroclaw.pl\/?attachment_id=20010'><img fetchpriority=\"high\" decoding=\"async\" width=\"360\" height=\"260\" src=\"https:\/\/smwroclaw.pl\/wp-content\/uploads\/2021\/11\/20211028_134748-360x260.jpg\" class=\"attachment-thumbnail size-thumbnail\" alt=\"\" \/><\/a>\n\t\t\t<\/dt><\/dl><dl class='gallery-item'>\n\t\t\t<dt class='gallery-icon landscape'>\n\t\t\t\t<a href='https:\/\/smwroclaw.pl\/?attachment_id=20009'><img decoding=\"async\" width=\"360\" height=\"260\" src=\"https:\/\/smwroclaw.pl\/wp-content\/uploads\/2021\/11\/20211028_134706-360x260.jpg\" class=\"attachment-thumbnail size-thumbnail\" alt=\"\" \/><\/a>\n\t\t\t<\/dt><\/dl><dl class='gallery-item'>\n\t\t\t<dt class='gallery-icon portrait'>\n\t\t\t\t<a href='https:\/\/smwroclaw.pl\/?attachment_id=20008'><img decoding=\"async\" width=\"360\" height=\"260\" src=\"https:\/\/smwroclaw.pl\/wp-content\/uploads\/2021\/11\/20211028_134651-360x260.jpg\" class=\"attachment-thumbnail size-thumbnail\" alt=\"\" \/><\/a>\n\t\t\t<\/dt><\/dl><br style=\"clear: both\" \/><dl class='gallery-item'>\n\t\t\t<dt class='gallery-icon portrait'>\n\t\t\t\t<a href='https:\/\/smwroclaw.pl\/?attachment_id=20005'><img loading=\"lazy\" decoding=\"async\" width=\"360\" height=\"260\" src=\"https:\/\/smwroclaw.pl\/wp-content\/uploads\/2021\/11\/5-4-360x260.jpg\" class=\"attachment-thumbnail size-thumbnail\" alt=\"\" \/><\/a>\n\t\t\t<\/dt><\/dl><dl class='gallery-item'>\n\t\t\t<dt class='gallery-icon portrait'>\n\t\t\t\t<a href='https:\/\/smwroclaw.pl\/?attachment_id=20007'><img loading=\"lazy\" decoding=\"async\" width=\"360\" height=\"260\" src=\"https:\/\/smwroclaw.pl\/wp-content\/uploads\/2021\/11\/20211028_134646-360x260.jpg\" class=\"attachment-thumbnail size-thumbnail\" alt=\"\" \/><\/a>\n\t\t\t<\/dt><\/dl><dl class='gallery-item'>\n\t\t\t<dt class='gallery-icon portrait'>\n\t\t\t\t<a href='https:\/\/smwroclaw.pl\/?attachment_id=20011'><img loading=\"lazy\" decoding=\"async\" width=\"360\" height=\"260\" src=\"https:\/\/smwroclaw.pl\/wp-content\/uploads\/2021\/11\/20211028_135043-360x260.jpg\" class=\"attachment-thumbnail size-thumbnail\" alt=\"\" \/><\/a>\n\t\t\t<\/dt><\/dl><br style=\"clear: both\" \/><dl class='gallery-item'>\n\t\t\t<dt class='gallery-icon portrait'>\n\t\t\t\t<a href='https:\/\/smwroclaw.pl\/?attachment_id=20006'><img loading=\"lazy\" decoding=\"async\" width=\"360\" height=\"260\" src=\"https:\/\/smwroclaw.pl\/wp-content\/uploads\/2021\/11\/6-3-360x260.jpg\" class=\"attachment-thumbnail size-thumbnail\" alt=\"\" \/><\/a>\n\t\t\t<\/dt><\/dl><dl class='gallery-item'>\n\t\t\t<dt class='gallery-icon portrait'>\n\t\t\t\t<a href='https:\/\/smwroclaw.pl\/?attachment_id=20012'><img loading=\"lazy\" decoding=\"async\" width=\"360\" height=\"260\" src=\"https:\/\/smwroclaw.pl\/wp-content\/uploads\/2021\/11\/20211028_135201-360x260.jpg\" class=\"attachment-thumbnail size-thumbnail\" alt=\"\" \/><\/a>\n\t\t\t<\/dt><\/dl><dl class='gallery-item'>\n\t\t\t<dt class='gallery-icon landscape'>\n\t\t\t\t<a href='https:\/\/smwroclaw.pl\/?attachment_id=20004'><img loading=\"lazy\" decoding=\"async\" width=\"360\" height=\"260\" src=\"https:\/\/smwroclaw.pl\/wp-content\/uploads\/2021\/11\/3-4-360x260.jpg\" class=\"attachment-thumbnail size-thumbnail\" alt=\"\" \/><\/a>\n\t\t\t<\/dt><\/dl><br style=\"clear: both\" \/>\n\t\t<\/div>\n\n<p>BD<\/p>\n","protected":false},"excerpt":{"rendered":"<p>Dobro koni jest nam szczeg\u00f3lnie bliskie. W szeregach Stra\u017cy Miejskiej Wroc\u0142awia od 25 lat s\u0142u\u017c\u0105 czterokopytni funkcjonariusze. Wiemy w jaki spos\u00f3b \u015bpi\u0105, kiedy s\u0105 g\u0142odne, kiedy zadowolone i kiedy co\u015b im dolega. Kierownik Referatu Patroli Konnych to jednocze\u015bnie lekarz weterynarii od lat pracuj\u0105cy z tymi zwierz\u0119tami. D\u0142ugo si\u0119 nie zastanawiali\u015bmy, gdy do naszej jednostki dotar\u0142y [&hellip;]<\/p>\n","protected":false},"author":7,"featured_media":20003,"comment_status":"closed","ping_status":"closed","sticky":false,"template":"","format":"standard","meta":{"footnotes":""},"categories":[16],"tags":[],"class_list":["post-20002","post","type-post","status-publish","format-standard","has-post-thumbnail","hentry","category-aktual"],"_links":{"self":[{"href":"https:\/\/smwroclaw.pl\/index.php?rest_route=\/wp\/v2\/posts\/20002","targetHints":{"allow":["GET"]}}],"collection":[{"href":"https:\/\/smwroclaw.pl\/index.php?rest_route=\/wp\/v2\/posts"}],"about":[{"href":"https:\/\/smwroclaw.pl\/index.php?rest_route=\/wp\/v2\/types\/post"}],"author":[{"embeddable":true,"href":"https:\/\/smwroclaw.pl\/index.php?rest_route=\/wp\/v2\/users\/7"}],"replies":[{"embeddable":true,"href":"https:\/\/smwroclaw.pl\/index.php?rest_route=%2Fwp%2Fv2%2Fcomments&post=20002"}],"version-history":[{"count":4,"href":"https:\/\/smwroclaw.pl\/index.php?rest_route=\/wp\/v2\/posts\/20002\/revisions"}],"predecessor-version":[{"id":20017,"href":"https:\/\/smwroclaw.pl\/index.php?rest_route=\/wp\/v2\/posts\/20002\/revisions\/20017"}],"wp:featuredmedia":[{"embeddable":true,"href":"https:\/\/smwroclaw.pl\/index.php?rest_route=\/wp\/v2\/media\/20003"}],"wp:attachment":[{"href":"https:\/\/smwroclaw.pl\/index.php?rest_route=%2Fwp%2Fv2%2Fmedia&parent=20002"}],"wp:term":[{"taxonomy":"category","embeddable":true,"href":"https:\/\/smwroclaw.pl\/index.php?rest_route=%2Fwp%2Fv2%2Fcategories&post=20002"},{"taxonomy":"post_tag","embeddable":true,"href":"https:\/\/smwroclaw.pl\/index.php?rest_route=%2Fwp%2Fv2%2Ftags&post=20002"}],"curies":[{"name":"wp","href":"https:\/\/api.w.org\/{rel}","templated":true}]}}