{"id":20138,"date":"2021-11-10T13:50:14","date_gmt":"2021-11-10T12:50:14","guid":{"rendered":"http:\/\/smwroclaw.pl\/?p=20138"},"modified":"2021-11-10T20:37:27","modified_gmt":"2021-11-10T19:37:27","slug":"liscie-leca-z-drzew-co-warto-wiedziec","status":"publish","type":"post","link":"https:\/\/smwroclaw.pl\/?p=20138","title":{"rendered":"LI\u015aCIE LEC\u0104 Z DRZEW &#8211; CO WARTO WIEDZIE\u0106"},"content":{"rendered":"<p style=\"text-align: justify;\"><span class=\"tojvnm2t a6sixzi8 abs2jz4q a8s20v7p t1p8iaqh k5wvi7nf q3lfd5jv pk4s997a bipmatt0 cebpdrjk qowsmv63 owwhemhu dp1hu0rb dhp61c6y iyyx5f41\" style=\"font-size: 16px; font-family: georgia, palatino, serif;\"><strong>Jak co roku<\/strong>, wraz z jesieni\u0105 <strong>na wroc\u0142awskich<\/strong> drogach, <strong>chodnikach<\/strong> i trawnikach <strong>pojawi\u0142y si\u0119 li\u015bcie.<\/strong> I o ile opad\u0142e li\u015bcie s\u0105 naturalnym nawozem organicznym oraz stanowi\u0105 schronienie dla wielu zwierz\u0105t np. je\u017cy, to <strong>s\u0105 r\u00f3wnie\u017c zagro\u017ceniem<\/strong> i powoduj\u0105 <strong>utrudnienie dla pieszych i rowerzyst\u00f3w.<\/strong> <\/span><\/p>\n<p><!--more--><\/p>\n<p style=\"text-align: justify;\"><strong><span class=\"tojvnm2t a6sixzi8 abs2jz4q a8s20v7p t1p8iaqh k5wvi7nf q3lfd5jv pk4s997a bipmatt0 cebpdrjk qowsmv63 owwhemhu dp1hu0rb dhp61c6y iyyx5f41\" style=\"font-size: 16px; font-family: georgia, palatino, serif;\">Najwa\u017cniejsze informacje: <\/span><\/strong><\/p>\n<p style=\"text-align: justify;\"><span class=\"tojvnm2t a6sixzi8 abs2jz4q a8s20v7p t1p8iaqh k5wvi7nf q3lfd5jv pk4s997a bipmatt0 cebpdrjk qowsmv63 owwhemhu dp1hu0rb dhp61c6y iyyx5f41\" style=\"font-size: 16px; font-family: georgia, palatino, serif;\">&#8211; w sezonie jesienno \u2013 zimowym w ramach prac zleconych usuwaniem li\u015bci z teren\u00f3w obj\u0119tych ca\u0142orocznym utrzymaniem czysto\u015bci i porz\u0105dku w gminie zajmuje si\u0119<strong> Sp\u00f3\u0142ka Ekosystem.<\/strong> Chodzi tutaj o chodniki, ci\u0105gi pieszo \u2013 rowerowe oraz przystanki komunikacji zbiorowej; <\/span><\/p>\n<p style=\"text-align: justify;\"><span class=\"tojvnm2t a6sixzi8 abs2jz4q a8s20v7p t1p8iaqh k5wvi7nf q3lfd5jv pk4s997a bipmatt0 cebpdrjk qowsmv63 owwhemhu dp1hu0rb dhp61c6y iyyx5f41\" style=\"font-size: 16px; font-family: georgia, palatino, serif;\">&#8211; sprz\u0105taniem \u015bcie\u017cek w parkach i skwerach zajmuje si\u0119 <strong>Zarz\u0105d Zieleni Miejskiej;<\/strong> <\/span><\/p>\n<p style=\"text-align: justify;\"><span class=\"tojvnm2t a6sixzi8 abs2jz4q a8s20v7p t1p8iaqh k5wvi7nf q3lfd5jv pk4s997a bipmatt0 cebpdrjk qowsmv63 owwhemhu dp1hu0rb dhp61c6y iyyx5f41\" style=\"font-size: 16px; font-family: georgia, palatino, serif;\">&#8211; je\u017celi chodzi o utrzymanie czysto\u015bci na ci\u0105gach komunikacyjnych po\u0142o\u017conych na cz\u0119\u015bciach <strong>nieruchomo\u015bci s\u0142u\u017c\u0105cych do u\u017cytku publicznego<\/strong>, szczeg\u00f3lnie dr\u00f3g i chodnik\u00f3w tutaj <strong>odpowiada w\u0142a\u015bciciel nieruchomo\u015bci.<\/strong> Je\u015bli b\u0119dzie si\u0119 uchyla\u0107 od tego obowi\u0105zku, mo\u017ce zosta\u0107 ukarany mandatem lub b\u0119dzie sporz\u0105dzony wniosek do s\u0105du. W\u0142a\u015bciciel nieruchomo\u015bci ponosi r\u00f3wnie\u017c odpowiedzialno\u015b\u0107 cywiln\u0105, mamy tutaj na my\u015bli sytuacj\u0119, w kt\u00f3rej pieszy po\u015blizgn\u0105\u0142 si\u0119 na li\u015bciach, upad\u0142 i dozna\u0142 uszczerbku na zdrowiu \u2013 wtedy osoba poszkodowana mo\u017ce domaga\u0107 si\u0119 odszkodowania na zasadach okre\u015blonych obowi\u0105zuj\u0105cymi przepisami prawa. Zatem skutki mog\u0105 by\u0107 du\u017co dotkliwsze ni\u017c sama grzywna.<\/span><\/p>\n<p>&nbsp;<\/p>\n<p><img fetchpriority=\"high\" decoding=\"async\" class=\" wp-image-20139 aligncenter\" src=\"https:\/\/smwroclaw.pl\/wp-content\/uploads\/2021\/11\/TAK-NIE-PARKUJEMY-FB5-300x251.jpg\" alt=\"\" width=\"463\" height=\"387\" \/><\/p>\n<p>&nbsp;<\/p>\n<p>&nbsp;<\/p>\n<p><span style=\"font-size: 16px; font-family: georgia, palatino, serif;\">KB<\/span><\/p>\n<p>&nbsp;<\/p>\n<p>&nbsp;<\/p>\n<p>&nbsp;<\/p>\n<p>&nbsp;<\/p>\n<p>&nbsp;<\/p>\n<p>&nbsp;<\/p>\n<p>&nbsp;<\/p>\n<p>&nbsp;<\/p>\n<p>&nbsp;<\/p>\n<p>&nbsp;<\/p>\n<p>&nbsp;<\/p>\n<p>&nbsp;<\/p>\n<p>&nbsp;<\/p>\n<p>&nbsp;<\/p>\n<p>&nbsp;<\/p>\n<p>&nbsp;<\/p>\n<p>&nbsp;<\/p>\n","protected":false},"excerpt":{"rendered":"<p>Jak co roku, wraz z jesieni\u0105 na wroc\u0142awskich drogach, chodnikach i trawnikach pojawi\u0142y si\u0119 li\u015bcie. I o ile opad\u0142e li\u015bcie s\u0105 naturalnym nawozem organicznym oraz stanowi\u0105 schronienie dla wielu zwierz\u0105t np. je\u017cy, to s\u0105 r\u00f3wnie\u017c zagro\u017ceniem i powoduj\u0105 utrudnienie dla pieszych i rowerzyst\u00f3w.<\/p>\n","protected":false},"author":12,"featured_media":20136,"comment_status":"closed","ping_status":"closed","sticky":false,"template":"","format":"standard","meta":{"footnotes":""},"categories":[16],"tags":[],"class_list":["post-20138","post","type-post","status-publish","format-standard","has-post-thumbnail","hentry","category-aktual"],"_links":{"self":[{"href":"https:\/\/smwroclaw.pl\/index.php?rest_route=\/wp\/v2\/posts\/20138","targetHints":{"allow":["GET"]}}],"collection":[{"href":"https:\/\/smwroclaw.pl\/index.php?rest_route=\/wp\/v2\/posts"}],"about":[{"href":"https:\/\/smwroclaw.pl\/index.php?rest_route=\/wp\/v2\/types\/post"}],"author":[{"embeddable":true,"href":"https:\/\/smwroclaw.pl\/index.php?rest_route=\/wp\/v2\/users\/12"}],"replies":[{"embeddable":true,"href":"https:\/\/smwroclaw.pl\/index.php?rest_route=%2Fwp%2Fv2%2Fcomments&post=20138"}],"version-history":[{"count":2,"href":"https:\/\/smwroclaw.pl\/index.php?rest_route=\/wp\/v2\/posts\/20138\/revisions"}],"predecessor-version":[{"id":20141,"href":"https:\/\/smwroclaw.pl\/index.php?rest_route=\/wp\/v2\/posts\/20138\/revisions\/20141"}],"wp:featuredmedia":[{"embeddable":true,"href":"https:\/\/smwroclaw.pl\/index.php?rest_route=\/wp\/v2\/media\/20136"}],"wp:attachment":[{"href":"https:\/\/smwroclaw.pl\/index.php?rest_route=%2Fwp%2Fv2%2Fmedia&parent=20138"}],"wp:term":[{"taxonomy":"category","embeddable":true,"href":"https:\/\/smwroclaw.pl\/index.php?rest_route=%2Fwp%2Fv2%2Fcategories&post=20138"},{"taxonomy":"post_tag","embeddable":true,"href":"https:\/\/smwroclaw.pl\/index.php?rest_route=%2Fwp%2Fv2%2Ftags&post=20138"}],"curies":[{"name":"wp","href":"https:\/\/api.w.org\/{rel}","templated":true}]}}