{"id":20148,"date":"2021-11-12T11:45:29","date_gmt":"2021-11-12T10:45:29","guid":{"rendered":"http:\/\/smwroclaw.pl\/?p=20148"},"modified":"2021-11-12T20:07:30","modified_gmt":"2021-11-12T19:07:30","slug":"20148","status":"publish","type":"post","link":"https:\/\/smwroclaw.pl\/?p=20148","title":{"rendered":"NARODOWE \u015aWI\u0118TO NIEPODLEG\u0141O\u015aCI, PUBLICZNE PRZEDSZKOLE KROPELKA"},"content":{"rendered":"<p style=\"text-align: justify;\"><span class=\"tojvnm2t a6sixzi8 abs2jz4q a8s20v7p t1p8iaqh k5wvi7nf q3lfd5jv pk4s997a bipmatt0 cebpdrjk qowsmv63 owwhemhu dp1hu0rb dhp61c6y iyyx5f41\"><span style=\"font-family: georgia, palatino, serif; font-size: 16px;\"><strong>&#8222;Jeszcze Polska nie zgin\u0119\u0142a, kiedy MY \u017cyjemy&#8230;&#8221;<\/strong> &#8211; tak wczoraj<strong> rozbrzmiewa\u0142y s\u0142owa<\/strong> hymnu narodowego <strong>w Publicznym Przedszkolu Kropelka.<\/strong> W przepi\u0119knych bia\u0142o \u2013 czerwonych strojach, piel\u0119gnuj\u0105c tradycj\u0119, przedszkolaki obchodzi\u0142y \u015awi\u0119to Niepodleg\u0142o\u015bci. <\/span><\/span><\/p>\n<p><!--more--><\/p>\n<p style=\"text-align: justify;\"><span class=\"tojvnm2t a6sixzi8 abs2jz4q a8s20v7p t1p8iaqh k5wvi7nf q3lfd5jv pk4s997a bipmatt0 cebpdrjk qowsmv63 owwhemhu dp1hu0rb dhp61c6y iyyx5f41\"><span style=\"font-family: georgia, palatino, serif; font-size: 16px;\"><strong>G\u0142\u00f3wnym celem uroczysto\u015bci by\u0142o<\/strong> kszta\u0142towanie w\u0142a\u015bciwych postaw patriotycznych <strong>mi\u0142o\u015bci, przywi\u0105zania do kraju ojczystego,<\/strong> jego <strong>kultury, tradycji oraz symboli narodowych.<\/strong> W tym jak\u017ce wa\u017cnym wydarzeniu uczestniczyli nasi funkcjonariusze, kt\u00f3rych obecno\u015b\u0107 wzbudzi\u0142a wiele u\u015bmiechu na buziach dzieci. Najm\u0142odsi otrzymali r\u00f3wnie\u017c nagrody i dyplomy za udzia\u0142 w konkursie. <strong>Dzi\u0119kujemy za chwile wzruszenia,<\/strong> kt\u00f3re na d\u0142ugo pozostan\u0105 w naszej pami\u0119ci !<\/span><\/span><\/p>\n<p>&nbsp;<\/p>\n\n<p>&nbsp;<\/p>\n<p><span style=\"font-size: 16px; font-family: georgia, palatino, serif;\">KB<\/span><\/p>\n","protected":false},"excerpt":{"rendered":"<p>&#8222;Jeszcze Polska nie zgin\u0119\u0142a, kiedy MY \u017cyjemy&#8230;&#8221; &#8211; tak wczoraj rozbrzmiewa\u0142y s\u0142owa hymnu narodowego w Publicznym Przedszkolu Kropelka. W przepi\u0119knych bia\u0142o \u2013 czerwonych strojach, piel\u0119gnuj\u0105c tradycj\u0119, przedszkolaki obchodzi\u0142y \u015awi\u0119to Niepodleg\u0142o\u015bci.<\/p>\n","protected":false},"author":12,"featured_media":20162,"comment_status":"closed","ping_status":"closed","sticky":false,"template":"","format":"standard","meta":{"footnotes":""},"categories":[16],"tags":[],"class_list":["post-20148","post","type-post","status-publish","format-standard","has-post-thumbnail","hentry","category-aktual"],"_links":{"self":[{"href":"https:\/\/smwroclaw.pl\/index.php?rest_route=\/wp\/v2\/posts\/20148","targetHints":{"allow":["GET"]}}],"collection":[{"href":"https:\/\/smwroclaw.pl\/index.php?rest_route=\/wp\/v2\/posts"}],"about":[{"href":"https:\/\/smwroclaw.pl\/index.php?rest_route=\/wp\/v2\/types\/post"}],"author":[{"embeddable":true,"href":"https:\/\/smwroclaw.pl\/index.php?rest_route=\/wp\/v2\/users\/12"}],"replies":[{"embeddable":true,"href":"https:\/\/smwroclaw.pl\/index.php?rest_route=%2Fwp%2Fv2%2Fcomments&post=20148"}],"version-history":[{"count":4,"href":"https:\/\/smwroclaw.pl\/index.php?rest_route=\/wp\/v2\/posts\/20148\/revisions"}],"predecessor-version":[{"id":20166,"href":"https:\/\/smwroclaw.pl\/index.php?rest_route=\/wp\/v2\/posts\/20148\/revisions\/20166"}],"wp:featuredmedia":[{"embeddable":true,"href":"https:\/\/smwroclaw.pl\/index.php?rest_route=\/wp\/v2\/media\/20162"}],"wp:attachment":[{"href":"https:\/\/smwroclaw.pl\/index.php?rest_route=%2Fwp%2Fv2%2Fmedia&parent=20148"}],"wp:term":[{"taxonomy":"category","embeddable":true,"href":"https:\/\/smwroclaw.pl\/index.php?rest_route=%2Fwp%2Fv2%2Fcategories&post=20148"},{"taxonomy":"post_tag","embeddable":true,"href":"https:\/\/smwroclaw.pl\/index.php?rest_route=%2Fwp%2Fv2%2Ftags&post=20148"}],"curies":[{"name":"wp","href":"https:\/\/api.w.org\/{rel}","templated":true}]}}