{"id":20617,"date":"2021-11-26T15:00:56","date_gmt":"2021-11-26T14:00:56","guid":{"rendered":"http:\/\/smwroclaw.pl\/?p=20617"},"modified":"2021-12-06T20:18:43","modified_gmt":"2021-12-06T19:18:43","slug":"wspieramy-akcje-paczka-dla-lwowiaka","status":"publish","type":"post","link":"https:\/\/smwroclaw.pl\/?p=20617","title":{"rendered":"WSPIERAMY AKCJ\u0118 \u201ePACZKA DLA LWOWIAKA\u201d"},"content":{"rendered":"<p style=\"text-align: justify;\"><span style=\"font-family: georgia, palatino, serif; font-size: 16px;\"><strong>\u201ePaczka dla Lwowiaka\u201d<\/strong> to akcja w czasie kt\u00f3rej zbierane s\u0105 najpotrzebniejsze artyku\u0142y dla os\u00f3b z okolic Lwowa, b\u0119d\u0105cych w trudnej sytuacji materialnej. Rodzin z dzie\u0107mi, senior\u00f3w, wychowank\u00f3w dom\u00f3w dziecka czy pacjent\u00f3w hospicjum.<\/span><br \/>\n<span style=\"font-family: georgia, palatino, serif; font-size: 16px;\">Dary rzeczowe przyjmowane s\u0105 w <strong>Centrum Historii Zajezdnia przy ul. Grabiszy\u0144skiej 184 do 2 grudnia<\/strong>. Je\u017celi nie mo\u017cna dostarczy\u0107 ich osobi\u015bcie, funkcjonariusze Stra\u017cy Miejskiej ch\u0119tnie pomog\u0105. Wystarczy zg\u0142oszenie u stra\u017cnika dy\u017curuj\u0105cego pod nr tel. <strong>71 370 02 53<\/strong>. Informacje b\u0119d\u0105 przyjmowane w dniach <strong>26, 29 i 30 listopada oraz 1 i 2 grudnia (w godz. 8.00-18.00)<\/strong>. Po paczk\u0119 przyjedzie patrol Stra\u017cy Miejskiej i przewiezie j\u0105 w miejsce zbi\u00f3rki.<\/span><!--more--><\/p>\n<p style=\"text-align: justify;\"><span style=\"font-family: georgia, palatino, serif; font-size: 16px;\">Partnerami akcji \u201ePaczka dla Lwowiaka s\u0105 poza Dortmundzko-Wroc\u0142awsko-Lwowsk\u0105 Fundacj\u0105 im. \u015aw. Jadwigi &#8211; Metropolitalne Wy\u017csze Seminarium Duchowne we Wroc\u0142awiu, Stra\u017c Miejska bior\u0105ca czynny udzia\u0142 w gromadzeniu dar\u00f3w, Wroc\u0142awskie Centrum Rozwoju Spo\u0142ecznego, Miejskie Przedsi\u0119biorstwo Komunikacyjne, Region Dolny \u015al\u0105sk NSZZ \u201eSolidarno\u015b\u0107\u201d, Centrum Historii Zajezdnia, Urz\u0105d Miejski Wroc\u0142awia oraz 1 KS \u015al\u0119za Wroc\u0142aw.<\/span><br \/>\n<span style=\"font-family: georgia, palatino, serif; font-size: 16px;\">Prezydent Wroc\u0142awia Jacek Sutryk obj\u0105\u0142 wydarzenie honorowym patronatem.<\/span><\/p>\n\n\t\t<style type=\"text\/css\">\n\t\t\t#gallery-1 {\n\t\t\t\tmargin: auto;\n\t\t\t}\n\t\t\t#gallery-1 .gallery-item {\n\t\t\t\tfloat: left;\n\t\t\t\tmargin-top: 10px;\n\t\t\t\ttext-align: center;\n\t\t\t\twidth: 33%;\n\t\t\t}\n\t\t\t#gallery-1 img {\n\t\t\t\tborder: 2px solid #cfcfcf;\n\t\t\t}\n\t\t\t#gallery-1 .gallery-caption {\n\t\t\t\tmargin-left: 0;\n\t\t\t}\n\t\t\t\/* see gallery_shortcode() in wp-includes\/media.php *\/\n\t\t<\/style>\n\t\t<div id='gallery-1' class='gallery galleryid-20617 gallery-columns-3 gallery-size-thumbnail'><dl class='gallery-item'>\n\t\t\t<dt class='gallery-icon portrait'>\n\t\t\t\t<a href='https:\/\/smwroclaw.pl\/?attachment_id=20622'><img fetchpriority=\"high\" decoding=\"async\" width=\"360\" height=\"260\" src=\"https:\/\/smwroclaw.pl\/wp-content\/uploads\/2021\/11\/5-15-360x260.jpg\" class=\"attachment-thumbnail size-thumbnail\" alt=\"\" \/><\/a>\n\t\t\t<\/dt><\/dl><dl class='gallery-item'>\n\t\t\t<dt class='gallery-icon portrait'>\n\t\t\t\t<a href='https:\/\/smwroclaw.pl\/?attachment_id=20618'><img decoding=\"async\" width=\"360\" height=\"260\" src=\"https:\/\/smwroclaw.pl\/wp-content\/uploads\/2021\/11\/2-21-360x260.jpg\" class=\"attachment-thumbnail size-thumbnail\" alt=\"\" \/><\/a>\n\t\t\t<\/dt><\/dl><dl class='gallery-item'>\n\t\t\t<dt class='gallery-icon landscape'>\n\t\t\t\t<a href='https:\/\/smwroclaw.pl\/?attachment_id=20619'><img decoding=\"async\" width=\"360\" height=\"260\" src=\"https:\/\/smwroclaw.pl\/wp-content\/uploads\/2021\/11\/3-20-360x260.jpg\" class=\"attachment-thumbnail size-thumbnail\" alt=\"\" \/><\/a>\n\t\t\t<\/dt><\/dl><br style=\"clear: both\" \/><dl class='gallery-item'>\n\t\t\t<dt class='gallery-icon landscape'>\n\t\t\t\t<a href='https:\/\/smwroclaw.pl\/?attachment_id=20624'><img loading=\"lazy\" decoding=\"async\" width=\"360\" height=\"260\" src=\"https:\/\/smwroclaw.pl\/wp-content\/uploads\/2021\/11\/6-14-360x260.jpg\" class=\"attachment-thumbnail size-thumbnail\" alt=\"\" \/><\/a>\n\t\t\t<\/dt><\/dl><dl class='gallery-item'>\n\t\t\t<dt class='gallery-icon landscape'>\n\t\t\t\t<a href='https:\/\/smwroclaw.pl\/?attachment_id=20620'><img loading=\"lazy\" decoding=\"async\" width=\"360\" height=\"260\" src=\"https:\/\/smwroclaw.pl\/wp-content\/uploads\/2021\/11\/4-15-360x260.jpg\" class=\"attachment-thumbnail size-thumbnail\" alt=\"\" \/><\/a>\n\t\t\t<\/dt><\/dl>\n\t\t\t<br style='clear: both' \/>\n\t\t<\/div>\n\n<p>BD<\/p>\n<p>&nbsp;<\/p>\n","protected":false},"excerpt":{"rendered":"<p>\u201ePaczka dla Lwowiaka\u201d to akcja w czasie kt\u00f3rej zbierane s\u0105 najpotrzebniejsze artyku\u0142y dla os\u00f3b z okolic Lwowa, b\u0119d\u0105cych w trudnej sytuacji materialnej. Rodzin z dzie\u0107mi, senior\u00f3w, wychowank\u00f3w dom\u00f3w dziecka czy pacjent\u00f3w hospicjum. Dary rzeczowe przyjmowane s\u0105 w Centrum Historii Zajezdnia przy ul. Grabiszy\u0144skiej 184 do 2 grudnia. Je\u017celi nie mo\u017cna dostarczy\u0107 ich osobi\u015bcie, funkcjonariusze Stra\u017cy [&hellip;]<\/p>\n","protected":false},"author":7,"featured_media":20841,"comment_status":"closed","ping_status":"closed","sticky":false,"template":"","format":"standard","meta":{"footnotes":""},"categories":[16],"tags":[],"class_list":["post-20617","post","type-post","status-publish","format-standard","has-post-thumbnail","hentry","category-aktual"],"_links":{"self":[{"href":"https:\/\/smwroclaw.pl\/index.php?rest_route=\/wp\/v2\/posts\/20617","targetHints":{"allow":["GET"]}}],"collection":[{"href":"https:\/\/smwroclaw.pl\/index.php?rest_route=\/wp\/v2\/posts"}],"about":[{"href":"https:\/\/smwroclaw.pl\/index.php?rest_route=\/wp\/v2\/types\/post"}],"author":[{"embeddable":true,"href":"https:\/\/smwroclaw.pl\/index.php?rest_route=\/wp\/v2\/users\/7"}],"replies":[{"embeddable":true,"href":"https:\/\/smwroclaw.pl\/index.php?rest_route=%2Fwp%2Fv2%2Fcomments&post=20617"}],"version-history":[{"count":3,"href":"https:\/\/smwroclaw.pl\/index.php?rest_route=\/wp\/v2\/posts\/20617\/revisions"}],"predecessor-version":[{"id":20626,"href":"https:\/\/smwroclaw.pl\/index.php?rest_route=\/wp\/v2\/posts\/20617\/revisions\/20626"}],"wp:featuredmedia":[{"embeddable":true,"href":"https:\/\/smwroclaw.pl\/index.php?rest_route=\/wp\/v2\/media\/20841"}],"wp:attachment":[{"href":"https:\/\/smwroclaw.pl\/index.php?rest_route=%2Fwp%2Fv2%2Fmedia&parent=20617"}],"wp:term":[{"taxonomy":"category","embeddable":true,"href":"https:\/\/smwroclaw.pl\/index.php?rest_route=%2Fwp%2Fv2%2Fcategories&post=20617"},{"taxonomy":"post_tag","embeddable":true,"href":"https:\/\/smwroclaw.pl\/index.php?rest_route=%2Fwp%2Fv2%2Ftags&post=20617"}],"curies":[{"name":"wp","href":"https:\/\/api.w.org\/{rel}","templated":true}]}}