{"id":21119,"date":"2021-12-13T12:01:42","date_gmt":"2021-12-13T11:01:42","guid":{"rendered":"http:\/\/smwroclaw.pl\/?p=21119"},"modified":"2021-12-13T12:01:42","modified_gmt":"2021-12-13T11:01:42","slug":"patrol-interwencyjny-w-dzialaniu-szczesliwy-final-poszukiwan-dziecka","status":"publish","type":"post","link":"https:\/\/smwroclaw.pl\/?p=21119","title":{"rendered":"PATROL INTERWENCYJNY W DZIA\u0141ANIU \u2013 szcz\u0119\u015bliwy fina\u0142 poszukiwa\u0144 dziecka"},"content":{"rendered":"<p style=\"text-align: justify;\"><span style=\"font-family: georgia, palatino, serif; font-size: 16px;\">Jarmark Bo\u017conarodzeniowy na wroc\u0142awskim Rynku, to w okresie przed\u015bwi\u0105tecznym bardzo ucz\u0119szczane przez mieszka\u0144c\u00f3w i turyst\u00f3w miejsce. W wolny weekend szczeg\u00f3lnie du\u017co os\u00f3b tu zagl\u0105da, \u017ceby poczu\u0107 atmosfer\u0119 Bo\u017cego Narodzenia, obejrze\u0107 choink\u0119, skorzysta\u0107 z atrakcji oferowanych przez wystawc\u00f3w na stoiskach. W t\u0142umie bardzo \u0142atwo si\u0119 zgubi\u0107.<\/span><br \/>\n<span style=\"font-family: georgia, palatino, serif; font-size: 16px;\">12 grudnia oko\u0142o godz. 14:45 do stra\u017cnik\u00f3w z Oddzia\u0142u Patrolowo &#8211; Interwencyjnego podesz\u0142a zdenerwowana kobieta i poprosi\u0142a o pomoc. Na terenie Jarmarku Bo\u017conarodzeniowego straci\u0142a z oczu swojego 15 letniego, chorego syna. Nasi funkcjonariusze razem z mam\u0105 i bratem zaginionego ch\u0142opca udali si\u0119 na posterunek Stra\u017cy Miejskiej, mieszcz\u0105cy si\u0119 przy ul. Sukiennice 12, \u017ceby dzi\u0119ki monitoringowi ustali\u0107 ostatnie miejsce pobytu zagubionego, m\u0142odego cz\u0142owieka. Rozpytano jak wygl\u0105da\u0142 i w co by\u0142 ubrany. O poszukiwaniach poinformowano niezw\u0142ocznie dy\u017curnego Policji, tak\u017ce o tym, \u017ce matka dziecka znajduje si\u0119 na posterunku Stra\u017cy Miejskiej.<\/span><!--more--><\/p>\n<p style=\"text-align: justify;\">\n<span style=\"font-family: georgia, palatino, serif; font-size: 16px;\">Ustalono w kt\u00f3rym miejscu rodzina rozdzieli\u0142a si\u0119 i kt\u00f3r\u0119dy przemieszcza\u0142 si\u0119 ch\u0142opiec.<\/span><br \/>\n<span style=\"font-family: georgia, palatino, serif; font-size: 16px;\">Kobieta razem z operatorem monitoringu pr\u00f3bowa\u0142a z zapisu kamer, w trybie rzeczywistym odnale\u017a\u0107 syna, a funkcjonariusze udali si\u0119 na jarmark i w okolice Rynku na poszukiwania ch\u0142opca. O godzinie 15:05 przy sklepie \u201eKruk\u201d zauwa\u017cono zagubione dziecko. Potwierdzono na podstawie wizerunku, \u017ce jest to szukana osoba i ju\u017c wsp\u00f3lnie, stra\u017cnicy razem z ch\u0142opakiem, udali si\u0119 do oczekuj\u0105cej mamy, kt\u00f3ra nie kry\u0142a rado\u015bci ze szcz\u0119\u015bliwego fina\u0142u poszukiwa\u0144. Podzi\u0119kowa\u0142a wszystkim zaanga\u017cowanym w akcj\u0119 funkcjonariuszom.<\/span><br \/>\n<span style=\"font-family: georgia, palatino, serif; font-size: 16px;\">Nie mo\u017cna pomin\u0105\u0107 faktu, \u017ce ch\u0142opiec zachowa\u0142 si\u0119 idealnie, nie kr\u0105\u017cy\u0142 po okolicy, tylko czeka\u0142 w miejscu gdzie straci\u0142 z oczu rodzin\u0119. Gratulacje za prawid\u0142owe zachowanie.<\/span><\/p>\n\n\t\t<style type=\"text\/css\">\n\t\t\t#gallery-1 {\n\t\t\t\tmargin: auto;\n\t\t\t}\n\t\t\t#gallery-1 .gallery-item {\n\t\t\t\tfloat: left;\n\t\t\t\tmargin-top: 10px;\n\t\t\t\ttext-align: center;\n\t\t\t\twidth: 33%;\n\t\t\t}\n\t\t\t#gallery-1 img {\n\t\t\t\tborder: 2px solid #cfcfcf;\n\t\t\t}\n\t\t\t#gallery-1 .gallery-caption {\n\t\t\t\tmargin-left: 0;\n\t\t\t}\n\t\t\t\/* see gallery_shortcode() in wp-includes\/media.php *\/\n\t\t<\/style>\n\t\t<div id='gallery-1' class='gallery galleryid-21119 gallery-columns-3 gallery-size-thumbnail'><dl class='gallery-item'>\n\t\t\t<dt class='gallery-icon landscape'>\n\t\t\t\t<a href='https:\/\/smwroclaw.pl\/?attachment_id=21121'><img fetchpriority=\"high\" decoding=\"async\" width=\"360\" height=\"260\" src=\"https:\/\/smwroclaw.pl\/wp-content\/uploads\/2021\/12\/IMG_20211212_150740-360x260.jpg\" class=\"attachment-thumbnail size-thumbnail\" alt=\"\" \/><\/a>\n\t\t\t<\/dt><\/dl><dl class='gallery-item'>\n\t\t\t<dt class='gallery-icon landscape'>\n\t\t\t\t<a href='https:\/\/smwroclaw.pl\/?attachment_id=21123'><img decoding=\"async\" width=\"360\" height=\"260\" src=\"https:\/\/smwroclaw.pl\/wp-content\/uploads\/2021\/12\/IMG_20211212_183704-360x260.jpg\" class=\"attachment-thumbnail size-thumbnail\" alt=\"\" \/><\/a>\n\t\t\t<\/dt><\/dl>\n\t\t\t<br style='clear: both' \/>\n\t\t<\/div>\n\n<p>BD<\/p>\n","protected":false},"excerpt":{"rendered":"<p>Jarmark Bo\u017conarodzeniowy na wroc\u0142awskim Rynku, to w okresie przed\u015bwi\u0105tecznym bardzo ucz\u0119szczane przez mieszka\u0144c\u00f3w i turyst\u00f3w miejsce. W wolny weekend szczeg\u00f3lnie du\u017co os\u00f3b tu zagl\u0105da, \u017ceby poczu\u0107 atmosfer\u0119 Bo\u017cego Narodzenia, obejrze\u0107 choink\u0119, skorzysta\u0107 z atrakcji oferowanych przez wystawc\u00f3w na stoiskach. W t\u0142umie bardzo \u0142atwo si\u0119 zgubi\u0107. 12 grudnia oko\u0142o godz. 14:45 do stra\u017cnik\u00f3w z Oddzia\u0142u Patrolowo [&hellip;]<\/p>\n","protected":false},"author":7,"featured_media":21124,"comment_status":"closed","ping_status":"closed","sticky":false,"template":"","format":"standard","meta":{"footnotes":""},"categories":[16],"tags":[],"class_list":["post-21119","post","type-post","status-publish","format-standard","has-post-thumbnail","hentry","category-aktual"],"_links":{"self":[{"href":"https:\/\/smwroclaw.pl\/index.php?rest_route=\/wp\/v2\/posts\/21119","targetHints":{"allow":["GET"]}}],"collection":[{"href":"https:\/\/smwroclaw.pl\/index.php?rest_route=\/wp\/v2\/posts"}],"about":[{"href":"https:\/\/smwroclaw.pl\/index.php?rest_route=\/wp\/v2\/types\/post"}],"author":[{"embeddable":true,"href":"https:\/\/smwroclaw.pl\/index.php?rest_route=\/wp\/v2\/users\/7"}],"replies":[{"embeddable":true,"href":"https:\/\/smwroclaw.pl\/index.php?rest_route=%2Fwp%2Fv2%2Fcomments&post=21119"}],"version-history":[{"count":1,"href":"https:\/\/smwroclaw.pl\/index.php?rest_route=\/wp\/v2\/posts\/21119\/revisions"}],"predecessor-version":[{"id":21125,"href":"https:\/\/smwroclaw.pl\/index.php?rest_route=\/wp\/v2\/posts\/21119\/revisions\/21125"}],"wp:featuredmedia":[{"embeddable":true,"href":"https:\/\/smwroclaw.pl\/index.php?rest_route=\/wp\/v2\/media\/21124"}],"wp:attachment":[{"href":"https:\/\/smwroclaw.pl\/index.php?rest_route=%2Fwp%2Fv2%2Fmedia&parent=21119"}],"wp:term":[{"taxonomy":"category","embeddable":true,"href":"https:\/\/smwroclaw.pl\/index.php?rest_route=%2Fwp%2Fv2%2Fcategories&post=21119"},{"taxonomy":"post_tag","embeddable":true,"href":"https:\/\/smwroclaw.pl\/index.php?rest_route=%2Fwp%2Fv2%2Ftags&post=21119"}],"curies":[{"name":"wp","href":"https:\/\/api.w.org\/{rel}","templated":true}]}}