{"id":21304,"date":"2021-12-20T16:50:37","date_gmt":"2021-12-20T15:50:37","guid":{"rendered":"http:\/\/smwroclaw.pl\/?p=21304"},"modified":"2022-02-09T12:47:39","modified_gmt":"2022-02-09T11:47:39","slug":"konkurs-badz-widoczny-nos-odblaski-rozstrzygniety","status":"publish","type":"post","link":"https:\/\/smwroclaw.pl\/?p=21304","title":{"rendered":"KONKURS &#8222;B\u0104D\u0179 WIDOCZNY &#8211; NO\u015a ODBLASKI&#8221; &#8211; ROZSTRZYGNI\u0118TY!"},"content":{"rendered":"<p style=\"text-align: justify;\" align=\"LEFT\"><span style=\"font-size: 16px; font-family: georgia, palatino, serif;\"><strong>Konkurs &#8222;B\u0105d\u017a widoczny \u2013 no\u015b odblaski&#8221; dobieg\u0142 ko\u0144ca.<\/strong> Spo\u015br\u00f3d nades\u0142anych prac Komisja Konkursowa Stra\u017cy Miejskiej Wroc\u0142awia wy\u0142oni\u0142a najlepsze prace. Nie by\u0142o to \u0142atwe zadanie, poniewa\u017c<strong> poziom by\u0142 naprawd\u0119 wysoki.<\/strong><\/span><\/p>\n<p style=\"text-align: justify;\" align=\"LEFT\"><span style=\"font-size: 16px; font-family: georgia, palatino, serif;\"><!--more--><\/span><\/p>\n<p style=\"text-align: justify;\" align=\"LEFT\"><span style=\"font-size: 16px; font-family: georgia, palatino, serif;\"><strong>Celem konkursu by\u0142o kszta\u0142towanie bezpiecznych postaw i zachowa\u0144 w ruchu drogowym w charakterze pieszego oraz przeciwdzia\u0142anie zagro\u017ceniom komunikacyjnym.<\/strong> Dzia\u0142ania te maj\u0105 na celu popraw\u0119 bezpiecze\u0144stwa komunikacyjnego uczni\u00f3w poprzez zapoznanie z podstawowymi zasadami ruchu drogowego oraz wypracowanie nawyku noszenia odblask\u00f3w celem zwi\u0119kszenia widoczno\u015bci na drodze. Jak si\u0119 okaza\u0142o, dzieci \u015bwietnie poradzi\u0142y sobie z tym zadaniem.<br \/>\nPo przejrzeniu i ocenie 39 nades\u0142anych prac Komisja Konkursowa przyzna\u0142a nagrody i wyr\u00f3\u017cnienia w nast\u0119puj\u0105cych kategoriach wiekowych:<\/span><\/p>\n<p style=\"text-align: justify;\"><span style=\"font-size: 16px; font-family: georgia, palatino, serif;\"><strong>KLASY I:<\/strong><\/span><br \/>\n<span style=\"font-size: 16px; font-family: georgia, palatino, serif;\"><strong>I miejsce<\/strong> \u2013 Szko\u0142a Podstawowa nr 50 we Wroc\u0142awiu<\/span><\/p>\n<p style=\"text-align: justify;\"><span style=\"font-size: 16px; font-family: georgia, palatino, serif;\"><img fetchpriority=\"high\" decoding=\"async\" class=\" wp-image-21306 aligncenter\" src=\"https:\/\/smwroclaw.pl\/wp-content\/uploads\/2021\/12\/20211122_110157-300x202.jpg\" alt=\"\" width=\"367\" height=\"247\" srcset=\"https:\/\/smwroclaw.pl\/wp-content\/uploads\/2021\/12\/20211122_110157-300x202.jpg 300w, https:\/\/smwroclaw.pl\/wp-content\/uploads\/2021\/12\/20211122_110157-768x516.jpg 768w, https:\/\/smwroclaw.pl\/wp-content\/uploads\/2021\/12\/20211122_110157.jpg 1200w\" sizes=\"(max-width: 367px) 100vw, 367px\" \/><\/span><br \/>\n<span style=\"font-size: 16px; font-family: georgia, palatino, serif;\"><strong>Wyr\u00f3\u017cnienie<\/strong> \u2013 Szko\u0142a Podstawowa nr 7 we Wroc\u0142awiu<\/span><\/p>\n<p style=\"text-align: justify;\"><span style=\"font-size: 16px; font-family: georgia, palatino, serif;\"><img decoding=\"async\" class=\" wp-image-21308 aligncenter\" src=\"https:\/\/smwroclaw.pl\/wp-content\/uploads\/2021\/12\/SP7-1A-9-225x300.jpg\" alt=\"\" width=\"263\" height=\"351\" srcset=\"https:\/\/smwroclaw.pl\/wp-content\/uploads\/2021\/12\/SP7-1A-9-225x300.jpg 225w, https:\/\/smwroclaw.pl\/wp-content\/uploads\/2021\/12\/SP7-1A-9-768x1024.jpg 768w, https:\/\/smwroclaw.pl\/wp-content\/uploads\/2021\/12\/SP7-1A-9-1152x1536.jpg 1152w, https:\/\/smwroclaw.pl\/wp-content\/uploads\/2021\/12\/SP7-1A-9.jpg 1500w\" sizes=\"(max-width: 263px) 100vw, 263px\" \/><\/span><\/p>\n<p style=\"text-align: justify;\"><span style=\"font-size: 16px; font-family: georgia, palatino, serif;\"><strong>Wyr\u00f3\u017cnienie<\/strong> \u2013 Szko\u0142a Podstawowa nr 9 we Wroc\u0142awiu<\/span><\/p>\n<p style=\"text-align: justify;\"><span style=\"font-size: 16px; font-family: georgia, palatino, serif;\"><img decoding=\"async\" class=\" wp-image-21309 aligncenter\" src=\"https:\/\/smwroclaw.pl\/wp-content\/uploads\/2021\/12\/SP9_1c_14-300x225.jpg\" alt=\"\" width=\"407\" height=\"305\" srcset=\"https:\/\/smwroclaw.pl\/wp-content\/uploads\/2021\/12\/SP9_1c_14-300x225.jpg 300w, https:\/\/smwroclaw.pl\/wp-content\/uploads\/2021\/12\/SP9_1c_14-768x576.jpg 768w, https:\/\/smwroclaw.pl\/wp-content\/uploads\/2021\/12\/SP9_1c_14.jpg 1280w\" sizes=\"(max-width: 407px) 100vw, 407px\" \/><\/span><\/p>\n<p style=\"text-align: justify;\"><span style=\"font-size: 16px; font-family: georgia, palatino, serif;\"><strong>Dodatkowe wyr\u00f3\u017cnienie<\/strong> \u2013 Szko\u0142a Podstawowa nr 37 we Wroc\u0142awiu<\/span><\/p>\n<p style=\"text-align: justify;\"><span style=\"font-size: 16px; font-family: georgia, palatino, serif;\"><img loading=\"lazy\" decoding=\"async\" class=\"wp-image-21307 aligncenter\" src=\"https:\/\/smwroclaw.pl\/wp-content\/uploads\/2021\/12\/20211123_193234-300x225.jpg\" alt=\"\" width=\"408\" height=\"306\" srcset=\"https:\/\/smwroclaw.pl\/wp-content\/uploads\/2021\/12\/20211123_193234-300x225.jpg 300w, https:\/\/smwroclaw.pl\/wp-content\/uploads\/2021\/12\/20211123_193234-768x576.jpg 768w, https:\/\/smwroclaw.pl\/wp-content\/uploads\/2021\/12\/20211123_193234-1536x1152.jpg 1536w, https:\/\/smwroclaw.pl\/wp-content\/uploads\/2021\/12\/20211123_193234-2048x1536.jpg 2048w\" sizes=\"(max-width: 408px) 100vw, 408px\" \/><\/span><\/p>\n<p style=\"text-align: justify;\"><span style=\"font-size: 16px; font-family: georgia, palatino, serif;\"><strong>KLASY II<\/strong><\/span><br \/>\n<span style=\"font-size: 16px; font-family: georgia, palatino, serif;\"><strong>I miejsce<\/strong> \u2013 Szko\u0142a Podstawowa nr 9 we Wroc\u0142awiu<\/span><\/p>\n<p style=\"text-align: justify;\"><span style=\"font-size: 16px; font-family: georgia, palatino, serif;\"><img loading=\"lazy\" decoding=\"async\" class=\" wp-image-21311 aligncenter\" src=\"https:\/\/smwroclaw.pl\/wp-content\/uploads\/2021\/12\/SP9_2a_20-300x225.jpg\" alt=\"\" width=\"392\" height=\"294\" srcset=\"https:\/\/smwroclaw.pl\/wp-content\/uploads\/2021\/12\/SP9_2a_20-300x225.jpg 300w, https:\/\/smwroclaw.pl\/wp-content\/uploads\/2021\/12\/SP9_2a_20-768x576.jpg 768w, https:\/\/smwroclaw.pl\/wp-content\/uploads\/2021\/12\/SP9_2a_20.jpg 1280w\" sizes=\"(max-width: 392px) 100vw, 392px\" \/><\/span><br \/>\n<span style=\"font-size: 16px; font-family: georgia, palatino, serif;\"><strong>Wyr\u00f3\u017cnienie<\/strong> \u2013 Szko\u0142a Podstawowa nr 40 we Wroc\u0142awiu<\/span><\/p>\n<p style=\"text-align: justify;\"><span style=\"font-size: 16px; font-family: georgia, palatino, serif;\"><img loading=\"lazy\" decoding=\"async\" class=\" wp-image-21312 aligncenter\" src=\"https:\/\/smwroclaw.pl\/wp-content\/uploads\/2021\/12\/SP40_2C_20_Adam-300x202.jpg\" alt=\"\" width=\"396\" height=\"266\" srcset=\"https:\/\/smwroclaw.pl\/wp-content\/uploads\/2021\/12\/SP40_2C_20_Adam-300x202.jpg 300w, https:\/\/smwroclaw.pl\/wp-content\/uploads\/2021\/12\/SP40_2C_20_Adam-768x517.jpg 768w, https:\/\/smwroclaw.pl\/wp-content\/uploads\/2021\/12\/SP40_2C_20_Adam-1536x1033.jpg 1536w, https:\/\/smwroclaw.pl\/wp-content\/uploads\/2021\/12\/SP40_2C_20_Adam-2048x1378.jpg 2048w\" sizes=\"(max-width: 396px) 100vw, 396px\" \/><\/span><br \/>\n<span style=\"font-size: 16px; font-family: georgia, palatino, serif;\"><strong>Wyr\u00f3\u017cnienie<\/strong> \u2013 Szko\u0142a Podstawowa nr 9 we Wroc\u0142awiu<\/span><\/p>\n<p style=\"text-align: justify;\"><span style=\"font-size: 16px; font-family: georgia, palatino, serif;\"><img loading=\"lazy\" decoding=\"async\" class=\" wp-image-21310 aligncenter\" src=\"https:\/\/smwroclaw.pl\/wp-content\/uploads\/2021\/12\/SP9_2a_06-300x225.jpg\" alt=\"\" width=\"395\" height=\"297\" srcset=\"https:\/\/smwroclaw.pl\/wp-content\/uploads\/2021\/12\/SP9_2a_06-300x225.jpg 300w, https:\/\/smwroclaw.pl\/wp-content\/uploads\/2021\/12\/SP9_2a_06-768x576.jpg 768w, https:\/\/smwroclaw.pl\/wp-content\/uploads\/2021\/12\/SP9_2a_06.jpg 1280w\" sizes=\"(max-width: 395px) 100vw, 395px\" \/><\/span><\/p>\n<p style=\"text-align: justify;\"><span style=\"font-size: 16px; font-family: georgia, palatino, serif;\"><strong>Dodatkowe wyr\u00f3\u017cnienie<\/strong> \u2013 Szko\u0142a Podstawowa nr 40 we Wroc\u0142awiu<\/span><\/p>\n<p style=\"text-align: justify;\"><span style=\"font-size: 16px; font-family: georgia, palatino, serif;\"><img loading=\"lazy\" decoding=\"async\" class=\" wp-image-21313 aligncenter\" src=\"https:\/\/smwroclaw.pl\/wp-content\/uploads\/2021\/12\/SP40_2C_20_Bartosz-300x215.jpg\" alt=\"\" width=\"375\" height=\"269\" srcset=\"https:\/\/smwroclaw.pl\/wp-content\/uploads\/2021\/12\/SP40_2C_20_Bartosz-300x215.jpg 300w, https:\/\/smwroclaw.pl\/wp-content\/uploads\/2021\/12\/SP40_2C_20_Bartosz-768x549.jpg 768w, https:\/\/smwroclaw.pl\/wp-content\/uploads\/2021\/12\/SP40_2C_20_Bartosz-1536x1099.jpg 1536w, https:\/\/smwroclaw.pl\/wp-content\/uploads\/2021\/12\/SP40_2C_20_Bartosz-2048x1465.jpg 2048w\" sizes=\"(max-width: 375px) 100vw, 375px\" \/><\/span><\/p>\n<p style=\"text-align: justify;\"><span style=\"font-size: 16px; font-family: georgia, palatino, serif;\"><strong>KLASY III<\/strong><\/span><br \/>\n<span style=\"font-size: 16px; font-family: georgia, palatino, serif;\"><strong>I miejsce<\/strong> \u2013 Szko\u0142a Podstawowa nr 72 we Wroc\u0142awiu<\/span><\/p>\n<p style=\"text-align: justify;\"><span style=\"font-size: 16px; font-family: georgia, palatino, serif;\"><img loading=\"lazy\" decoding=\"async\" class=\" wp-image-21315 aligncenter\" src=\"https:\/\/smwroclaw.pl\/wp-content\/uploads\/2021\/12\/Konkurs-o-odblaskach-z-SSP-72-we-Wroclawu-3as-nr-12-300x225.jpg\" alt=\"\" width=\"357\" height=\"268\" srcset=\"https:\/\/smwroclaw.pl\/wp-content\/uploads\/2021\/12\/Konkurs-o-odblaskach-z-SSP-72-we-Wroclawu-3as-nr-12-300x225.jpg 300w, https:\/\/smwroclaw.pl\/wp-content\/uploads\/2021\/12\/Konkurs-o-odblaskach-z-SSP-72-we-Wroclawu-3as-nr-12-768x576.jpg 768w, https:\/\/smwroclaw.pl\/wp-content\/uploads\/2021\/12\/Konkurs-o-odblaskach-z-SSP-72-we-Wroclawu-3as-nr-12-1536x1152.jpg 1536w, https:\/\/smwroclaw.pl\/wp-content\/uploads\/2021\/12\/Konkurs-o-odblaskach-z-SSP-72-we-Wroclawu-3as-nr-12-2048x1536.jpg 2048w\" sizes=\"(max-width: 357px) 100vw, 357px\" \/><\/span><\/p>\n<p style=\"text-align: justify;\"><span style=\"font-size: 16px; font-family: georgia, palatino, serif;\"><strong>Wyr\u00f3\u017cnienie<\/strong> \u2013 Szko\u0142a Podstawowa nr 9 we Wroc\u0142awiu<\/span><\/p>\n<p style=\"text-align: justify;\"><span style=\"font-size: 16px; font-family: georgia, palatino, serif;\"><img loading=\"lazy\" decoding=\"async\" class=\" wp-image-21316 aligncenter\" src=\"https:\/\/smwroclaw.pl\/wp-content\/uploads\/2021\/12\/SP9_3a_09-300x225.jpg\" alt=\"\" width=\"355\" height=\"266\" srcset=\"https:\/\/smwroclaw.pl\/wp-content\/uploads\/2021\/12\/SP9_3a_09-300x225.jpg 300w, https:\/\/smwroclaw.pl\/wp-content\/uploads\/2021\/12\/SP9_3a_09-768x576.jpg 768w, https:\/\/smwroclaw.pl\/wp-content\/uploads\/2021\/12\/SP9_3a_09.jpg 1280w\" sizes=\"(max-width: 355px) 100vw, 355px\" \/><\/span><\/p>\n<p style=\"text-align: justify;\"><span style=\"font-size: 16px; font-family: georgia, palatino, serif;\"><strong>Wyr\u00f3\u017cnienie<\/strong> \u2013 Szko\u0142a Podstawowa nr 9 we Wroc\u0142awiu<\/span><\/p>\n<p style=\"text-align: justify;\"><span style=\"font-size: 16px; font-family: georgia, palatino, serif;\"><img loading=\"lazy\" decoding=\"async\" class=\" wp-image-21317 aligncenter\" src=\"https:\/\/smwroclaw.pl\/wp-content\/uploads\/2021\/12\/SP9_3a_24-300x225.jpg\" alt=\"\" width=\"363\" height=\"272\" srcset=\"https:\/\/smwroclaw.pl\/wp-content\/uploads\/2021\/12\/SP9_3a_24-300x225.jpg 300w, https:\/\/smwroclaw.pl\/wp-content\/uploads\/2021\/12\/SP9_3a_24-768x576.jpg 768w, https:\/\/smwroclaw.pl\/wp-content\/uploads\/2021\/12\/SP9_3a_24.jpg 1280w\" sizes=\"(max-width: 363px) 100vw, 363px\" \/><\/span><\/p>\n<p style=\"text-align: justify;\"><span style=\"font-size: 16px; font-family: georgia, palatino, serif;\"><strong>Dodatkowe wyr\u00f3\u017cnienie<\/strong> \u2013 Szko\u0142a Podstawowa nr 53 we Wroc\u0142awiu.<\/span><\/p>\n<p style=\"text-align: justify;\"><span style=\"font-size: 16px; font-family: georgia, palatino, serif;\"><img loading=\"lazy\" decoding=\"async\" class=\" wp-image-21314 aligncenter\" src=\"https:\/\/smwroclaw.pl\/wp-content\/uploads\/2021\/12\/268363457_655259945522820_2657944019304556243_n-300x171.jpg\" alt=\"\" width=\"347\" height=\"198\" srcset=\"https:\/\/smwroclaw.pl\/wp-content\/uploads\/2021\/12\/268363457_655259945522820_2657944019304556243_n-300x171.jpg 300w, https:\/\/smwroclaw.pl\/wp-content\/uploads\/2021\/12\/268363457_655259945522820_2657944019304556243_n.jpg 758w\" sizes=\"(max-width: 347px) 100vw, 347px\" \/><\/span><\/p>\n<p style=\"text-align: center;\"><span style=\"font-size: 16px; font-family: georgia, palatino, serif;\"><strong>Dzi\u0119kujemy wszystkim dzieciom za udzia\u0142 w naszym konkursie!<\/strong><\/span><\/p>\n<p style=\"text-align: justify;\"><span style=\"font-size: 16px; font-family: georgia, palatino, serif;\">Ze wzgl\u0119du na obowi\u0105zuj\u0105ce obostrzenia epidemiczne, termin oraz miejsce wr\u0119czenia nagr\u00f3d zwyci\u0119zcom zostanie uzgodniony indywidualnie z przedstawicielami szk\u00f3\u0142.<\/span><br \/>\n<span style=\"font-size: 16px; font-family: georgia, palatino, serif;\">Z uwagi na brak nades\u0142anych prac z klas 0, Komisja Konkursowa przyzna\u0142a jedno dodatkowe wyr\u00f3\u017cnienie w ka\u017cdej kategorii klasowej. Jedna z nades\u0142anych prac nie spe\u0142nia\u0142a warunk\u00f3w regulaminowych.<\/span><\/p>\n<p style=\"text-align: justify;\"><span style=\"font-size: 16px; font-family: georgia, palatino, serif;\">Komisja Konkursowa w sk\u0142adzie:<\/span><br \/>\n<span style=\"font-size: 16px; font-family: georgia, palatino, serif;\">Piotr Ko\u015bcielny Komendant Stra\u017cy Miejskie Wroc\u0142awia;<\/span><br \/>\n<span style=\"font-size: 16px; font-family: georgia, palatino, serif;\">Agnieszka B\u0105k Kierownik Zespo\u0142u ds. Koordynacji Program\u00f3w Prewencyjnych;<\/span><br \/>\n<span style=\"font-size: 16px; font-family: georgia, palatino, serif;\">Krystyna Chmura Zesp\u00f3\u0142 ds. Koordynacji Program\u00f3w Prewencyjnych;<\/span><br \/>\n<span style=\"font-size: 16px; font-family: georgia, palatino, serif;\">Katarzyna Bandziak Zesp\u00f3\u0142 ds. Koordynacji Program\u00f3w Prewencyjnych.<\/span><\/p>\n<p>&nbsp;<\/p>\n<p><span style=\"font-family: georgia, palatino, serif; font-size: 16px;\">KB<\/span><\/p>\n<p style=\"text-align: justify;\" align=\"LEFT\">\n","protected":false},"excerpt":{"rendered":"<p>Konkurs &#8222;B\u0105d\u017a widoczny \u2013 no\u015b odblaski&#8221; dobieg\u0142 ko\u0144ca. Spo\u015br\u00f3d nades\u0142anych prac Komisja Konkursowa Stra\u017cy Miejskiej Wroc\u0142awia wy\u0142oni\u0142a najlepsze prace. Nie by\u0142o to \u0142atwe zadanie, poniewa\u017c poziom by\u0142 naprawd\u0119 wysoki.<\/p>\n","protected":false},"author":12,"featured_media":21318,"comment_status":"closed","ping_status":"closed","sticky":false,"template":"","format":"standard","meta":{"footnotes":""},"categories":[16],"tags":[],"class_list":["post-21304","post","type-post","status-publish","format-standard","has-post-thumbnail","hentry","category-aktual"],"_links":{"self":[{"href":"https:\/\/smwroclaw.pl\/index.php?rest_route=\/wp\/v2\/posts\/21304","targetHints":{"allow":["GET"]}}],"collection":[{"href":"https:\/\/smwroclaw.pl\/index.php?rest_route=\/wp\/v2\/posts"}],"about":[{"href":"https:\/\/smwroclaw.pl\/index.php?rest_route=\/wp\/v2\/types\/post"}],"author":[{"embeddable":true,"href":"https:\/\/smwroclaw.pl\/index.php?rest_route=\/wp\/v2\/users\/12"}],"replies":[{"embeddable":true,"href":"https:\/\/smwroclaw.pl\/index.php?rest_route=%2Fwp%2Fv2%2Fcomments&post=21304"}],"version-history":[{"count":7,"href":"https:\/\/smwroclaw.pl\/index.php?rest_route=\/wp\/v2\/posts\/21304\/revisions"}],"predecessor-version":[{"id":22150,"href":"https:\/\/smwroclaw.pl\/index.php?rest_route=\/wp\/v2\/posts\/21304\/revisions\/22150"}],"wp:featuredmedia":[{"embeddable":true,"href":"https:\/\/smwroclaw.pl\/index.php?rest_route=\/wp\/v2\/media\/21318"}],"wp:attachment":[{"href":"https:\/\/smwroclaw.pl\/index.php?rest_route=%2Fwp%2Fv2%2Fmedia&parent=21304"}],"wp:term":[{"taxonomy":"category","embeddable":true,"href":"https:\/\/smwroclaw.pl\/index.php?rest_route=%2Fwp%2Fv2%2Fcategories&post=21304"},{"taxonomy":"post_tag","embeddable":true,"href":"https:\/\/smwroclaw.pl\/index.php?rest_route=%2Fwp%2Fv2%2Ftags&post=21304"}],"curies":[{"name":"wp","href":"https:\/\/api.w.org\/{rel}","templated":true}]}}